{"id":25561,"date":"2023-05-03T16:25:42","date_gmt":"2023-05-03T13:25:42","guid":{"rendered":"http:\/\/akdenizolaygazetesi.com\/?p=25561"},"modified":"2023-05-03T16:26:18","modified_gmt":"2023-05-03T13:26:18","slug":"bakan-nureddin-nebati-mtosbyi-ziyaret-etti","status":"publish","type":"post","link":"https:\/\/akdenizolaygazetesi.com\/?p=25561","title":{"rendered":"Bakan Nureddin Nebati, MTOSB&#8217;yi ziyaret etti"},"content":{"rendered":"<div id=\"message-htmlpart1\" class=\"message-htmlpart\">\n<div class=\"rcmBody\">\n<div dir=\"ltr\">\n<p class=\"v1MsoNormal\">Hazine ve Maliye Bakan\u0131 Nureddin Nebati, Mersin Tarsus Organize Sanayi B\u00f6lgesi&#8217;ni ziyaret ederek Ba\u015fkan Sabri Tekli, MTOSB Y\u00f6netimi ve sanayiciler ile bir araya geldi.<\/p>\n<p class=\"v1MsoNormal\">\n<p class=\"v1MsoNormal\">\n<p class=\"v1MsoNormal\">MTOSB s\u0131n\u0131rlar\u0131 i\u00e7erisinde yer alan firmalar\u0131 ziyaret eden Hazine ve Maliye Bakan\u0131 Nureddin Nebati, Model Fabrika ve \u0130novasyon Merkezi&#8217;nde MTOSB Ba\u015fkan\u0131 Sabri Tekli ve sanayiciler ile bir araya gelerek MTOSB&#8217;nin i\u015fleyi\u015fi hakk\u0131nda bilgi ald\u0131. Sanayicilerin sorunlar\u0131n\u0131 da dinleyerek \u00e7\u00f6z\u00fcm \u00f6nerilerini sunan Bakan Nebati, \u00fclkenin kalk\u0131nmas\u0131 noktas\u0131nda sanayicilerin b\u00fcy\u00fck bir de\u011fere sahip oldu\u011funun alt\u0131n\u0131 \u00e7izdi.<\/p>\n<p class=\"v1MsoNormal\">\n<p class=\"v1MsoNormal\">\n<p class=\"v1MsoNormal\">Mersin&#8217;in her ge\u00e7en g\u00fcn b\u00fcy\u00fcd\u00fc\u011f\u00fcn\u00fc belirten Hazine ve Maliye Bakan\u0131 Nurettin Nebati, &#8220;Mersin \u00f6nemli \u00f6l\u00e7\u00fcde b\u00fcy\u00fcyen bir kentimiz. Firmalar ara eleman bulamamaktan \u015fikayet ediyor. Kentimizin i\u015fsizlik oran\u0131 y\u00fczde 7 g\u00f6r\u00fcn\u00fcyor fakat firmalar eleman bulmakta g\u00fc\u00e7l\u00fck \u00e7ekiyor. Demek ki i\u015fsizlik oran\u0131 \u00e7ok d\u00fc\u015f\u00fck. Mersin her ge\u00e7en g\u00fcn sanayi, turizm, tar\u0131m ve lojistik sekt\u00f6rlerinde y\u00fckseli\u015f g\u00f6steriyor. Yapaca\u011f\u0131m\u0131z yeni yat\u0131r\u0131mlar ile birlikte Mersin&#8217;i daha ileriye ta\u015f\u0131yaca\u011f\u0131m\u0131zdan kimsenin \u015f\u00fcphesi olmas\u0131n&#8221; dedi.<\/p>\n<p class=\"v1MsoNormal\">\n<p class=\"v1MsoNormal\">MTOSB&#8217;nin yapt\u0131\u011f\u0131 faaliyetler ve projeleri ile ilgili Bakan Nebati&#8217;ye bilgiler veren MTOSB Ba\u015fkan\u0131 Sabri Tekli, &#8220;Mersin Tarsus Organize Sanayi B\u00f6lgemiz sanayicisiyle, yat\u0131r\u0131mlar\u0131yla, projeleriyle ad\u0131ndan s\u00f6z ettirmeyi ba\u015faran g\u00fcc\u00fcne g\u00fc\u00e7 katan bir b\u00f6lge konumundad\u0131r. E\u011fiten ve \u00fcreten mottomuzdan \u00f6d\u00fcn vermeden yolumuza emin ad\u0131mlarla devam ediyoruz. \u00d6zel \u015ei\u015fecam Mesleki ve Teknik Anadolu Lisemiz bug\u00fcne kadar bin 383 \u00f6\u011frenciyi mezun ettik. Mezun olan \u00f6\u011frencilerimiz \u015fu anda \u00e7e\u015fitli fabrikalar\u0131m\u0131zda aranan eleman olarak g\u00f6rev yap\u0131yorlar. Mevcutta ise 811 \u00f6\u011frencimiz e\u011fitimlerine devam ediyor. Kre\u015f projemiz i\u00e7in ise ihalemizi yapt\u0131k. B\u00f6lgemizde \u00e7al\u0131\u015fan personellerimizin 36 ayl\u0131ktan b\u00fcy\u00fck \u00e7ocuklar\u0131n\u0131 kre\u015fimize alarak e\u011fitimlerine ba\u015flayaca\u011f\u0131z. E\u011fitim bizim i\u00e7in olmazsa olmazlar\u0131m\u0131z aras\u0131ndad\u0131r. Her bir \u00f6\u011frencimiz bizim i\u00e7in \u00e7ok de\u011ferlidir&#8217; dedi.<\/p>\n<p class=\"v1MsoNormal\">\n<p class=\"v1MsoNormal\">Ba\u015fkan Tekli, &#8216;Sanayicilerimiz ile birlikte y\u0131lda 1 kez yurtd\u0131\u015f\u0131 fuarlara kat\u0131l\u0131m sa\u011flayarak teknoloji ve yenili\u011fin takip\u00e7isi oluyoruz. Bu fuarlardan elde edilen bilgileri de fabrikalar\u0131m\u0131zda uygulayarak verimlili\u011fimizi \u00fcst seviyelere \u00e7\u0131kart\u0131yoruz. \u0130SO 1. ve 2. 500&#8217;de \u00f6nemli firmalar\u0131m\u0131z var. Sanayicilerimiz son d\u00f6nemlerde b\u00fcy\u00fck bir ivme yakalam\u0131\u015f durumda. Gerek \u00fcretim alan\u0131nda gerekse de Ar-Ge alanlar\u0131nda ata\u011fa kalkm\u0131\u015f durumdalar. Hepsi ile ayr\u0131 ayr\u0131 gurur duyuyoruz. Mersin i\u015f d\u00fcnyas\u0131 ve sanayicilerimiz sorumluluklar\u0131n her zaman bilincinde olmu\u015ftur. Vergi s\u0131ralamas\u0131nda \u015fuanda 5. s\u0131raday\u0131z. Devletimize ve milletimize sa\u011flad\u0131\u011f\u0131m\u0131z katk\u0131 da ayr\u0131ca bizleri mutlu ediyor.<\/p>\n<p class=\"v1MsoNormal\">\n<p class=\"v1MsoNormal\">Sanayicilerimizin \u00fcretimlerini ve kapasitelerini art\u0131rmalar\u0131 i\u00e7in, onlar\u0131n yoluna \u0131\u015f\u0131k tutabilmek i\u00e7in bizler de yo\u011fun bir tempo ile \u00e7al\u0131\u015f\u0131yoruz. Yeni a\u00e7\u0131lan Otoban ba\u011flant\u0131 yolumuzun 2. Etap \u00e7al\u0131\u015fmalar\u0131 i\u00e7in \u00f6nemli \u00f6l\u00e7\u00fcde deste\u011fe ihtiyac\u0131m\u0131z var. \u015euanda tek iste\u011fimiz Otoban ba\u011flant\u0131 yolunun 2. Etab\u0131n\u0131n da tamamlanarak sanayicilerimizin daha verimli bir \u015fekilde \u00e7al\u0131\u015fmas\u0131n\u0131 sa\u011flamakt\u0131r. Bunun d\u0131\u015f\u0131nda devletimizden hi\u00e7bir talebimiz yoktur. Sanayicilerimizin tek iste\u011fi yol sorununun ortadan kalkmas\u0131&#8221; ifadelerini kulland\u0131.<\/p>\n<p class=\"v1MsoNormal\">\n<p class=\"v1MsoNormal\">Toplant\u0131 MTOSB sanayicilerinin Bakan Nebati&#8217;ye sorular\u0131 ile sona erdi.<\/p>\n<\/div>\n<\/div>\n<\/div>\n<p class=\"image-attachment\">\n","protected":false},"excerpt":{"rendered":"<p>Hazine ve Maliye Bakan\u0131 Nureddin Nebati, Mersin Tarsus Organize Sanayi B\u00f6lgesi&#8217;ni ziyaret ederek Ba\u015fkan Sabri Tekli, MTOSB Y\u00f6netimi ve sanayiciler ile bir araya geldi. MTOSB s\u0131n\u0131rlar\u0131 i\u00e7erisinde yer alan firmalar\u0131 &hellip; <a href=\"https:\/\/akdenizolaygazetesi.com\/?p=25561\" class=\"more-link\">Devam\u0131n\u0131 Oku&#8230;<\/a><\/p>\n","protected":false},"author":2,"featured_media":25562,"comment_status":"open","ping_status":"open","sticky":false,"template":"","format":"standard","meta":[],"categories":[8,3],"tags":[],"_links":{"self":[{"href":"https:\/\/akdenizolaygazetesi.com\/index.php?rest_route=\/wp\/v2\/posts\/25561"}],"collection":[{"href":"https:\/\/akdenizolaygazetesi.com\/index.php?rest_route=\/wp\/v2\/posts"}],"about":[{"href":"https:\/\/akdenizolaygazetesi.com\/index.php?rest_route=\/wp\/v2\/types\/post"}],"author":[{"embeddable":true,"href":"https:\/\/akdenizolaygazetesi.com\/index.php?rest_route=\/wp\/v2\/users\/2"}],"replies":[{"embeddable":true,"href":"https:\/\/akdenizolaygazetesi.com\/index.php?rest_route=%2Fwp%2Fv2%2Fcomments&post=25561"}],"version-history":[{"count":2,"href":"https:\/\/akdenizolaygazetesi.com\/index.php?rest_route=\/wp\/v2\/posts\/25561\/revisions"}],"predecessor-version":[{"id":25564,"href":"https:\/\/akdenizolaygazetesi.com\/index.php?rest_route=\/wp\/v2\/posts\/25561\/revisions\/25564"}],"wp:featuredmedia":[{"embeddable":true,"href":"https:\/\/akdenizolaygazetesi.com\/index.php?rest_route=\/wp\/v2\/media\/25562"}],"wp:attachment":[{"href":"https:\/\/akdenizolaygazetesi.com\/index.php?rest_route=%2Fwp%2Fv2%2Fmedia&parent=25561"}],"wp:term":[{"taxonomy":"category","embeddable":true,"href":"https:\/\/akdenizolaygazetesi.com\/index.php?rest_route=%2Fwp%2Fv2%2Fcategories&post=25561"},{"taxonomy":"post_tag","embeddable":true,"href":"https:\/\/akdenizolaygazetesi.com\/index.php?rest_route=%2Fwp%2Fv2%2Ftags&post=25561"}],"curies":[{"name":"wp","href":"https:\/\/api.w.org\/{rel}","templated":true}]}}