{"id":25565,"date":"2023-05-04T13:07:09","date_gmt":"2023-05-04T10:07:09","guid":{"rendered":"http:\/\/akdenizolaygazetesi.com\/?p=25565"},"modified":"2023-05-04T13:07:09","modified_gmt":"2023-05-04T10:07:09","slug":"buyuksehir-destekliyor-kadin-emegi-gun-yuzune-cikiyor","status":"publish","type":"post","link":"https:\/\/akdenizolaygazetesi.com\/?p=25565","title":{"rendered":"B\u00dcY\u00dcK\u015eEH\u0130R DESTEKL\u0130YOR, KADIN EME\u011e\u0130 G\u00dcN Y\u00dcZ\u00dcNE \u00c7IKIYOR"},"content":{"rendered":"<p>Mersin B\u00fcy\u00fck\u015fehir Belediyesi Kad\u0131n ve Aile Hizmetleri Dairesi Ba\u015fkanl\u0131\u011f\u0131 G\u00f6n\u00fcll\u00fcler \u015eube M\u00fcd\u00fcrl\u00fc\u011f\u00fc&#8217;n\u00fcn, kad\u0131nlar\u0131n sosyal ve k\u00fclt\u00fcrel y\u00f6nden desteklenmesi, evde gizli kalm\u0131\u015f kad\u0131n i\u015f g\u00fcc\u00fcn\u00fcn g\u00fcn y\u00fcz\u00fcne \u00e7\u0131kar\u0131lmas\u0131 ve aile b\u00fct\u00e7elerine katk\u0131 sa\u011flamalar\u0131 amac\u0131yla Mersinden Kad\u0131n Kooperatifi&#8217;yle i\u015fbirli\u011fi i\u00e7erisinde hayata ge\u00e7irdi\u011fi &#8216;Evimiz At\u00f6lye Projesi&#8217;, her ge\u00e7en g\u00fcn daha fazla kad\u0131na ula\u015fmaya devam ediyor. Proje kapsam\u0131nda &#8216;\u00c7oraptan Oyuncak Yap\u0131m Kursu&#8217;nu tamamlayan Toroslar il\u00e7esine ba\u011fl\u0131 Halkkent, \u00c7a\u011fda\u015fkent, Sa\u011fl\u0131k, Turgut T\u00fcrkalp, Mustafa Kemal ve Kurdali mahallelerinden gelen kad\u0131nlara sertifikalar\u0131n\u0131 B\u00fcy\u00fck\u015fehir Belediye Ba\u015fkan\u0131 Vahap Se\u00e7er ile Mersinden Kad\u0131n Kooperatifi Ba\u015fkan\u0131 Meral Se\u00e7er verdi. <\/p>\n<p>&#8220;Bu \u00fclke hepimiz, bu kaynaklar hepimizin&#8221;<br \/>\n\u00c7ocuk Haklar\u0131 Park\u0131&#8217;nda ger\u00e7ekle\u015ftirilen Sertifika T\u00f6reni&#8217;nde konu\u015fan Ba\u015fkan Se\u00e7er, Mersin&#8217;de herkesin rahat olmas\u0131 gerekti\u011fini vurgulayarak, &#8220;Sizleri seviyoruz. Hepimizin kayg\u0131s\u0131, mutlulu\u011fu, sevinci ayn\u0131. Biz siziz. Bizim ailemiz de, do\u011fdu\u011fumuz, doydu\u011fumuz, b\u00fcy\u00fcd\u00fc\u011f\u00fcm\u00fcz topraklar, mahalleler de bug\u00fcn sizin ya\u015fad\u0131\u011f\u0131n\u0131z, i\u00e7inde oldu\u011funuz ortamlar, mahalleler. Bu \u00f6zg\u00fcven i\u00e7erisinde olun. Bizimle ili\u015fkilerinizde rahat olun&#8221; dedi.<\/p>\n<p>T\u00fcrkiye&#8217;de gelir ve kaynak da\u011f\u0131l\u0131m\u0131ndaki adaletsizlikten bahseden Ba\u015fkan Se\u00e7er, &#8220;Bir taraftan kad\u0131n yoksulluk i\u00e7erisinde \u00e7olu\u011funun \u00e7ocu\u011funun karn\u0131n\u0131 doyurmaya m\u00fccadele ederken; e\u015fi sabah\u0131n k\u00f6r karanl\u0131\u011f\u0131ndan ak\u015fama kadar emek edip \u00e7ocu\u011funun r\u0131zk\u0131n\u0131 getirmeye \u00e7al\u0131\u015f\u0131rken, belli bir grubun bu \u00fclkenin kaynaklar\u0131n\u0131 al\u0131p, \u015fatafatla alt\u0131n varakl\u0131 saraylarda ya\u015famas\u0131na da i\u00e7imiz raz\u0131 olmuyor. Bu \u00fclke, bu kaynaklar hepimizin&#8221; diye konu\u015ftu.<\/p>\n<p>&#8220;Bizim g\u00f6revimiz sizin paralar\u0131n\u0131z\u0131 size hizmet olarak g\u00f6ndermek&#8221;<br \/>\nMersin B\u00fcy\u00fck\u015fehir Belediyesi&#8217;nin hamilelere bak\u0131m s\u00fct\u00fc projesi, pandemide evlere kadar g\u00f6nderilen g\u0131da kolisi, 3 \u00e7e\u015fit yeme\u011fin 6 TL oldu\u011fu Mahalle Mutfaklar\u0131, El Bebek G\u00fcl Bebek gibi sosyal hizmetlerinden s\u00f6z eden Ba\u015fkan Se\u00e7er,  &#8220;Peki bu kadar hizmeti Vahap Se\u00e7er kendi kesesinden mi yap\u0131yor? Sizin paran\u0131z. Dik durun. Siz milletsiniz. Millet olmasa devlet olmaz, vatan olmaz. Bu kaynaklar, bu para sizin. Ben de dahil, cumhurba\u015fkan\u0131 da dahil, bakanlar da dahil hi\u00e7 kimse b\u00f6b\u00fcrlenmesin. Kimse kendi kesesinden size hizmet etmiyor. Bizim g\u00f6revimiz bize emanet edilen, sizin vergilerinizden bize aktar\u0131lan paraya tenezz\u00fcl etmeden, yetimin hakk\u0131n\u0131 yemeden, \u00e7almadan, \u00e7ald\u0131rmadan size hizmet olarak geri g\u00f6ndermek&#8221; ifadelerini kulland\u0131.<\/p>\n<p>Hizmetleri ula\u015ft\u0131r\u0131rken hi\u00e7bir ayr\u0131m yapmad\u0131klar\u0131n\u0131 vurgulayan Se\u00e7er, &#8220;Belediye ba\u015fkan\u0131n\u0131z size hizmet g\u00f6t\u00fcr\u00fcrken sizin mezhebinize, oy verdi\u011finiz siyasi partiye, hangi k\u00f6kenden oldu\u011funuza m\u0131 bak\u0131yor, soruyor? Siz Mersin B\u00fcy\u00fck\u015fehir Belediyesi&#8217;nden, CHP&#8217;li bir belediye ba\u015fkan\u0131ndan hizmet al\u0131rken b\u00f6yle bir ayr\u0131mc\u0131l\u0131k g\u00f6r\u00fcyor musunuz? Hi\u00e7 kimse; &#8216;Mersin B\u00fcy\u00fck\u015fehir Belediyesi bizim k\u00f6ye, biz CHP&#8217;ye, Vahap Se\u00e7er&#8217;e oy vermedik diye yol yapmad\u0131, yard\u0131m yapmad\u0131. Hastam\u0131z vard\u0131, bak\u0131m yapmad\u0131&#8217; diyemez. \u0130nsanl\u0131\u011fa kar\u015f\u0131 ihanet edemeyiz. \u0130nsanlar\u0131 ay\u0131rmay\u0131z. Hak kat\u0131nda, hukuk ve vicdan kar\u015f\u0131s\u0131nda su\u00e7 i\u015fleyemeyiz&#8221; dedi.<\/p>\n<p>&#8220;Biz vatanda\u015f\u0131n hay\u0131rl\u0131 evlad\u0131y\u0131z&#8221;<br \/>\nT\u00f6rende, bir vatanda\u015f\u0131n &#8216;Benim beyim hastayd\u0131, yatalakt\u0131 sen bakt\u0131n&#8217; demesi \u00fczerine Se\u00e7er, &#8220;Biz vatanda\u015f\u0131n hay\u0131rl\u0131 evlad\u0131y\u0131z, karde\u015fiyiz, anas\u0131y\u0131z, babas\u0131y\u0131z. Devlet budur. Devlet b\u00fcy\u00fckt\u00fcr, uludur, g\u00fc\u00e7l\u00fcd\u00fcr. Mersin&#8217;de kendinizi rahat hissedin. Biz burada oldu\u011fumuz s\u00fcrece bu kentte art niyetli, k\u00f6t\u00fc ve ayr\u0131mc\u0131l\u0131k yapan insanlar\u0131n g\u00fc\u00e7lenmesine m\u00fcsaade etmeyiz. Siz de m\u00fcsaade etmezsiniz halk olarak. Siz bize g\u00fc\u00e7 verirsiniz, biz de onlara m\u00fcsaade etmeyiz&#8221; diye konu\u015ftu.<\/p>\n<p>&#8220;Kad\u0131n \u00e7al\u0131\u015facak, \u00fcretecek. &#8216;Evimiz At\u00f6lye Projesi&#8217; bunun i\u00e7in son derece \u00f6nemli&#8221;<br \/>\n&#8216;Evimiz At\u00f6lye Projesi&#8217;nin, kad\u0131nlar\u0131n ekonomik alanda g\u00fc\u00e7lenebilmesine katk\u0131 a\u00e7\u0131s\u0131ndan \u00e7ok \u00f6nemli ve de\u011ferli bir proje oldu\u011funa dikkat \u00e7eken Se\u00e7er, &#8220;Kad\u0131nlar ayaklar\u0131n\u0131n \u00fczerinde durmaya \u00e7al\u0131\u015f\u0131r. Bizim toplumumuzda kad\u0131n maalesef ikinci plana at\u0131lm\u0131\u015ft\u0131r. Lafla kad\u0131n ba\u011f\u0131ms\u0131z olmaz, ayakta kalmaz. Kad\u0131nlar\u0131n \u00e7al\u0131\u015fmas\u0131, ev ekonomisine katk\u0131 sunmas\u0131 laz\u0131m. Ba\u011f\u0131ms\u0131z olabilmeleri i\u00e7in ceplerinin para g\u00f6rmesi laz\u0131m. Kad\u0131n \u00e7al\u0131\u015facak, \u00fcretecek. &#8216;Evimiz At\u00f6lye Projesi&#8217; bunun i\u00e7in son derece \u00f6nemlidir&#8221; ifadelerini kulland\u0131.<\/p>\n<p>Hayata ge\u00e7irdikleri projelerin tamam\u0131nda kad\u0131nlar\u0131 \u00f6n planda tutuklar\u0131n\u0131n alt\u0131n\u0131 \u00e7izen Se\u00e7er, &#8220;Kad\u0131nlar \u00e7al\u0131\u015fs\u0131n, \u00fcretsin, memlekette s\u00f6z sahibi olsun. Kad\u0131n temsilciler olsun parlamentoda. Bizde de kad\u0131n adaylar var. \u0130n\u015fallah se\u00e7ilecekler, parlamentoda sizleri temsil edecekler&#8221; dedi.<\/p>\n<p>Meral Se\u00e7er: &#8220;Evimiz At\u00f6lye projesi hepimizi bir araya getirdi&#8221;<br \/>\nMersinden Kad\u0131n Kooperatifi Ba\u015fkan\u0131 Meral Se\u00e7er, projeye dahil olan kad\u0131nlarla ayr\u0131 ayr\u0131 mahallelerde, s\u0131kl\u0131kla bir araya geldiklerini s\u00f6yledi. Se\u00e7er, &#8220;Evimiz At\u00f6lye projesi \u00e7ok k\u0131ymetli bir proje. G\u00f6r\u00fcld\u00fc\u011f\u00fc \u00fczere hepimizi bir araya getirdi. Kad\u0131nlar\u0131n yeni fikir geli\u015ftirme, i\u015f geli\u015ftirme fikrini geli\u015ftirdi. Burada bulunan kad\u0131nlar\u0131n hepsi gizli bir kahraman. \u00c7o\u011funuzun ev kad\u0131n\u0131 oldu\u011funu biliyorum. Ev kad\u0131nlar\u0131n\u0131n i\u015f tan\u0131m\u0131 yok, asl\u0131nda en a\u011f\u0131r i\u015f de\u011fil mi? Evin d\u00fczenini sa\u011flayan, yeme\u011finden temizli\u011fine tutun pek \u00e7ok konuyu organize eden kad\u0131nlard\u0131r. Ama maalesef kad\u0131nlar\u0131n bu konuda \u00e7ok b\u00fcy\u00fck destek ald\u0131\u011f\u0131n\u0131 d\u00fc\u015f\u00fcnm\u00fcyorum. \u00c7\u00fcnk\u00fc \u015fu andaki yapt\u0131\u011f\u0131m\u0131z \u00e7al\u0131\u015fmalar bunun yetersiz kalmas\u0131ndan dolay\u0131 ortaya \u00e7\u0131kt\u0131&#8221; ifadelerine yer verdi.<\/p>\n<p>&#8220;Ev kad\u0131nlar\u0131n\u0131n \u00f6n plana \u00e7\u0131kmas\u0131 gerekiyor&#8221;<br \/>\nSe\u00e7er, &#8216;Evimiz At\u00f6lye Projesi&#8217;nin evdeki gizli kad\u0131n i\u015f g\u00fcc\u00fcn\u00fcn ortaya \u00e7\u0131kmas\u0131n\u0131 sa\u011flad\u0131\u011f\u0131n\u0131 belirterek, &#8220;Ev kad\u0131nlar\u0131n\u0131n emeklerini almalar\u0131 gerekiyor. Ba\u015flar\u0131na bir \u015fey geldi\u011finde kendi g\u00fcvencelerinin olmas\u0131 gerekiyor. \u00d6n\u00fcm\u00fczdeki d\u00f6nemlerde bu ortamlar\u0131 ya\u015fayaca\u011f\u0131m\u0131z g\u00fczel g\u00fcnlerimiz olacak diye umut ediyorum&#8221; diye konu\u015ftu. <\/p>\n<p>Bing\u00f6l: &#8220;Vahap Ba\u015fkan&#8217;\u0131n bu d\u00f6nem yapt\u0131\u011f\u0131 \u00e7al\u0131\u015fmalar \u015fahane&#8221;<br \/>\nMustafa Kemal Mahalle Muhtar\u0131 Mehmet Bing\u00f6l, 25 y\u0131ld\u0131r mahalle muhtarl\u0131\u011f\u0131 yapt\u0131\u011f\u0131n\u0131 s\u00f6yleyerek, &#8220;Vahap Ba\u015fkan&#8217;\u0131n bu d\u00f6nem yapt\u0131\u011f\u0131 \u00e7al\u0131\u015fmalar \u015fahane. Te\u015fekk\u00fcr ediyorum mahallem ad\u0131na&#8221; dedi. Bing\u00f6l, B\u00fcy\u00fck\u015fehir&#8217;in sosyal belediyecilik hizmetlerinden \u00e7ok memnun olduklar\u0131n\u0131 anlatarak, &#8220;Ramazan ay\u0131nda da \u00e7ok g\u00fczel \u00e7al\u0131\u015fmalar yapt\u0131lar. Ben sizi \u00f6rnek g\u00f6steriyorum. Baz\u0131 belediyeler 30 paket da\u011f\u0131tt\u0131lar, sadece kendi partisinden olana verdiler. Ama CHP ayr\u0131m yapmad\u0131&#8221; ifadelerine yer verdi.<\/p>\n<p>Sa\u011fl\u0131k Mahalle Muhtar\u0131 Ay\u015fe \u015een ise projenin kad\u0131nlar taraf\u0131ndan \u00e7ok be\u011fenildi\u011fini belirterek, katk\u0131 sunanlara te\u015fekk\u00fcr etti.<\/p>\n","protected":false},"excerpt":{"rendered":"<p>Mersin B\u00fcy\u00fck\u015fehir Belediyesi Kad\u0131n ve Aile Hizmetleri Dairesi Ba\u015fkanl\u0131\u011f\u0131 G\u00f6n\u00fcll\u00fcler \u015eube M\u00fcd\u00fcrl\u00fc\u011f\u00fc&#8217;n\u00fcn, kad\u0131nlar\u0131n sosyal ve k\u00fclt\u00fcrel y\u00f6nden desteklenmesi, evde gizli kalm\u0131\u015f kad\u0131n i\u015f g\u00fcc\u00fcn\u00fcn g\u00fcn y\u00fcz\u00fcne \u00e7\u0131kar\u0131lmas\u0131 ve aile b\u00fct\u00e7elerine &hellip; <a href=\"https:\/\/akdenizolaygazetesi.com\/?p=25565\" class=\"more-link\">Devam\u0131n\u0131 Oku&#8230;<\/a><\/p>\n","protected":false},"author":2,"featured_media":25566,"comment_status":"open","ping_status":"open","sticky":false,"template":"","format":"standard","meta":[],"categories":[8,2,3,5],"tags":[],"_links":{"self":[{"href":"https:\/\/akdenizolaygazetesi.com\/index.php?rest_route=\/wp\/v2\/posts\/25565"}],"collection":[{"href":"https:\/\/akdenizolaygazetesi.com\/index.php?rest_route=\/wp\/v2\/posts"}],"about":[{"href":"https:\/\/akdenizolaygazetesi.com\/index.php?rest_route=\/wp\/v2\/types\/post"}],"author":[{"embeddable":true,"href":"https:\/\/akdenizolaygazetesi.com\/index.php?rest_route=\/wp\/v2\/users\/2"}],"replies":[{"embeddable":true,"href":"https:\/\/akdenizolaygazetesi.com\/index.php?rest_route=%2Fwp%2Fv2%2Fcomments&post=25565"}],"version-history":[{"count":1,"href":"https:\/\/akdenizolaygazetesi.com\/index.php?rest_route=\/wp\/v2\/posts\/25565\/revisions"}],"predecessor-version":[{"id":25567,"href":"https:\/\/akdenizolaygazetesi.com\/index.php?rest_route=\/wp\/v2\/posts\/25565\/revisions\/25567"}],"wp:featuredmedia":[{"embeddable":true,"href":"https:\/\/akdenizolaygazetesi.com\/index.php?rest_route=\/wp\/v2\/media\/25566"}],"wp:attachment":[{"href":"https:\/\/akdenizolaygazetesi.com\/index.php?rest_route=%2Fwp%2Fv2%2Fmedia&parent=25565"}],"wp:term":[{"taxonomy":"category","embeddable":true,"href":"https:\/\/akdenizolaygazetesi.com\/index.php?rest_route=%2Fwp%2Fv2%2Fcategories&post=25565"},{"taxonomy":"post_tag","embeddable":true,"href":"https:\/\/akdenizolaygazetesi.com\/index.php?rest_route=%2Fwp%2Fv2%2Ftags&post=25565"}],"curies":[{"name":"wp","href":"https:\/\/api.w.org\/{rel}","templated":true}]}}