{"id":25568,"date":"2023-05-04T13:08:24","date_gmt":"2023-05-04T10:08:24","guid":{"rendered":"http:\/\/akdenizolaygazetesi.com\/?p=25568"},"modified":"2023-05-04T13:08:24","modified_gmt":"2023-05-04T10:08:24","slug":"baskan-secer-huzur-arayanlar-zamanini-burada-gecirecek","status":"publish","type":"post","link":"https:\/\/akdenizolaygazetesi.com\/?p=25568","title":{"rendered":"BA\u015eKAN SE\u00c7ER: &#8220;HUZUR ARAYANLAR ZAMANINI BURADA GE\u00c7\u0130RECEK&#8221;"},"content":{"rendered":"<p>Ba\u015fkan Vahap Se\u00e7er, Mersin B\u00fcy\u00fck\u015fehir Belediyesi Park ve Bah\u00e7eler Dairesi Ba\u015fkanl\u0131\u011f\u0131 taraf\u0131ndan yap\u0131m\u0131 tamamlanan ve kura \u00e7ekili\u015flileri B\u00fcy\u00fck\u015fehir Belediyesi Enc\u00fcmen&#8217;i huzurunda \u015feffaf bir \u015fekilde yap\u0131lan Hobi Park\u0131&#8217;n\u0131n a\u00e7\u0131l\u0131\u015f\u0131n\u0131 ger\u00e7ekle\u015ftirip, kazananlara anahtarlar\u0131n\u0131 teslim etti.<\/p>\n<p>Toroslar \u0130l\u00e7esi Korukent Mahallesi&#8217;nde bulunan Sevgi Bah\u00e7em Hobi Park\u0131&#8217;n\u0131n a\u00e7\u0131l\u0131\u015f t\u00f6renine Mersin B\u00fcy\u00fck\u015fehir Belediye Ba\u015fkan\u0131 Vahap Se\u00e7er&#8217;in yan\u0131 s\u0131ra CHP Mersin Milletvekili Cengiz G\u00f6k\u00e7el, CHP Mersin Milletvekili adaylar\u0131 G\u00fclcan K\u0131\u015f ve Neslihan \u00c7elebi, CHP Gen\u00e7lik Kollar\u0131 Genel Ba\u015fkan Yard\u0131mc\u0131s\u0131 \u0130zzet K\u0131r\u0131lmaz, Demokrat Parti Mersin \u0130l Ba\u015fkan\u0131 Ziya Erdo\u011fan, Gelecek Partisi Mersin \u0130l Ba\u015fkan\u0131 Hamit Kar\u0131\u015f, CHP Toroslar il\u00e7e Ba\u015fkan\u0131 Cumali Akba\u015f, Meclis \u00fcyeleri, Muhtarlar, B\u00fcy\u00fck\u015fehir Belediyesi b\u00fcrokratlar\u0131 ve hak sahipleri yer ald\u0131.<\/p>\n<p>&#8220;Huzur arayanlar zaman\u0131n\u0131 burada ge\u00e7irecek&#8221;<br \/>\nT\u00f6rende konu\u015fan Ba\u015fkan Se\u00e7er, Hobi Park\u0131&#8217;ndan &#8220;\u00c7ok g\u00fczel bir \u00e7al\u0131\u015fma oldu&#8221; diye bahsederek, yap\u0131mda eme\u011fi ge\u00e7enler te\u015fekk\u00fcr etti. Se\u00e7er, &#8220;Huzur arayanlar zaman\u0131n\u0131 burada ge\u00e7irecek. 188 vatanda\u015f\u0131m\u0131z enc\u00fcmen huzurunda yap\u0131lan kura \u00e7ekiminde burada hak sahibi oldular. 3 y\u0131l burada bo\u015f zamanlar\u0131n\u0131 \u015fehirden, g\u00fcr\u00fclt\u00fcden, stresten uzak ge\u00e7irmek bir \u015fekilde burada ge\u00e7irebilecekler. G\u00fczel de dostluklar kuracaklar eminim&#8221; dedi.<\/p>\n<p>&#8220;Ye\u015fil alanlar\u0131 art\u0131rmal\u0131y\u0131z&#8221;<br \/>\nKent genelinde ye\u015fil alanlar\u0131n art\u0131r\u0131lmas\u0131 gerekti\u011fi ve B\u00fcy\u00fck\u015fehir&#8217;in bu konuya b\u00fcy\u00fck \u00f6nem verdi\u011fini vurgulayan Se\u00e7er, &#8220;Millet olarak hep &#8216;Ye\u015fil arts\u0131n&#8217; diyoruz ama ye\u015fil artm\u0131yor beton art\u0131yor. Bunda bir tezat var. B\u00fct\u00fcn siyaset\u00e7iler &#8216;Huzur, bar\u0131\u015f, karde\u015flik&#8217; diyor kavga art\u0131yor. Herkes en g\u00fczel \u015feyi diliyor ama uygulamaya gelince tersini yap\u0131yor. \u015eimdi para h\u0131rs\u0131 b\u00f6yle binalar yapt\u0131r\u0131yor. Oysa geni\u015f geni\u015f parklar\u0131n olmas\u0131 laz\u0131m&#8221; diye konu\u015ftu.<\/p>\n<p>B\u00fcy\u00fck\u015fehir&#8217;e ait olan yerlerde m\u00fcmk\u00fcn oldu\u011funca ye\u015fil alan yaratacaklar\u0131n\u0131 s\u00f6yleyen Se\u00e7er, &#8220;\u015eehrin en de\u011ferli yerinde olsa dahi ye\u015fillendirelim, kent meydan\u0131 yapal\u0131m. \u00d6rne\u011fin \u0130stiklal Caddesi d\u00fczenlemesi yapt\u0131k \u00e7ok keyifli bir cadde oldu. Orada K\u0131rm\u0131z\u0131 Lacivert \u0130\u015fhan\u0131, \u00d6zel \u0130dare \u0130\u015fhan\u0131, Zafer \u00c7ar\u015f\u0131s\u0131 var. Bunlar\u0131n tamam\u0131 belediyeye ait. Deprem riski ta\u015f\u0131yor y\u0131kmam\u0131z laz\u0131m oray\u0131. Yak\u0131n zamanda da y\u0131kaca\u011f\u0131z. Ba\u015fka bir anlay\u0131\u015f olsa yerine bir bina olu\u015ftururduk. Asla! Y\u0131kaca\u011f\u0131z. Tertemiz olacak oras\u0131. Bir kent meydan\u0131 olsun, insanlar\u0131n zaman ge\u00e7irece\u011fi alanlar yapal\u0131m istiyoruz&#8221; ifadelerine yer verdi.<\/p>\n<p>&#8220;\u0130nsanlar\u0131n toprakla u\u011fra\u015ft\u0131\u011f\u0131 alanlar yaratmal\u0131y\u0131z&#8221;<br \/>\nAyn\u0131 anlay\u0131\u015fla Silifke Caddesi&#8217;nde de bir kent meydan\u0131 olu\u015fturduklar\u0131n\u0131 hat\u0131rlatan Se\u00e7er, &#8220;Oysaki oraya da bina \u00e7\u0131kabilirdik. Dedik ki &#8216;Kent meydan\u0131 olsun, insanlar gelsin \u00e7ocuklar\u0131yla orada vakit ge\u00e7irsin. Otursun, g\u00fcne\u015flensin k\u0131\u015f mevsiminde, yaz mevsiminde g\u00f6lgelensin&#8217; i\u015fte \u015fehrimizde bu alanlar\u0131 \u00e7o\u011faltmam\u0131z laz\u0131m. \u0130nsanlar\u0131n toprakla u\u011fra\u015ft\u0131\u011f\u0131, me\u015fgale olarak bir bitki yeti\u015ftirdi\u011fi alanlar yaratmal\u0131y\u0131z. \u0130nsan\u0131n stresten, d\u00fc\u015f\u00fcncelerinden uzakla\u015fmas\u0131n\u0131n en g\u00fczel yolu bah\u00e7esinde bitkiyle, a\u011fa\u00e7la u\u011fra\u015fmak. Bunlar insana faydal\u0131 durumlar&#8221; dedi.<\/p>\n<p>&#8220;Amac\u0131m\u0131z; kurallar\u0131 ve kurumlar\u0131yla tam demokrasi&#8221;<br \/>\nYakla\u015fan se\u00e7imlerle ilgili de konu\u015fan se\u00e7er, &#8220;Siyasetin de hakk\u0131n\u0131 verece\u011fiz \u00e7\u00fcnk\u00fc bizler siyaset\u00e7iyiz ve sizlerin se\u00e7ti\u011fi belediye ba\u015fkanlar\u0131y\u0131z. Bakanlar gibi atama de\u011filiz. Valiler, kaymakamlar gibi b\u00fcrokrasi de\u011filiz. Onlar devletin g\u00f6revlisi, onlar i\u015fini yapacak, devletin b\u00fcrokrat\u0131 olacak. Tabi o da tart\u0131\u015f\u0131l\u0131r \u015fimdi. \u0130n\u015fallah 15 May\u0131s&#8217;tan sonra &#8216;Devletin partisi&#8217; diye bir \u015fey olmayacak. \u00c7abam\u0131z b\u00f6yle g\u00fczel g\u00fcnlere ula\u015fmak. Amac\u0131m\u0131z; kurallar\u0131 ve kurumlar\u0131yla tam demokrasi. Demokrasi olmazsa hi\u00e7bir \u015fey olmaz&#8221; diye konu\u015ftu.<\/p>\n<p>&#8220;\u0130nsanlar\u0131n d\u00f6rtte \u00fc\u00e7\u00fc bizden memnunsa demek ki bu belediye ayr\u0131mc\u0131l\u0131k yapm\u0131yor&#8221;<br \/>\nBaz\u0131 insanlar\u0131n ger\u00e7ekle\u015ftirilen hizmetlere ideolojik yakla\u015ft\u0131\u011f\u0131n\u0131 s\u00f6zlerine ekleyen Ba\u015fkan Se\u00e7er, &#8220;En g\u00fczel i\u015fleri yap yine bir kulp takar. Ho\u015funa gitmez, \u00e7\u00fcnk\u00fc ideolojik bak\u0131yor. Hakla, vicdanla bakm\u0131yor. Oysa belediyecilik ba\u015fka bir \u015feydir. \u015eimdi daha g\u00f6reve gelmeden ter\u00f6r, ter\u00f6rist, bunlarla ili\u015fkilendirilen bir belediyeden, hizmetlerinden bu kentte ya\u015fayan her d\u00f6rt insandan \u00fc\u00e7\u00fc memnunsa demek ki bu belediye ayr\u0131mc\u0131l\u0131k yapm\u0131yor. \u00c7\u00fcnk\u00fc her d\u00f6rt ki\u015fiden \u00fc\u00e7\u00fc CHP&#8217;ye oy vermiyor ki, bana oy vermedi ki. Demek ki bu belediye ayr\u0131mc\u0131l\u0131k yapm\u0131yor&#8221; ifadelerini kulland\u0131.<\/p>\n<p>&#8220;Dini, milliyeti, iman\u0131, mezhebi oy isteme arac\u0131 yapanlara kulaklar\u0131n\u0131z\u0131 t\u0131kay\u0131n&#8221;<br \/>\nVatanda\u015flardan ayr\u0131mc\u0131 dil kullanan siyasilere kar\u015f\u0131 kulaklar\u0131n\u0131 t\u0131kamalar\u0131n\u0131 isteyen Ba\u015fkan Se\u00e7er, &#8220;Bu \u00fclkede &#8216;sen&#8217;, &#8216;ben&#8217; diyenlere, dini, milliyeti, iman\u0131, mezhebi oy isteme arac\u0131 yapanlara kulaklar\u0131n\u0131z\u0131 t\u0131kay\u0131n. Bu millete yak\u0131\u015fmaz. Bunlar\u0131 s\u00f6ylemek istemeyiz ama s\u00f6ylemek zorunday\u0131z. Bir \u00fclkenin Cumhurba\u015fkan\u0131, Mustafa Kemal Atat\u00fcrk&#8217;\u00fcn kurdu\u011fu partinin genel ba\u015fkan\u0131n mezhebiyle alay edemez. Bir Cumhurba\u015fkan\u0131 bu kadar k\u00fc\u00e7\u00fck bir dil kullanamaz, yak\u0131\u015fmaz. T\u00fcrkiye Cumhuriyeti&#8217;nin, d\u00fcnyan\u0131n en de\u011ferli topraklar\u0131 \u00fczerinde bulunan bir \u00fclkenin Cumhurba\u015fkan\u0131na bu yak\u0131\u015fmaz. Ben bir belediye ba\u015fkan\u0131 olarak esef duydum. Benim mezhebimle u\u011fra\u015f\u0131lmas\u0131, \u00f6ne \u00e7\u0131kart\u0131lmas\u0131, tam tersi benim bir ba\u015fkas\u0131n\u0131n mezhebiyle u\u011fra\u015fmam, onu a\u015fa\u011f\u0131lamam, onun k\u00f6keni ile u\u011fra\u015fmam benim i\u00e7in Allah kat\u0131nda da vicdan kat\u0131nda da hukuk d\u00fczeyinde de insanl\u0131k d\u00fczeyinde de bir su\u00e7tur. Bunun vebali b\u00fcy\u00fckt\u00fcr&#8221; ifadelerine yer verdi.<\/p>\n<p>T\u00fcrkiye&#8217;nin kaynaklar\u0131n\u0131n zengin oldu\u011funa de\u011finen Ba\u015fkan Se\u00e7er, &#8220;Allah bizlere ak\u0131l vermi\u015f, feraset vermi\u015f, zeka vermi\u015f, vicdan\u0131n\u0131z\u0131n sesini dinleyin, akl\u0131n\u0131z\u0131 kullan\u0131n. Bu \u00fclke g\u00fc\u00e7l\u00fc bir \u00fclke, bu millet g\u00fc\u00e7l\u00fc bir millet. Bu \u00fclkenin kaynaklar\u0131 soyulmad\u0131\u011f\u0131 s\u00fcrece bu \u00fclke zengin bir \u00fclke. Belediyenin kaynaklar\u0131 nas\u0131l zenginse, Mersin Belediye Ba\u015fkan\u0131 4 y\u0131ld\u0131r &#8216;biz g\u00fc\u00e7l\u00fc bir belediyeyiz, g\u00fc\u00e7l\u00fc bir kentiz, hizmet yapaca\u011f\u0131z, gerek\u00e7e bulmayaca\u011f\u0131z, param\u0131z yok demeyece\u011fiz&#8217; diye hayk\u0131r\u0131yorsa, b\u00fct\u00fcn engellemelere ra\u011fmen, eski k\u00f6t\u00fc mirasa ra\u011fmen Mersin halk\u0131na hizmet edebiliyorsa emin olun bu zihniyet, bu anlay\u0131\u015f, bu y\u00f6netim \u015fekli 15 May\u0131s&#8217;tan sonra T\u00fcrkiye&#8217;yi y\u00f6netsin, T\u00fcrkiye de Mersin gibi 4 y\u0131l i\u00e7erisinde kendini bulur&#8221; dedi.<\/p>\n<p>&#8220;Hangi partiden olursa olsun Mersin&#8217;de herkes bir b\u00fct\u00fcnd\u00fcr&#8221;<br \/>\nBa\u015fkan Se\u00e7er, vatanda\u015flar\u0131n 15 May\u0131s&#8217;ta yapaca\u011f\u0131 se\u00e7imin \u00f6nemine vurgu yaparak, &#8220;Sizler destek olunuz ki biz de se\u00e7ilmi\u015f cumhurba\u015fkan\u0131na, se\u00e7ilmi\u015f h\u00fck\u00fcmete; &#8216;Ey say\u0131n cumhurba\u015fkan\u0131m, biz Mersin halk\u0131na hizmet edece\u011fiz, t\u00fcy\u00fc bitmemi\u015f yetimin hakk\u0131n\u0131 kimseye yedirmeyece\u011fiz. Memleketin kaynaklar\u0131n\u0131 israf etmeyece\u011fiz, yanda\u015flar\u0131m\u0131za yedirmeyece\u011fimize dair s\u00f6z verdik&#8217; diyelim. Hata yapan\u0131n yakas\u0131na yap\u0131\u015f\u0131r\u0131z. Onun i\u00e7in sizden rahatl\u0131kla oy istiyoruz. Say\u0131n genel ba\u015fkan\u0131m\u0131za onun i\u00e7in rahatl\u0131kla kefil oluyoruz. Biz buraday\u0131z. Biz memleketin hakk\u0131n\u0131, hukukunu g\u00f6zetmek zorunday\u0131z. Hangi partiden olursa olsun Mersin&#8217;de herkes bir b\u00fct\u00fcnd\u00fcr. Herkes bizim karde\u015fimiz. T\u00fcrkiye Cumhuriyeti kimli\u011fi ta\u015f\u0131yan herkes bizim karde\u015fimizdir. Bizim d\u00fcsturumuz budur&#8221; diye belirtti.<\/p>\n<p>G\u00f6k\u00e7el: &#8220;Bu Park Toroslar&#8217;a \u00e7ok yak\u0131\u015ft\u0131&#8221;<br \/>\nSevgi Bah\u00e7em Hobi Park\u0131&#8217;n\u0131n isminin \u00e7ok \u00f6nemli oldu\u011funu s\u00f6yleyerek konu\u015fmas\u0131na ba\u015flayan CHP Mersin Milletvekili Cengiz G\u00f6k\u00e7el, &#8220;\u015eehrimiz B\u00fcy\u00fck\u015fehir Belediyemizin yapt\u0131\u011f\u0131 hizmetlerle, projelerle geli\u015firken g\u00fczelle\u015fiyor. Mersin&#8217;in cazibesi \u00e7ok g\u00fczel. Ben bu park\u0131n Korukent&#8217;e, Toroslar&#8217;a \u00e7ok yak\u0131\u015ft\u0131\u011f\u0131n\u0131 s\u00f6yleyebilirim. Burada insanlar \u015fehrin stresinden uzakla\u015facaklar. Hak kazanan ailelerin \u00e7ocuklar\u0131 bizim gibi toprakla, toprakta yeti\u015fen bitkilerle, do\u011fayla tan\u0131\u015facaklar&#8221; dedi.<\/p>\n<p>Korukent Mahalle Muhtar\u0131 Ayfer Ba\u015fdan, &#8220;Say\u0131n Ba\u015fkan\u0131m mahallemize, il\u00e7emize, ilimize yapm\u0131\u015f oldu\u011funuz hizmetleri g\u00f6r\u00fcyor, sizi takdir ediyoruz. Yolunuz a\u00e7\u0131k olsun, iyi ki vars\u0131n\u0131z&#8221; dedi. <\/p>\n<p>Enc\u00fcmen huzurunda \u00e7ekilmi\u015f kura sonucu hak kazanan Can Da\u015f, &#8220;\u015eehrin kalabal\u0131\u011f\u0131ndan uzakla\u015farak, stres atman\u0131n yolunu bulamayan insanlar i\u00e7in b\u00f6yle bir projenin d\u00fc\u015f\u00fcn\u00fclmesinden ve hayata ge\u00e7irilmesinden dolay\u0131 Say\u0131n Ba\u015fkan\u0131m\u0131za ve eme\u011fi ge\u00e7en herkese te\u015fekk\u00fcr ediyorum. Mersin&#8217;de memur olarak ikamet ediyorum ve b\u00f6yle bir projeden haberdar olduktan sonra ba\u015fvuruda bulundum. Ba\u015fvurunun ana gerek\u00e7elerinden biri de Mersin&#8217;de ekip bi\u00e7ece\u011fin bir topra\u011f\u0131n\u0131n olmamas\u0131. Bizim gibi topra\u011f\u0131 ve hi\u00e7bir dayana\u011f\u0131 olmayan insanlar\u0131m\u0131z i\u00e7in b\u00f6yle bir projenin \u015feffafl\u0131kla s\u00fcrd\u00fcr\u00fclmesi ve hak sahibi olmamdan dolay\u0131 minnettar\u0131m&#8221; dedi.<\/p>\n<p>Enc\u00fcmen huzurunda \u00e7ekilmi\u015f kura sonucu hak kazanan Y\u0131ld\u0131z Aslan, &#8220;Hepinize hay\u0131rl\u0131 olsun. Mersin B\u00fcy\u00fck\u015fehir Belediye Ba\u015fkan\u0131 Vahap Se\u00e7er&#8217;e bizlere bu imkan\u0131 tan\u0131d\u0131\u011f\u0131 i\u00e7in \u00e7ok te\u015fekk\u00fcr ediyorum. \u00c7ok mutluyum, \u00e7ok heyecanl\u0131y\u0131m. Yani b\u00f6yle bir kendinize sundu\u011funuz i\u00e7in \u00e7ok \u00e7ok te\u015fekk\u00fcr ediyorum&#8221; dedi.<\/p>\n<p>&#8220;Hayalimiz ger\u00e7ekle\u015fti&#8221;<br \/>\nHobi Bah\u00e7esine kavu\u015fan vatanda\u015flardan S\u00fcleyman \u0130ret, &#8220;\u00c7ok g\u00fczel. Herkese tavsiye ediyorum. Stres at\u0131lacak bir yer. Hobi bah\u00e7emiz \u00e7ok g\u00fczel&#8221; diyerek duygular\u0131n\u0131 ifade etti.<\/p>\n<p>Nursen \u0130ret ise &#8220;Hayallerimiz vard\u0131. Mezitli&#8217;de arkada\u015flar\u0131m\u0131z\u0131n hobi bah\u00e7elerine gidiyorduk, oturup zaman ge\u00e7iriyorduk. Buray\u0131 duyunca \u00e7ok memnun olduk. Hemen ba\u015fvurduk, \u00e7ok \u015f\u00fck\u00fcr \u00e7\u0131kt\u0131. Hayalimiz ger\u00e7ekle\u015fti. \u0130stedi\u011fimiz buydu. \u015eu an \u00e7i\u00e7ek ekmeyi d\u00fc\u015f\u00fcn\u00fcyoruz. \u00c7ocuklar\u0131m\u0131z, torunumuz var, gelince temiz, g\u00fczel bir havada oturur. G\u00fczel vakit ge\u00e7iririz. Burada g\u00fczel bir kahvalt\u0131 yapar\u0131z&#8221; ifadelerine yer verdi.<\/p>\n<p>Vatanda\u015flardan Mehmet Bulut da, &#8220;Ortam g\u00fczel. G\u00fczel bir bah\u00e7e yapmak istiyoruz&#8221; derken, Latife Kurt ise, Hobi Bah\u00e7esi&#8217;ni \u00e7ok g\u00fczel buldu\u011funu belirterek, &#8220;Kafa dinlenecek bir hobi bah\u00e7esi. Te\u015fekk\u00fcr ederiz, hepimize hay\u0131rl\u0131 olsun&#8221; diye konu\u015ftu.<\/p>\n<p>Konu\u015fmalar\u0131n ard\u0131ndan Ba\u015fkan Se\u00e7er, Sevgi Bah\u00e7em Hobi Park\u0131&#8217;n\u0131n yap\u0131m\u0131nda eme\u011fi ge\u00e7en Mersin B\u00fcy\u00fck\u015fehir Belediyesi ve y\u00fcklenici firma \u00e7al\u0131\u015fanlar\u0131na te\u015fekk\u00fcr etti. Hak kazanan vatanda\u015flara anahtarlar\u0131n\u0131 teslim edip &#8216;Hay\u0131rl\u0131 olsun&#8217; temennisinde bulunan Ba\u015fkan Se\u00e7er, Sevgi Bah\u00e7em Hobi Park\u0131&#8217;n\u0131 gezip Park ve Bah\u00e7eler Dairesi Ba\u015fkan\u0131 Salim Serdar G\u00f6k\u00e7ek&#8217;ten bilgi ald\u0131.<\/p>\n","protected":false},"excerpt":{"rendered":"<p>Ba\u015fkan Vahap Se\u00e7er, Mersin B\u00fcy\u00fck\u015fehir Belediyesi Park ve Bah\u00e7eler Dairesi Ba\u015fkanl\u0131\u011f\u0131 taraf\u0131ndan yap\u0131m\u0131 tamamlanan ve kura \u00e7ekili\u015flileri B\u00fcy\u00fck\u015fehir Belediyesi Enc\u00fcmen&#8217;i huzurunda \u015feffaf bir \u015fekilde yap\u0131lan Hobi Park\u0131&#8217;n\u0131n a\u00e7\u0131l\u0131\u015f\u0131n\u0131 ger\u00e7ekle\u015ftirip, kazananlara &hellip; <a href=\"https:\/\/akdenizolaygazetesi.com\/?p=25568\" class=\"more-link\">Devam\u0131n\u0131 Oku&#8230;<\/a><\/p>\n","protected":false},"author":2,"featured_media":25569,"comment_status":"open","ping_status":"open","sticky":false,"template":"","format":"standard","meta":[],"categories":[2,3,5],"tags":[],"_links":{"self":[{"href":"https:\/\/akdenizolaygazetesi.com\/index.php?rest_route=\/wp\/v2\/posts\/25568"}],"collection":[{"href":"https:\/\/akdenizolaygazetesi.com\/index.php?rest_route=\/wp\/v2\/posts"}],"about":[{"href":"https:\/\/akdenizolaygazetesi.com\/index.php?rest_route=\/wp\/v2\/types\/post"}],"author":[{"embeddable":true,"href":"https:\/\/akdenizolaygazetesi.com\/index.php?rest_route=\/wp\/v2\/users\/2"}],"replies":[{"embeddable":true,"href":"https:\/\/akdenizolaygazetesi.com\/index.php?rest_route=%2Fwp%2Fv2%2Fcomments&post=25568"}],"version-history":[{"count":1,"href":"https:\/\/akdenizolaygazetesi.com\/index.php?rest_route=\/wp\/v2\/posts\/25568\/revisions"}],"predecessor-version":[{"id":25570,"href":"https:\/\/akdenizolaygazetesi.com\/index.php?rest_route=\/wp\/v2\/posts\/25568\/revisions\/25570"}],"wp:featuredmedia":[{"embeddable":true,"href":"https:\/\/akdenizolaygazetesi.com\/index.php?rest_route=\/wp\/v2\/media\/25569"}],"wp:attachment":[{"href":"https:\/\/akdenizolaygazetesi.com\/index.php?rest_route=%2Fwp%2Fv2%2Fmedia&parent=25568"}],"wp:term":[{"taxonomy":"category","embeddable":true,"href":"https:\/\/akdenizolaygazetesi.com\/index.php?rest_route=%2Fwp%2Fv2%2Fcategories&post=25568"},{"taxonomy":"post_tag","embeddable":true,"href":"https:\/\/akdenizolaygazetesi.com\/index.php?rest_route=%2Fwp%2Fv2%2Ftags&post=25568"}],"curies":[{"name":"wp","href":"https:\/\/api.w.org\/{rel}","templated":true}]}}