{"id":25571,"date":"2023-05-04T13:10:32","date_gmt":"2023-05-04T10:10:32","guid":{"rendered":"http:\/\/akdenizolaygazetesi.com\/?p=25571"},"modified":"2023-05-04T13:10:32","modified_gmt":"2023-05-04T10:10:32","slug":"mersinde-2021de-yanan-sahalar-yeseriyor","status":"publish","type":"post","link":"https:\/\/akdenizolaygazetesi.com\/?p=25571","title":{"rendered":"Mersin\u2019de 2021\u2019de Yanan Sahalar Ye\u015feriyor"},"content":{"rendered":"<p>Mersin Orman B\u00f6lge M\u00fcd\u00fcrl\u00fc\u011f\u00fc, Silifke Orman \u0130\u015fletme M\u00fcd\u00fcrl\u00fc\u011f\u00fc, Ye\u015filovac\u0131k \u015eefli\u011fi sorumluluk alan\u0131ndaki I\u015f\u0131kl\u0131 K\u00f6y\u00fc civar\u0131nda, 2021 y\u0131l\u0131nda yang\u0131ndan zarar g\u00f6ren ormanl\u0131k alanlara dikilen badem ve ke\u00e7iboynuzu fidanlar\u0131 boy g\u00f6stermeye ba\u015flad\u0131.<br \/>\nYang\u0131na dayan\u0131kl\u0131l\u0131\u011f\u0131yla bilinen bu fidanlar a\u011fa\u00e7land\u0131rma s\u0131n\u0131rlar\u0131na 3-4 s\u0131ra \u015feklinde dikilerek gelecekte olabilecek yang\u0131n zararlar\u0131n\u0131n en aza indirgenmesi hedeflenmektedir. Ayr\u0131ca bu fidanlardan elde edilecek meyvelerden vatanda\u015flar\u0131m\u0131z\u0131n ekonomik olarak faydalanmas\u0131 ama\u00e7lanmaktad\u0131r.<\/p>\n","protected":false},"excerpt":{"rendered":"<p>Mersin Orman B\u00f6lge M\u00fcd\u00fcrl\u00fc\u011f\u00fc, Silifke Orman \u0130\u015fletme M\u00fcd\u00fcrl\u00fc\u011f\u00fc, Ye\u015filovac\u0131k \u015eefli\u011fi sorumluluk alan\u0131ndaki I\u015f\u0131kl\u0131 K\u00f6y\u00fc civar\u0131nda, 2021 y\u0131l\u0131nda yang\u0131ndan zarar g\u00f6ren ormanl\u0131k alanlara dikilen badem ve ke\u00e7iboynuzu fidanlar\u0131 boy g\u00f6stermeye ba\u015flad\u0131. &hellip; <a href=\"https:\/\/akdenizolaygazetesi.com\/?p=25571\" class=\"more-link\">Devam\u0131n\u0131 Oku&#8230;<\/a><\/p>\n","protected":false},"author":2,"featured_media":25572,"comment_status":"open","ping_status":"open","sticky":false,"template":"","format":"standard","meta":[],"categories":[2,3],"tags":[],"_links":{"self":[{"href":"https:\/\/akdenizolaygazetesi.com\/index.php?rest_route=\/wp\/v2\/posts\/25571"}],"collection":[{"href":"https:\/\/akdenizolaygazetesi.com\/index.php?rest_route=\/wp\/v2\/posts"}],"about":[{"href":"https:\/\/akdenizolaygazetesi.com\/index.php?rest_route=\/wp\/v2\/types\/post"}],"author":[{"embeddable":true,"href":"https:\/\/akdenizolaygazetesi.com\/index.php?rest_route=\/wp\/v2\/users\/2"}],"replies":[{"embeddable":true,"href":"https:\/\/akdenizolaygazetesi.com\/index.php?rest_route=%2Fwp%2Fv2%2Fcomments&post=25571"}],"version-history":[{"count":1,"href":"https:\/\/akdenizolaygazetesi.com\/index.php?rest_route=\/wp\/v2\/posts\/25571\/revisions"}],"predecessor-version":[{"id":25573,"href":"https:\/\/akdenizolaygazetesi.com\/index.php?rest_route=\/wp\/v2\/posts\/25571\/revisions\/25573"}],"wp:featuredmedia":[{"embeddable":true,"href":"https:\/\/akdenizolaygazetesi.com\/index.php?rest_route=\/wp\/v2\/media\/25572"}],"wp:attachment":[{"href":"https:\/\/akdenizolaygazetesi.com\/index.php?rest_route=%2Fwp%2Fv2%2Fmedia&parent=25571"}],"wp:term":[{"taxonomy":"category","embeddable":true,"href":"https:\/\/akdenizolaygazetesi.com\/index.php?rest_route=%2Fwp%2Fv2%2Fcategories&post=25571"},{"taxonomy":"post_tag","embeddable":true,"href":"https:\/\/akdenizolaygazetesi.com\/index.php?rest_route=%2Fwp%2Fv2%2Ftags&post=25571"}],"curies":[{"name":"wp","href":"https:\/\/api.w.org\/{rel}","templated":true}]}}