{"id":25574,"date":"2023-05-04T13:12:26","date_gmt":"2023-05-04T10:12:26","guid":{"rendered":"http:\/\/akdenizolaygazetesi.com\/?p=25574"},"modified":"2023-05-04T13:12:26","modified_gmt":"2023-05-04T10:12:26","slug":"chpli-belediyeler-yeni-bir-donem-baslatti","status":"publish","type":"post","link":"https:\/\/akdenizolaygazetesi.com\/?p=25574","title":{"rendered":"&#8220;CHP&#8217;L\u0130 BELED\u0130YELER YEN\u0130 B\u0130R D\u00d6NEM BA\u015eLATTI&#8221;"},"content":{"rendered":"<p>Mersin B\u00fcy\u00fck\u015fehir Belediye Ba\u015fkan\u0131 Vahap Se\u00e7er, Cumhuriyet Halk Partisi (CHP) Mersin Milletvekili Cengiz G\u00f6k\u00e7el&#8217;in Se\u00e7im Ofisi a\u00e7\u0131l\u0131\u015f\u0131na kat\u0131ld\u0131. Vatanda\u015flar\u0131n ve partililerin yo\u011fun ilgi g\u00f6sterdi\u011fi a\u00e7\u0131l\u0131\u015fta konu\u015fan Ba\u015fkan Se\u00e7er, 14 May\u0131s se\u00e7imleri ile birlikte T\u00fcrkiye&#8217;de demokrasinin, insanl\u0131\u011f\u0131n, hakk\u0131n ve hukukun kazanaca\u011f\u0131n\u0131 s\u00f6yledi.<\/p>\n<p>&#8220;CHP&#8217;li belediyeler yeni bir d\u00f6nem ba\u015flatt\u0131&#8221;<br \/>\nBa\u015fkan Se\u00e7er, 4 y\u0131l \u00f6nce belediyelerde kurduklar\u0131 g\u00f6n\u00fcl k\u00f6pr\u00fclerini15 May\u0131s&#8217;tan sonra t\u00fcm T\u00fcrkiye&#8217;de kuracaklar\u0131n\u0131 s\u00f6yledi. CHP&#8217;li Belediye Ba\u015fkanlar\u0131n\u0131n 4 y\u0131ld\u0131r 11 b\u00fcy\u00fck\u015fehir belediyesini y\u00f6netti\u011fini hat\u0131rlatan Se\u00e7er, &#8220;11 B\u00fcy\u00fck\u015fehir belediyesi demek, T\u00fcrkiye&#8217;nin yakla\u015f\u0131k y\u00fczde 50 n\u00fcfusunun ya\u015fad\u0131\u011f\u0131, ekonomisinin \u00fc\u00e7te ikisinin d\u00f6nd\u00fc\u011f\u00fc \u015fehirler demek. T\u00fcrkiye&#8217;de ger\u00e7ek\u00e7i anketler yap\u0131l\u0131yor. Bu yap\u0131lan anketlerde 30 b\u00fcy\u00fck\u015fehir belediyeleri i\u00e7erisinde en ba\u015far\u0131l\u0131 belediyeler CHP&#8217;li B\u00fcy\u00fck\u015fehir Belediyeleridir. Buna kimseye itiraz edemiyor. \u00c7\u00fcnk\u00fc CHP&#8217;li belediyeler yeni bir d\u00f6nem, yeni bir \u00e7\u0131\u011f\u0131r a\u00e7t\u0131&#8221; dedi.<\/p>\n<p>&#8220;As\u0131l i\u015fimiz 15 May\u0131s&#8217;tan sonra ba\u015fl\u0131yor&#8221;<br \/>\nAs\u0131l i\u015flerinin 15 May\u0131s&#8217;tan sonra ba\u015flayaca\u011f\u0131na dikkat \u00e7eken Se\u00e7er, &#8220;Herkes biliyor, sand\u0131ktan 13. Cumhurba\u015fkan\u0131 olarak Kemal K\u0131l\u0131\u00e7daro\u011flu \u00e7\u0131kacak. Bug\u00fcnk\u00fc d\u00fczenin kar\u015f\u0131s\u0131nda olan partilerin kazanaca\u011f\u0131 toplam milletvekili say\u0131s\u0131 300&#8217;\u00fcn \u00fczerinde olacak. Bunu herkes biliyor. En ba\u015fta her g\u00fcn anket yapt\u0131ran iktidar biliyor. Ama bu sonucu ortadan kald\u0131rmak i\u00e7in bin bir \u00e7are d\u00fc\u015f\u00fcn\u00fcyor. Genel Ba\u015fkan Yard\u0131mc\u0131m\u0131z Muharrem Erkek a\u00e7\u0131klad\u0131. \u0130\u00e7i\u015fleri Bakanl\u0131\u011f\u0131 valiliklere, kaymakaml\u0131klara yaz\u0131 g\u00f6ndermi\u015f; &#8217;20 bine kadar n\u00fcfusu olan yerle\u015fim yerlerini 3 g\u00f6revli, 20 bin ile 100 bin n\u00fcfusu olan yerle\u015fim yerlerini 5 g\u00f6revli, 100 binden fazla n\u00fcfusu olan yerlere de en az 10 g\u00f6revli vereceksiniz&#8217; diye. Bunlar \u00e7\u0131kan \u0131slak imzal\u0131 sand\u0131k sonu\u00e7lar\u0131n\u0131 \u0130\u00e7i\u015fleri Bakanl\u0131\u011f\u0131&#8217;na an\u0131nda \u00e7evrimi\u00e7i ge\u00e7ecek. Se\u00e7im Kanunu&#8217;na g\u00f6re b\u00f6yle bir \u015fey m\u00fcmk\u00fcn m\u00fc?&#8221; ifadelerini kulland\u0131.<\/p>\n<p>&#8220;\u00d6rg\u00fctler oyumuza sahip \u00e7\u0131kacak&#8221;<br \/>\nMevcut iktidar\u0131n sand\u0131ktan \u00e7\u0131kamayaca\u011f\u0131n\u0131 ancak kazanmak i\u00e7in her t\u00fcrl\u00fc oyunu deneyece\u011fini s\u00f6yleyen Se\u00e7er, bu oyunlara kar\u015f\u0131 CHP&#8217;nin yo\u011fun bir \u00e7al\u0131\u015fma g\u00f6sterdi\u011fini kaydetti. Se\u00e7er, &#8220;\u00d6rg\u00fctler oyumuza sahip \u00e7\u0131kacak, g\u00f6revi bu. As\u0131l se\u00e7im ne zaman kazan\u0131l\u0131r biliyor musunuz? Siz 31 Mart&#8217;ta kazand\u0131\u011f\u0131n\u0131z belediyelerle halk\u0131n g\u00f6nl\u00fcne girdiniz mi? K\u00f6pr\u00fc, \u015fefkat, sevgi oldunuz mu? \u0130\u015fte o zaman se\u00e7imi al\u0131rs\u0131n\u0131z. 2023 Cumhurba\u015fkanl\u0131\u011f\u0131 Se\u00e7imi, CHP&#8217;nin en g\u00fc\u00e7l\u00fc oldu\u011fu se\u00e7imlerden bir tanesidir.  Elimizde referans var, gurur, onur duyaca\u011f\u0131m\u0131z emek, al\u0131n teri var. 4 y\u0131ld\u0131r bu kent i\u00e7in \u00e7al\u0131\u015fan belediye ba\u015fkanlar\u0131 var&#8221; diye konu\u015ftu.<\/p>\n<p>&#8220;\u015eaheserler yaratacak cumhuriyet \u00e7ocuklar\u0131 var&#8221;<br \/>\n Pandemide CHP&#8217;li belediyelerin vatanda\u015flar i\u00e7in canh\u0131ra\u015f \u00e7al\u0131\u015ft\u0131klar\u0131n\u0131 hat\u0131rlatan Se\u00e7er, &#8220;Belediyeler olmazsa halk\u0131n hali nice olacakt\u0131? Sadece B\u00fcy\u00fck\u015fehir evlerinize kadar 170 bin g\u0131da kolisi g\u00f6nderdi. Tarihinde olmu\u015f mu? CHP&#8217;li belediyeler yapt\u0131 bunu. Depremde belediyeler olmasayd\u0131 \u00e7ok daha farkl\u0131 bir tablo ile kar\u015f\u0131la\u015f\u0131rd\u0131k. Deprem b\u00f6lgesine ilk giden CHP&#8217;li belediyelerdir. Gerisi laf-\u0131 g\u00fczaf. Biz g\u00f6revimizi yap\u0131yoruz. Tarlada izi olmayan\u0131n harmanda y\u00fcz\u00fc olmaz. Bizim y\u00fcz\u00fcm\u00fcz var, \u00f6zg\u00fcveniniz tavan olsun. G\u00fc\u00e7l\u00fcy\u00fcz, \u00e7ok iyi kadrolar\u0131m\u0131z var. 15 May\u0131s&#8217;tan sonra da b\u00fct\u00fcn bakanl\u0131klarda \u015faheserler yaratacak cumhuriyet \u00e7ocuklar\u0131 var. Atat\u00fcrk\u00e7\u00fc, \u00e7a\u011fda\u015f, devrimci, cumhuriyet\u00e7i insanlar var&#8221; ifadelerini kulland\u0131.<\/p>\n<p>&#8220;Yerel se\u00e7imlerde Mersin&#8217;de tarihin en y\u00fcksek oyunu alaca\u011f\u0131z&#8221;<br \/>\nRehavete kap\u0131lmadan sand\u0131klara sahip \u00e7\u0131k\u0131lmas\u0131 gerekti\u011fi uyar\u0131s\u0131nda bulunan Se\u00e7er, &#8220;14 May\u0131s&#8217;ta sak\u0131n ola h\u0131rs\u0131zlara m\u00fcsaade etmeyelim, oylar\u0131 \u00e7ald\u0131rmayal\u0131m. Daha sonra saflar\u0131m\u0131z\u0131 daha da s\u0131kla\u015ft\u0131raca\u011f\u0131z. 11 ay sonra yerel se\u00e7imler geliyor. Evelallah hizmetlerimizin de dozunu art\u0131raca\u011f\u0131z hi\u00e7 merak etmeyin. Biz Mersin&#8217;den sorumluyuz. Yerel se\u00e7imlerde Mersin&#8217;de tarihin en y\u00fcksek oyunu alaca\u011f\u0131z&#8221; dedi.<\/p>\n<p>&#8220;Adaleti sa\u011flad\u0131ktan sonra Mersin hakk\u0131n\u0131 alacak&#8221;<br \/>\nHem pandemide hem depremde Mersin B\u00fcy\u00fck\u015fehir Belediyesi&#8217;nin t\u00fcm imkanlar\u0131 vatanda\u015flar i\u00e7in seferber etti\u011fini vurgulayan Se\u00e7er, \u015f\u00f6yle devam etti:<br \/>\n&#8220;Depremzedelerimizi biz ba\u011fr\u0131m\u0131za basm\u0131\u015f\u0131z. Onlar bizim karde\u015fimiz. Mersin g\u00f6nl\u00fc bol bir memlekettir. Herkesi kucaklar, ba\u011fr\u0131na basar. Burada ya\u015famak istiyorlarsa ba\u015f\u0131m\u0131z\u0131n tac\u0131d\u0131rlar. CHP&#8217;li diye Mersin&#8217;i depremden etkilenen iller kapsam\u0131na almad\u0131lar, 17 ili ald\u0131lar, inad\u0131na buray\u0131 almad\u0131lar. \u0130\u015fte milletvekillerimiz burada. G\u00f6reve gelir gelmez ilk yapaca\u011f\u0131n\u0131z i\u015f bu olmal\u0131. Adaleti sa\u011flad\u0131ktan sonra Mersin hakk\u0131n\u0131 alacak. Hakl\u0131 hakk\u0131n\u0131 alacak. 14 May\u0131s&#8217;ta demokrasi, insanl\u0131k, hak, hukuk kazanacak.&#8221;<\/p>\n<p>Ba\u015far\u0131r: &#8220;Bizim belediye ba\u015fkanlar\u0131m\u0131z ve yeni d\u00f6nem bakanlar\u0131m\u0131z namuslu insanlar&#8221;<br \/>\nCHP Parti Meclisi \u00dcyesi ve Mersin Milletvekili Ali Mahir Ba\u015far\u0131r, partili olman\u0131n milletvekili olmaktan daha zor oldu\u011funu belirterek ba\u015flad\u0131\u011f\u0131 konu\u015fmas\u0131nda, &#8220;Sokak sokak gezece\u011fiz, pazar pazar geziyoruz. \u0130nsanlara dokunuyoruz, 14 May\u0131s&#8217;a kadar da dokunmaya devam edece\u011fiz&#8221; dedi. 14 May\u0131s&#8217;tan sonra bu devletin mazotunu, arabas\u0131n\u0131, binas\u0131n\u0131 kullananlar yarg\u0131lanacak. Bizim belediye ba\u015fkanlar\u0131m\u0131z bizim yeni d\u00f6nem bakanlar\u0131m\u0131z namuslu insanlar. Bu halk\u0131n paras\u0131n\u0131, vergisini kendi \u00f6zel ihtiya\u00e7lar\u0131nda kullanmazlar. Rahat olun. Herkes sahada Mersin&#8217;de k\u0131lcal damarlara kadar gidiyoruz. 14 May\u0131s&#8217;a kadar say\u0131n. Zul\u00fcm, dert, tasa bitiyor. Bizi nas\u0131l  y\u00f6neteceksiniz diyenlere; &#8216;Mersin, Ankara, \u0130stanbul gibi y\u00f6netece\u011fiz. Halk\u0131n paras\u0131n\u0131 halka verece\u011fiz. 5 tane m\u00fcteahhitte vermeyece\u011fiz deyin&#8221; diye konu\u015ftu.  <\/p>\n<p>G\u00f6k\u00e7el: &#8220;M\u00fccadele edece\u011fiz, \u00e7al\u0131\u015faca\u011f\u0131z, halk\u0131m\u0131za ula\u015faca\u011f\u0131z&#8221;<br \/>\n14 May\u0131s se\u00e7imlerinin &#8216;Hak, hukuk, adalet&#8217; diyenler ile halk\u0131n hakk\u0131n\u0131 gasp edip be\u015fli \u00e7etelere, yanda\u015flara, tarikatlara harcayan iktidar aras\u0131nda olaca\u011f\u0131n\u0131 s\u00f6yleyen CHP Mersin Milletvekili Cengiz G\u00f6k\u00e7el ise &#8220;Bu se\u00e7im, halk\u0131n gelece\u011fi i\u00e7in dertlenen, her daim demokrasi, \u00f6zg\u00fcrl\u00fck, e\u015fitlik diyenler ile halk\u0131n paralar\u0131n\u0131 \u00e7al\u0131p yiyenler aras\u0131nda ge\u00e7ecek&#8221; dedi. Se\u00e7imlerin \u00fclkeye demokrasinin gelmesine katk\u0131 yapaca\u011f\u0131n\u0131 s\u00f6yleyen G\u00f6k\u00e7el &#8220;Hepimiz bu bilin\u00e7le bug\u00fcne kadar oldu\u011fu gibi bug\u00fcnden sonra da m\u00fccadele edece\u011fiz, \u00e7al\u0131\u015faca\u011f\u0131z, halk\u0131m\u0131za ula\u015faca\u011f\u0131z. Ta ki 14 May\u0131s&#8217;ta halk\u0131n iradesi ger\u00e7ek \u015fekilde sand\u0131ktan \u00e7\u0131kana kadar&#8221; \u015feklinde konu\u015ftu.<\/p>\n<p>Antmen: &#8220;Saray\u0131n saltanat\u0131n\u0131 y\u0131karak halka verece\u011fiz&#8221;<br \/>\nCHP Mersin Milletvekili Alpay Antmen ise, &#8220;100 y\u0131l \u00f6nce bu \u00fclkede bir adam inanarak T\u00fcrkiye Cumhuriyeti&#8217;ni kurdu. Ulu \u00d6nder Gazi Mustafa Kemal Atat\u00fcrk &#8216;Benim iki eserim vard\u0131r&#8217; diyor. Biri T\u00fcrkiye Cumhuriyeti. Ne pahas\u0131na olursa olsun onu ilelebet muhafaza ve m\u00fcdafaa edece\u011fiz. Hi\u00e7 kimse bunu akl\u0131ndan \u00e7\u0131karmas\u0131n. 100 y\u0131l \u00f6nce yapt\u0131k yeniden yapaca\u011f\u0131z. \u0130kincisi de ailem ve ferdi olmaktan onur duydu\u011fumuz partimiz, yuvam\u0131z CHP. Atat\u00fcrk&#8217;\u00fcn alt\u0131 okunun pe\u015finde bu \u00fclkede 100 y\u0131l \u00f6nce nas\u0131l saray\u0131n iktidar\u0131n\u0131 y\u0131kt\u0131ysak, iktidar\u0131 halka verdiysek, cumhuriyetimizin kurulu\u015funun 100. y\u0131l\u0131nda saray\u0131n iktidar\u0131n\u0131, saltanat\u0131n\u0131 y\u0131karak halka verece\u011fiz. Sana s\u00f6z Mersin, sana s\u00f6z T\u00fcrkiye&#8221; dedi.<\/p>\n<p>\u00d6m\u00fcr: &#8220;\u0130\u00e7inde ya\u015fad\u0131\u011f\u0131m\u0131z kara k\u0131\u015fa, ekonomik \u00e7\u00f6k\u00fcnt\u00fcye son verece\u011fiz&#8221;<br \/>\nCHP Mersin \u0130l Ba\u015fkan\u0131 Koral \u00d6m\u00fcr ise, &#8220;Ekonomiyi bu duruma sokan Ekonomi Bakan\u0131 Nureddin Nebati, Vali ile beraber insanlara yard\u0131m kolisi da\u011f\u0131t\u0131yorlar. \u0130ktidar\u0131n milletvekili aday\u0131 devletin valisi ile yard\u0131m da\u011f\u0131t\u0131yor. \u0130ktidar\u0131n Ula\u015ft\u0131rma Bakan\u0131 aday olmu\u015f, 5&#8217;li \u00e7etenin u\u00e7a\u011f\u0131yla se\u00e7im \u00e7al\u0131\u015fmas\u0131 yap\u0131yor. Bu israfa, bu saltanata, bu keyfiyete biz son verece\u011fiz. \u0130\u00e7inde ya\u015fad\u0131\u011f\u0131m\u0131z kara k\u0131\u015fa, ekonomik \u00e7\u00f6k\u00fcnt\u00fcye son verece\u011fiz&#8221; dedi. &#8220;\u00dclke huzursuz, umutsuz ama yak\u0131nda bahar gelecek&#8221; diyen \u00d6m\u00fcr, halktan \u00e7al\u0131nanlar\u0131 halka iade edeceklerini, esnaf\u0131n, \u00e7ift\u00e7inin, borcunu sileceklerini kaydetti.<\/p>\n<p>\u00d6zyi\u011fit: &#8220;Bu se\u00e7im \u00e7ok k\u0131ymetli&#8221;<br \/>\nHer se\u00e7imin k\u0131ymetli oldu\u011funu ancak 14 May\u0131s se\u00e7iminin \u00e7ok farkl\u0131 bir \u00f6nemi oldu\u011funu vurgulayan Yeni\u015fehir Belediye Ba\u015fkan\u0131 Abdullah \u00d6zyi\u011fit &#8220;Tek adam sistemine geldikten sonra \u00fclkenin hangi ko\u015fullara ta\u015f\u0131nd\u0131\u011f\u0131n\u0131, hangi olumsuzluklarla kar\u015f\u0131la\u015ft\u0131\u011f\u0131n\u0131 hepimiz ayr\u0131 ayr\u0131 g\u00f6rd\u00fck. Bug\u00fcn CHP Genel Ba\u015fkan\u0131 Say\u0131n Kemal K\u0131l\u0131\u00e7daro\u011flu be\u015f benzemezden bir masa olu\u015fturdu. Her g\u00f6r\u00fc\u015ften insan var masada. Say\u0131n Genel Ba\u015fkan\u0131m\u0131z\u0131n be\u015f ayr\u0131 g\u00f6r\u00fc\u015f\u00fc o masada bir araya getirmesi, bu \u00fclkede Cumhuriyet&#8217;i, demokrasiyi isteyenlerle onun kar\u015f\u0131s\u0131nda olanlar\u0131n kar\u015f\u0131 kar\u015f\u0131ya oldu\u011fu anlam\u0131na geliyor. Onun i\u00e7in \u00e7ok k\u0131ymetli&#8221; diye konu\u015ftu.  <\/p>\n<p>Tarhan: &#8220;Mersin&#8217;in ba\u015faraca\u011f\u0131na inan\u0131yorum&#8221;<br \/>\nMezitli Belediye Ba\u015fkan\u0131 Ne\u015fet Tarhan da, Millet \u0130ttifak\u0131 Aday\u0131 Kemal K\u0131l\u0131\u00e7daro\u011flu&#8217;nu Cumhurba\u015fkan\u0131 se\u00e7mek kadar, TBMM&#8217;nin yap\u0131s\u0131n\u0131n da mutlaka de\u011fi\u015ftirilmesi gerekti\u011fine dikkat \u00e7ekerek &#8220;Parlamenter say\u0131m\u0131z\u0131 da de\u011fi\u015ftirmemiz gerekiyor. Mersin&#8217;in g\u00f6revini yapmas\u0131 gerekiyor. CHP&#8217;li olmayanlar\u0131n da oyunu almam\u0131z gerekiyor. Oyunu art\u0131rmam\u0131z gerekiyor ki milletvekili say\u0131lar\u0131m\u0131z\u0131 artt\u0131ral\u0131m. Ben bunu ba\u015faraca\u011f\u0131m\u0131za inan\u0131yorum. Mersin&#8217;in ba\u015faraca\u011f\u0131na inan\u0131yorum&#8221; ifadelerine yer verdi.<\/p>\n<p>Y\u0131lmaz: &#8220;1 oy Kemal K\u0131l\u0131\u00e7daro\u011flu&#8217;na 1 oy CHP&#8217;ye&#8221;<br \/>\nToplumun t\u00fcm kesimlerinin son g\u00fcne kadar \u00e7al\u0131\u015f\u0131p CHP&#8217;nin oy oranlar\u0131n\u0131 y\u00fckse\u011fe \u00e7ekmesi gerekti\u011fini ifade eden CHP Parti Meclisi \u00dcyesi ve Mersin Milletvekili Aday\u0131 Emre Y\u0131lmaz &#8220;Sizlerde bizlere bu noktada destek olacaks\u0131n\u0131z. Bug\u00fcn bu se\u00e7im \u00c7e\u015fmeli otoban\u0131n\u0131 yapmayanlarla 3. \u00e7evre yolunu yapanlar aras\u0131nda. Bu se\u00e7im Havaliman\u0131n\u0131 bitiremeyenlerle sahili ayd\u0131nl\u0131k yapanlar aras\u0131nda arkada\u015flar. Sizlerin \u00e7abas\u0131 \u00e7ok m\u00fchim. 1 oy Kemal K\u0131l\u0131\u00e7daro\u011flu&#8217;na 1 oy Cumhuriyet Halk Partisi&#8217;ne&#8221; dedi.<\/p>\n","protected":false},"excerpt":{"rendered":"<p>Mersin B\u00fcy\u00fck\u015fehir Belediye Ba\u015fkan\u0131 Vahap Se\u00e7er, Cumhuriyet Halk Partisi (CHP) Mersin Milletvekili Cengiz G\u00f6k\u00e7el&#8217;in Se\u00e7im Ofisi a\u00e7\u0131l\u0131\u015f\u0131na kat\u0131ld\u0131. Vatanda\u015flar\u0131n ve partililerin yo\u011fun ilgi g\u00f6sterdi\u011fi a\u00e7\u0131l\u0131\u015fta konu\u015fan Ba\u015fkan Se\u00e7er, 14 May\u0131s &hellip; <a href=\"https:\/\/akdenizolaygazetesi.com\/?p=25574\" class=\"more-link\">Devam\u0131n\u0131 Oku&#8230;<\/a><\/p>\n","protected":false},"author":2,"featured_media":25575,"comment_status":"open","ping_status":"open","sticky":false,"template":"","format":"standard","meta":[],"categories":[1,2,3],"tags":[],"_links":{"self":[{"href":"https:\/\/akdenizolaygazetesi.com\/index.php?rest_route=\/wp\/v2\/posts\/25574"}],"collection":[{"href":"https:\/\/akdenizolaygazetesi.com\/index.php?rest_route=\/wp\/v2\/posts"}],"about":[{"href":"https:\/\/akdenizolaygazetesi.com\/index.php?rest_route=\/wp\/v2\/types\/post"}],"author":[{"embeddable":true,"href":"https:\/\/akdenizolaygazetesi.com\/index.php?rest_route=\/wp\/v2\/users\/2"}],"replies":[{"embeddable":true,"href":"https:\/\/akdenizolaygazetesi.com\/index.php?rest_route=%2Fwp%2Fv2%2Fcomments&post=25574"}],"version-history":[{"count":1,"href":"https:\/\/akdenizolaygazetesi.com\/index.php?rest_route=\/wp\/v2\/posts\/25574\/revisions"}],"predecessor-version":[{"id":25576,"href":"https:\/\/akdenizolaygazetesi.com\/index.php?rest_route=\/wp\/v2\/posts\/25574\/revisions\/25576"}],"wp:featuredmedia":[{"embeddable":true,"href":"https:\/\/akdenizolaygazetesi.com\/index.php?rest_route=\/wp\/v2\/media\/25575"}],"wp:attachment":[{"href":"https:\/\/akdenizolaygazetesi.com\/index.php?rest_route=%2Fwp%2Fv2%2Fmedia&parent=25574"}],"wp:term":[{"taxonomy":"category","embeddable":true,"href":"https:\/\/akdenizolaygazetesi.com\/index.php?rest_route=%2Fwp%2Fv2%2Fcategories&post=25574"},{"taxonomy":"post_tag","embeddable":true,"href":"https:\/\/akdenizolaygazetesi.com\/index.php?rest_route=%2Fwp%2Fv2%2Ftags&post=25574"}],"curies":[{"name":"wp","href":"https:\/\/api.w.org\/{rel}","templated":true}]}}