{"id":25577,"date":"2023-05-04T13:14:50","date_gmt":"2023-05-04T10:14:50","guid":{"rendered":"http:\/\/akdenizolaygazetesi.com\/?p=25577"},"modified":"2023-05-04T13:14:50","modified_gmt":"2023-05-04T10:14:50","slug":"turkiye-ile-kibris-arasindaki-gonul-koprusunun-simgesi","status":"publish","type":"post","link":"https:\/\/akdenizolaygazetesi.com\/?p=25577","title":{"rendered":"\u201cT\u00fcrkiye ile K\u0131br\u0131s aras\u0131ndaki g\u00f6n\u00fcl k\u00f6pr\u00fcs\u00fcn\u00fcn simgesi\u201d"},"content":{"rendered":"<p>Akdeniz Belediye Ba\u015fkan\u0131 M. Mustafa G\u00fcltak; Hazine ve Maliye Bakan\u0131 ve Mersin Milletvekili Aday\u0131 Do\u00e7. Dr. Nureddin Nebati\u2019nin de yer ald\u0131\u011f\u0131 g\u00f6rkemli bir t\u00f6renle, K\u0131br\u0131s-Mersin aras\u0131 deniz ula\u015f\u0131m\u0131na kazand\u0131r\u0131lan, ticari ve turistik lojisti\u011fi g\u00fc\u00e7lendirecek ADA 74 Feribotu\u2019nun a\u00e7\u0131l\u0131\u015f\u0131na kat\u0131ld\u0131.<br \/>\n \u201cT\u00fcrkiye ile K\u0131br\u0131s aras\u0131ndaki g\u00f6n\u00fcl k\u00f6pr\u00fcs\u00fcn\u00fcn simgesi\u201d<br \/>\nK\u0131br\u0131s T\u00fcrk Denizcilik \u015eirketi b\u00fcnyesinde Mersin-Gazima\u011fusa seferlerine kat\u0131lacak \u201cADA 74\u201d feribotunun ula\u015f\u0131m hizmetine al\u0131nmas\u0131 dolay\u0131s\u0131yla, Mersin Uluslararas\u0131 Liman\u0131&#8217;nda t\u00f6ren d\u00fczenlendi. T\u00f6rene ayr\u0131ca KKTC Bay\u0131nd\u0131rl\u0131k ve Ula\u015ft\u0131rma Bakan\u0131 Erhan Ar\u0131kl\u0131, Mersin Milletvekilleri Hac\u0131 \u00d6zkan ve Ali Cumhur Ta\u015fk\u0131n, Mersin Valisi Ali Hamza Pehlivan, KKTC Mersin Ba\u015fkonsolosu Zalihe Mendeli ve protokol \u00fcyeleri kat\u0131ld\u0131.<br \/>\nG\u00fcltak; \u201cT\u00fcrkiye ile K\u0131br\u0131s aras\u0131ndaki g\u00f6n\u00fcl k\u00f6pr\u00fcs\u00fcn\u00fcn simgesi\u201d<br \/>\nT\u00f6rene kat\u0131lan Akdeniz Belediye Ba\u015fkan\u0131 M. Mustafa G\u00fcltak, bas\u0131n mensuplar\u0131na yapt\u0131\u011f\u0131 a\u00e7\u0131klamada, feribotun hizmete girmesiyle birlikte Mersin-K\u0131br\u0131s aras\u0131 ula\u015f\u0131m\u0131n\u0131n art\u0131k daha h\u0131zl\u0131 ve konforlu olaca\u011f\u0131n\u0131n alt\u0131n\u0131 \u00e7izdi. Ba\u015fkan G\u00fcltak; \u201cGemimizin, hem ticari hem lojistik, ayr\u0131ca ula\u015ft\u0131rma alan\u0131nda kentimize ve \u00fclkemize b\u00fcy\u00fck bir katk\u0131 sa\u011flayaca\u011f\u0131na inan\u0131yorum. Feribotumuz sayesinde gerek vatanda\u015flar\u0131m\u0131z, gerekse \u00fclkemize gelen turistler \u00e7ok daha konforlu ve h\u0131zl\u0131 bir seyahat yapma imk\u00e2n\u0131 elde edecek. T\u00fcrkiye ile K\u0131br\u0131s aras\u0131ndaki g\u00f6n\u00fcl k\u00f6pr\u00fcs\u00fcn\u00fcn de simgesi olacak gemimiz ADA 74; K\u0131br\u0131s\u2019\u0131m\u0131za, Mersinimize, \u00fclkemize ve vatanda\u015flar\u0131m\u0131za hay\u0131rl\u0131 u\u011furlu olsun\u201d dedi.<br \/>\nNebati; \u201cK\u0131br\u0131s&#8217;a olan deste\u011fimizi diri tutmaya devam edece\u011fiz\u201d<br \/>\n\u201cK\u0131br\u0131s\u2019a ula\u015f\u0131m kolayla\u015f\u0131yor\u201d slogan\u0131yla d\u00fczenlenen t\u00f6rende bir konu\u015fma yapan Hazine ve Maliye Bakan\u0131 ve Mersin Milletvekili Do\u00e7. Dr. Nureddin Nebati de KKTC\u2019nin; tarih boyunca T\u00fcrkiye i\u00e7in b\u00fcy\u00fck bir \u00f6neme sahip oldu\u011funun alt\u0131n\u0131 \u00e7izdi. Bakan Nebati; \u201c\u0130ki \u00fclke aras\u0131ndaki k\u00fclt\u00fcrel ba\u011flar ve karde\u015flik ba\u011f\u0131m\u0131z sars\u0131lmayacak derecede g\u00fc\u00e7l\u00fcd\u00fcr.<br \/>\nK\u0131br\u0131s aleyhine uluslararas\u0131 alanda uygulanmakta olan her t\u00fcrl\u00fc ambargo ve k\u0131s\u0131tlamaya ra\u011fmen deste\u011fimizi her daim diri tuttuk, tutmaya da devam edece\u011fiz. \u0130ktisadi ve Mali \u0130\u015fbirli\u011fi Anla\u015fmalar\u0131 ile 2 \u00fclke aras\u0131ndaki ticari ve ekonomik ili\u015fkilerimizi g\u00fc\u00e7lendirmek i\u00e7in \u00e7al\u0131\u015fmalar yapt\u0131k, yapmaya devam edece\u011fiz\u201d ifadelerini kulland\u0131.<br \/>\nADA 74 Feribotu hakk\u0131nda\u2026<br \/>\nModern standartlardaki ADA 74 RoRo Gemisi yakla\u015f\u0131k 93 metre uzunlu\u011funda ve 17 metre geni\u015fli\u011finde. Ayr\u0131ca 300 ki\u015filik kafeterya, 300 ki\u015filik u\u00e7ak pulman koltu\u011fu, y\u00fcksek h\u0131zl\u0131 internet ve televizyon yay\u0131n\u0131 gibi sosyal donat\u0131lara sahip olan feribot, Mersin-Gazima\u011fusa hatt\u0131nda 15 TIR, 25 k\u00fc\u00e7\u00fck ara\u00e7 ve 400 yolcu kapasitesiyle tarifeli seferler ger\u00e7ekle\u015ftirecek. Geminin faaliyete ge\u00e7mesiyle birlikte iki \u00fclke vatanda\u015flar\u0131n\u0131n yan\u0131 s\u0131ra, K\u0131br\u0131s&#8217;a seyahat etmek isteyen yabanc\u0131 turistlerin \u00e7ok daha rahat ve konforlu bir \u015fekilde yolculuk yapmalar\u0131 sa\u011flanacak.<\/p>\n","protected":false},"excerpt":{"rendered":"<p>Akdeniz Belediye Ba\u015fkan\u0131 M. Mustafa G\u00fcltak; Hazine ve Maliye Bakan\u0131 ve Mersin Milletvekili Aday\u0131 Do\u00e7. Dr. Nureddin Nebati\u2019nin de yer ald\u0131\u011f\u0131 g\u00f6rkemli bir t\u00f6renle, K\u0131br\u0131s-Mersin aras\u0131 deniz ula\u015f\u0131m\u0131na kazand\u0131r\u0131lan, ticari &hellip; <a href=\"https:\/\/akdenizolaygazetesi.com\/?p=25577\" class=\"more-link\">Devam\u0131n\u0131 Oku&#8230;<\/a><\/p>\n","protected":false},"author":2,"featured_media":25578,"comment_status":"open","ping_status":"open","sticky":false,"template":"","format":"standard","meta":[],"categories":[2,3,5,11],"tags":[],"_links":{"self":[{"href":"https:\/\/akdenizolaygazetesi.com\/index.php?rest_route=\/wp\/v2\/posts\/25577"}],"collection":[{"href":"https:\/\/akdenizolaygazetesi.com\/index.php?rest_route=\/wp\/v2\/posts"}],"about":[{"href":"https:\/\/akdenizolaygazetesi.com\/index.php?rest_route=\/wp\/v2\/types\/post"}],"author":[{"embeddable":true,"href":"https:\/\/akdenizolaygazetesi.com\/index.php?rest_route=\/wp\/v2\/users\/2"}],"replies":[{"embeddable":true,"href":"https:\/\/akdenizolaygazetesi.com\/index.php?rest_route=%2Fwp%2Fv2%2Fcomments&post=25577"}],"version-history":[{"count":1,"href":"https:\/\/akdenizolaygazetesi.com\/index.php?rest_route=\/wp\/v2\/posts\/25577\/revisions"}],"predecessor-version":[{"id":25579,"href":"https:\/\/akdenizolaygazetesi.com\/index.php?rest_route=\/wp\/v2\/posts\/25577\/revisions\/25579"}],"wp:featuredmedia":[{"embeddable":true,"href":"https:\/\/akdenizolaygazetesi.com\/index.php?rest_route=\/wp\/v2\/media\/25578"}],"wp:attachment":[{"href":"https:\/\/akdenizolaygazetesi.com\/index.php?rest_route=%2Fwp%2Fv2%2Fmedia&parent=25577"}],"wp:term":[{"taxonomy":"category","embeddable":true,"href":"https:\/\/akdenizolaygazetesi.com\/index.php?rest_route=%2Fwp%2Fv2%2Fcategories&post=25577"},{"taxonomy":"post_tag","embeddable":true,"href":"https:\/\/akdenizolaygazetesi.com\/index.php?rest_route=%2Fwp%2Fv2%2Ftags&post=25577"}],"curies":[{"name":"wp","href":"https:\/\/api.w.org\/{rel}","templated":true}]}}