{"id":25586,"date":"2023-05-04T16:30:04","date_gmt":"2023-05-04T13:30:04","guid":{"rendered":"http:\/\/akdenizolaygazetesi.com\/?p=25586"},"modified":"2023-05-04T16:30:04","modified_gmt":"2023-05-04T13:30:04","slug":"baskan-yilmazdan-deprem-surecinde-fedakarca-gorev-alan-calisma-arkadaslarina-tesekkur-belgesi","status":"publish","type":"post","link":"https:\/\/akdenizolaygazetesi.com\/?p=25586","title":{"rendered":"BA\u015eKAN YILMAZ&#8217;DAN, DEPREM S\u00dcREC\u0130NDE FEDAK\u00c2RCA G\u00d6REV ALAN \u00c7ALI\u015eMA ARKADA\u015eLARINA TE\u015eEKK\u00dcR BELGES\u0130"},"content":{"rendered":"<p>Toroslar Belediye Ba\u015fkan\u0131 Ats\u0131z Af\u015f\u0131n Y\u0131lmaz, depremin oldu\u011fu ilk andan itibaren afet b\u00f6lgesinde ve belediyenin Deprem Koordinasyon Merkezinde fedak\u00e2rca g\u00f6rev alan \u00e7al\u0131\u015fma arkada\u015flar\u0131 ile bir araya gelerek, te\u015fekk\u00fcr belgesi takdim etti.<\/p>\n<p>Ba\u015fkan Y\u0131lmaz; &#8220;100 y\u0131l \u00f6nce Kurtulu\u015f Sava\u015f\u0131&#8217;nda oldu\u011fu gibi, bu ac\u0131 g\u00fcnde, dar g\u00fcnde milli m\u00fccadele ruhuyla bir araya gelebilece\u011fimizi t\u00fcm milletimizle birlikte g\u00f6sterdik. Dayan\u0131\u015fma ruhumuz var olduk\u00e7a bizi hi\u00e7bir g\u00fc\u00e7 yenemez&#8221; dedi.<\/p>\n<p>6 YA\u015eINDAK\u0130 N\u0130DA Y\u00dcKSEL DE BA\u015eKAN YILMAZ&#8217;DAN PLAKET ALDI<\/p>\n<p>Yunus Emre K\u00fclt\u00fcr Merkezi&#8217;nde d\u00fczenlenen programda g\u00f6n\u00fcll\u00fc vatanda\u015flar da unutulmad\u0131. Ba\u015fkan Y\u0131lmaz, yard\u0131m \u00e7al\u0131\u015fmalar\u0131na kat\u0131lan en k\u00fc\u00e7\u00fck g\u00f6n\u00fcll\u00fc Nida Y\u00fcksel&#8217;e de plaket vererek, o k\u00fc\u00e7\u00fck y\u00fcre\u011fi ile g\u00f6n\u00fcllere dokunmas\u0131ndan dolay\u0131 te\u015fekk\u00fcr etti.<\/p>\n<p>Ba\u015fkan Y\u0131lmaz, belediye personelinin \u00e7al\u0131\u015fmalar\u0131na destek veren belediye meclis \u00fcyelerine de te\u015fekk\u00fcr etti.<\/p>\n<p>TOROSLAR BELED\u0130YES\u0130, T\u00dcM \u0130MK\u00c2NLARIYLA DEPREMZEDELER\u0130N YANINDA OLDU<\/p>\n<p>Toroslar Belediyesi, 6 \u015eubat tarihinde \u00fclkemizi derinden sarsan Kahramanmara\u015f merkezli deprem felaketinin ard\u0131ndan t\u00fcm imkan ve personeliyle \u00f6rnek bir dayan\u0131\u015fma \u00f6rne\u011fi g\u00f6sterdi.<\/p>\n<p>Belediye, afet b\u00f6lgesindeki arama kurtarma \u00e7al\u0131\u015fmalar\u0131n\u0131n ard\u0131ndan enkaz kald\u0131rmaya, yard\u0131m malzemelerinin ula\u015ft\u0131r\u0131lmas\u0131ndan depremzedelerin Mersin&#8217;e getirilmesine kadar gece g\u00fcnd\u00fcz i\u015f makineleri, ekipman ve ara\u00e7lar\u0131yla destek verdi.<\/p>\n<p>Toroslar Belediyesinin Acil Durum Afet ve Zab\u0131ta ekiplerinin yan\u0131 s\u0131ra Toroslar Belediyesinin ambulans\u0131 da yaralanan depremzedelerin nakillerinde g\u00f6rev ald\u0131.<\/p>\n<p>Yunus Emre K\u00fclt\u00fcr Merkezi&#8217;nde olu\u015fturulan Acil Destek Merkezi&#8217;nde, t\u00fcm birimlerde g\u00f6rev alan personelin ve g\u00f6n\u00fcll\u00fc vatanda\u015flar\u0131n deste\u011fi ile yard\u0131mlar \u00e7\u0131\u011f gibi b\u00fcy\u00fcd\u00fc. Konaklama, s\u0131cak yemek, giyim, psikolojik destek, sa\u011fl\u0131k, \u00c7ocuk Dan\u0131\u015fma Merkezi, ara\u00e7 koordinasyon ve \u00f6zel gereksinimli birey deste\u011fi hizmetinin verildi\u011fi merkez, Mersin Valili\u011fi, Toroslar Kaymakaml\u0131\u011f\u0131 ve AFAD ba\u015fta olmak \u00fczere t\u00fcm kurumlarla da koordineli \u00e7al\u0131\u015fmalar y\u00fcr\u00fctt\u00fc.<\/p>\n<p>Belediyeye m\u00fcracaat eden depremzede vatanda\u015flar\u0131n bar\u0131nma, k\u0131yafet, g\u0131da, temizlik ve hijyen malzemeleri gibi ihtiya\u00e7lar\u0131 imkanlar \u00f6l\u00e7\u00fcs\u00fcnde kar\u015f\u0131land\u0131.<\/p>\n<p>Toroslar Belediyesi, depremin ard\u0131ndan yard\u0131m ve destek \u00e7al\u0131\u015fmalar\u0131na kat\u0131lan belediye personeli ve g\u00f6n\u00fcll\u00fcler i\u00e7in bir te\u015fekk\u00fcr program\u0131 d\u00fczenledi.<\/p>\n<p>Ba\u015fkan Y\u0131lmaz, programda her bir personeline ve g\u00f6n\u00fcll\u00fclere te\u015fekk\u00fcr belgesi takdim etti.<\/p>\n<p>&#8220;H\u0130\u00c7B\u0130R ZORLU\u011eU D\u0130KKATE ALMADAN CANLA BA\u015eLA \u00c7ALI\u015eTILAR&#8221;<\/p>\n<p>Ba\u015fkan Y\u0131lmaz, personeline ve t\u00fcm kat\u0131l\u0131mc\u0131lara seslenerek; &#8220;G\u00f6reve ba\u015flayal\u0131 4 y\u0131l oldu. O g\u00fcnden bug\u00fcne 2 bu\u00e7uk y\u0131l pandemi ya\u015fad\u0131k. Pandemiyi atlatt\u0131ktan sonra 6 \u015eubat g\u00fcn\u00fc saat 4.17&#8217;da deprem haberi ald\u0131k. \u00dclkemizi, milletimizi derinden yaralayan kay\u0131plar\u0131m\u0131z oldu. Depremde hayat\u0131n\u0131 kaybeden karde\u015flerimize Allah&#8217;tan rahmet, yaralananlara acil \u015fifalar diliyorum. Evi, yuvas\u0131 y\u0131k\u0131lan t\u00fcm karde\u015flerimizin de bir an \u00f6nce eski g\u00fcnlerine kavu\u015fmas\u0131n\u0131 temenni ediyorum. Deprem saatinden itibaren \u00e7al\u0131\u015fma arkada\u015flar\u0131m\u0131z, hi\u00e7bir zorlu\u011fu dikkate almadan \u00e7al\u0131\u015fmaya ba\u015flad\u0131lar. Saat 05.00 olmadan Yunus Emre K\u00fclt\u00fcr Merkezimize intikal ettiler. Say\u0131n Valimiz, Kaymakam\u0131m\u0131z ve Emniyet M\u00fcd\u00fcr\u00fcm\u00fczle g\u00f6r\u00fc\u015ferek Mersin&#8217;deki durum ile ilgili isti\u015farede bulunduk.  Daha sonra 11 ilimizde ger\u00e7ekle\u015fmi\u015f olan depremin a\u011f\u0131rl\u0131\u011f\u0131n\u0131 hissettik. Ve o andan itibaren hep beraber seferberlik ilan ettik&#8221; diye konu\u015ftu.<\/p>\n<p>&#8220;BU \u00c7ALI\u015eMA S\u0130YASET \u00dcST\u00dc, M\u0130LL\u0130 B\u0130R G\u00d6REV&#8221;<\/p>\n<p>Deprem b\u00f6lgesinden kente gelen depremzedeleri yaln\u0131z b\u0131rakmad\u0131klar\u0131n\u0131 s\u00f6yleyen Ba\u015fkan Y\u0131lmaz; &#8220;Depremzede karde\u015flerimize Yunus Emre K\u00fclt\u00fcr Merkezimizde hizmet verdik. K\u0131ymetli Kaymakam\u0131m\u0131z ve k\u0131ymetli kamu personeliyle hizmet etmeye devam ediyoruz. \u00c7ok \u015f\u00fck\u00fcr aln\u0131m\u0131z\u0131n ak\u0131yla bu \u00e7al\u0131\u015fmay\u0131 ger\u00e7ekle\u015ftirdik. Bunu sizlerle ger\u00e7ekle\u015ftirdik. Depremin ard\u0131ndan yard\u0131m t\u0131rlar\u0131m\u0131z\u0131 t\u00f6renle g\u00f6nderdik. Deprem b\u00f6lgesinde \u00f6nce arama kurtarma, daha sonra da enkaz kald\u0131rma \u00e7al\u0131\u015fmalar\u0131na kat\u0131lan \u00e7al\u0131\u015fma arkada\u015flar\u0131m\u0131z da kahramanca m\u00fccadele ettiler. Allah hepinizden raz\u0131 olsun. Biz burada bunun i\u00e7in var\u0131z. 17 g\u00fcnl\u00fck tam kapanma s\u00fcrecinde yine sizlerle birlikte seferberlik ilan etmi\u015ftik. 444 41 33 numaral\u0131 telefonumuzu ileterek, ne derdiniz, ne s\u0131k\u0131nt\u0131n\u0131z varsa biz buna \u00e7are olal\u0131m demi\u015ftik. Sizler de g\u00f6revinizi en iyi \u015fekilde yapt\u0131n\u0131z. Bu asl\u0131nda siyaset \u00fcst\u00fc, milli bir g\u00f6rev. Bizler, toplumda farkl\u0131 gruplar\u0131n ihtiya\u00e7lar\u0131n\u0131 g\u00f6ren, anlayan, ileti\u015fim kuran ve bu ihtiya\u00e7lar\u0131 devletimiz, milletimiz ad\u0131na kar\u015f\u0131layan insanlar\u0131z. Bu konuda da \u00e7ok \u015f\u00fck\u00fcr ba\u015far\u0131l\u0131y\u0131z. Bu \u015fekilde \u00e7al\u0131\u015fmaya devam edece\u011fiz&#8221; ifadelerini kulland\u0131.<\/p>\n<p>Bu seferberli\u011fin yan\u0131nda olan t\u00fcm g\u00f6n\u00fcll\u00fc vatanda\u015flara da te\u015fekk\u00fcr eden Ba\u015fkan Y\u0131lmaz; &#8220;G\u00f6n\u00fcll\u00fc karde\u015flerimiz de depremin ilk an\u0131ndan itibaren bizler \u00e7a\u011f\u0131rmadan Yunus Emre K\u00fclt\u00fcr Merkezimizdeki \u00e7al\u0131\u015fmalara kat\u0131ld\u0131lar. T\u00fcm karde\u015flerimize te\u015fekk\u00fcr ediyorum. Bu deprem s\u00fcrecinde dayan\u0131\u015fma ruhunun ne kadar y\u00fcksek oldu\u011funu g\u00f6sterdik. Devlet- millet el ele bu s\u00fcreci atlat\u0131yoruz&#8221; \u015feklinde konu\u015ftu.<\/p>\n","protected":false},"excerpt":{"rendered":"<p>Toroslar Belediye Ba\u015fkan\u0131 Ats\u0131z Af\u015f\u0131n Y\u0131lmaz, depremin oldu\u011fu ilk andan itibaren afet b\u00f6lgesinde ve belediyenin Deprem Koordinasyon Merkezinde fedak\u00e2rca g\u00f6rev alan \u00e7al\u0131\u015fma arkada\u015flar\u0131 ile bir araya gelerek, te\u015fekk\u00fcr belgesi takdim &hellip; <a href=\"https:\/\/akdenizolaygazetesi.com\/?p=25586\" class=\"more-link\">Devam\u0131n\u0131 Oku&#8230;<\/a><\/p>\n","protected":false},"author":2,"featured_media":25587,"comment_status":"open","ping_status":"open","sticky":false,"template":"","format":"standard","meta":[],"categories":[3,5],"tags":[],"_links":{"self":[{"href":"https:\/\/akdenizolaygazetesi.com\/index.php?rest_route=\/wp\/v2\/posts\/25586"}],"collection":[{"href":"https:\/\/akdenizolaygazetesi.com\/index.php?rest_route=\/wp\/v2\/posts"}],"about":[{"href":"https:\/\/akdenizolaygazetesi.com\/index.php?rest_route=\/wp\/v2\/types\/post"}],"author":[{"embeddable":true,"href":"https:\/\/akdenizolaygazetesi.com\/index.php?rest_route=\/wp\/v2\/users\/2"}],"replies":[{"embeddable":true,"href":"https:\/\/akdenizolaygazetesi.com\/index.php?rest_route=%2Fwp%2Fv2%2Fcomments&post=25586"}],"version-history":[{"count":1,"href":"https:\/\/akdenizolaygazetesi.com\/index.php?rest_route=\/wp\/v2\/posts\/25586\/revisions"}],"predecessor-version":[{"id":25588,"href":"https:\/\/akdenizolaygazetesi.com\/index.php?rest_route=\/wp\/v2\/posts\/25586\/revisions\/25588"}],"wp:featuredmedia":[{"embeddable":true,"href":"https:\/\/akdenizolaygazetesi.com\/index.php?rest_route=\/wp\/v2\/media\/25587"}],"wp:attachment":[{"href":"https:\/\/akdenizolaygazetesi.com\/index.php?rest_route=%2Fwp%2Fv2%2Fmedia&parent=25586"}],"wp:term":[{"taxonomy":"category","embeddable":true,"href":"https:\/\/akdenizolaygazetesi.com\/index.php?rest_route=%2Fwp%2Fv2%2Fcategories&post=25586"},{"taxonomy":"post_tag","embeddable":true,"href":"https:\/\/akdenizolaygazetesi.com\/index.php?rest_route=%2Fwp%2Fv2%2Ftags&post=25586"}],"curies":[{"name":"wp","href":"https:\/\/api.w.org\/{rel}","templated":true}]}}