{"id":25593,"date":"2023-05-05T13:10:15","date_gmt":"2023-05-05T10:10:15","guid":{"rendered":"http:\/\/akdenizolaygazetesi.com\/?p=25593"},"modified":"2023-05-05T13:10:15","modified_gmt":"2023-05-05T10:10:15","slug":"yeni-mahalle-halki-buyuksehirin-hizmetlerinden-memnun","status":"publish","type":"post","link":"https:\/\/akdenizolaygazetesi.com\/?p=25593","title":{"rendered":"YEN\u0130 MAHALLE HALKI B\u00dcY\u00dcK\u015eEH\u0130R&#8217;\u0130N H\u0130ZMETLER\u0130NDEN MEMNUN"},"content":{"rendered":"<p>Mersin B\u00fcy\u00fck\u015fehir Belediye Ba\u015fkan\u0131 Vahap Se\u00e7er, Cumhuriyet Halk Partisi (CHP) Mersin Milletvekili Aday\u0131 G\u00fclcan K\u0131\u015f ile birlikte Akdeniz \u0130l\u00e7esi Yeni Mahalle&#8217;de yer alan pazar yerini ziyaret ederek, esnaf ve vatanda\u015fla \u00fclkenin i\u00e7inde bulundu\u011fu ekonomik durum ve pahal\u0131l\u0131k hakk\u0131nda sohbet etti.<\/p>\n<p>Vatanda\u015flar\u0131n; &#8220;L\u00fctfen bahar gelsin art\u0131k, her \u015fey \u00e7ok pahal\u0131&#8221; demesi \u00fczerine Se\u00e7er, &#8220;Daha iyi olaca\u011f\u0131z. T\u00fcrkiye, Mersin gibi olacak&#8221; dedi.  Se\u00e7er, CHP Mersin Milletvekili G\u00fclcan K\u0131\u015f&#8217;\u0131 vatanda\u015flara tan\u0131tt\u0131.<\/p>\n<p>Ba\u015fkan Se\u00e7er&#8217;e ziyaretlerinde; CHP Mersin Milletvekili Aday\u0131 G\u00fclcan K\u0131\u015f, CHP Akdeniz \u0130l\u00e7e Ba\u015fkan\u0131 Semih Palamut, Yeni Mahalle Muhtar\u0131 Habib Aks\u0131n, \u00dc\u00e7ocak Mahalle Muhtar\u0131 Mehmet G\u00fcndo\u011fdu e\u015flik etti.<\/p>\n<p>Vatanda\u015flar B\u00fcy\u00fck\u015fehir&#8217;in hizmetlerinden memnun<br \/>\nPazara girer girmez vatanda\u015flar\u0131n; &#8220;Sizin hizmetlerinizi \u00e7ok be\u011feniyoruz&#8221; c\u00fcmleleri ile kar\u015f\u0131lanan Ba\u015fkan Se\u00e7er, pazar ziyareti boyunca yo\u011fun ilgi ve sevgi g\u00f6rd\u00fc. Vatanda\u015flarla sohbet eden Ba\u015fkan Se\u00e7er, onlardan B\u00fcy\u00fck\u015fehir ile ilgili gelen talepleri b\u00fcrokratlar\u0131na not ald\u0131rd\u0131. Pazarc\u0131 esnaf\u0131na &#8220;Hay\u0131rl\u0131 i\u015fler, bereketli olsun&#8221; diyen Ba\u015fkan Se\u00e7er, 7&#8217;den 77&#8217;ye herkesle sohbet edip, soru ve talepleri de dinledi.<\/p>\n<p>Pazar yerinde \u00c7ay Mahallesi&#8217;nden bir vatanda\u015f Ba\u015fkan Se\u00e7er&#8217;e mahallelerine yap\u0131lan hizmetler i\u00e7in te\u015fekk\u00fcr etti. Ziyaretinde gen\u00e7lerle de sohbet eden Se\u00e7er, B\u00fcy\u00fck\u015fehir Belediyesi&#8217;nin E\u011fitim \u00d6\u011fretimi Destekleme Kurs Merkezleri hakk\u0131nda gen\u00e7leri bilgilendirerek kay\u0131t yapt\u0131rmalar\u0131 konusunda \u00f6neride bulundu. Se\u00e7er, gen\u00e7lere sahilde yer alan Adres Okuma Salonu&#8217;na gitmeleri gerekti\u011fini \u00f6\u011f\u00fctlerken, gen\u00e7ler de \u00e7ok be\u011fendiklerini s\u00f6yledi.<\/p>\n<p>Se\u00e7er: &#8220;Her \u015fey g\u00fczel olacak&#8221;<br \/>\nBa\u015fkan Se\u00e7er ile pazar fiyatlar\u0131 hakk\u0131nda sohbet eden vatanda\u015flar,  bu durumun 15 May\u0131s&#8217;tan sonra d\u00fczelmesi gerekti\u011fini dile getirerek, &#8220;Yeni bir bahar&#8221; dediler. Se\u00e7er de &#8220;Her \u015fey g\u00fczel olacak&#8221; dedi.  Vatanda\u015flar Ba\u015fkan Se\u00e7er&#8217;e; &#8220;Ba\u015fkan\u0131m her zaman arkan\u0131zday\u0131z. Ba\u015fkan 1 numara. Ba\u015fkan\u0131m sizinle gurur duyuyoruz&#8221; ifadelerini kulland\u0131lar. <\/p>\n<p>&#8220;T\u00fcrkiye&#8217;de sorun istikrars\u0131zl\u0131k&#8221;<br \/>\nBas\u0131n mensuplar\u0131n\u0131n pazardaki fiyatlar\u0131 sormas\u0131 \u00fczerine konu\u015fan Ba\u015fkan Se\u00e7er, &#8220;Baz\u0131lar\u0131n\u0131n fiyat\u0131 d\u00fc\u015fm\u00fc\u015f, baz\u0131lar\u0131 y\u00fcksek. \u00d6nemli olan ne d\u00fc\u015f\u00fck olmas\u0131 ne de \u00e7ok y\u00fcksek olmas\u0131, bir dengenin olmas\u0131 laz\u0131m. T\u00fcrkiye&#8217;de sorun istikrars\u0131zl\u0131k. Bir tarafta \u00fcretici kazan\u0131p t\u00fcketici \u015fik\u00e2yet ederse de uygun de\u011fil,  tam tersi t\u00fcketici memnun olup \u00fcretici \u015fikayet ederse o da istenmeyen bir durum. Fiyat istikrar\u0131 olmas\u0131 laz\u0131m. T\u00fcrkiye&#8217;de bu denge kayboluyor&#8221; dedi.<\/p>\n<p>&#8220;\u0130yi y\u00f6netilmeyen bir tar\u0131m sekt\u00f6r\u00fc var&#8221;<br \/>\nBunun temel sebebinin tar\u0131m girdileri \u00e7ok artmas\u0131 oldu\u011funu belirten Se\u00e7er, &#8220;G\u00fcbresi, mazotu, \u00f6zellikle sebze tohumlar\u0131, ithal tohumlar d\u00f6vize endeksli oldu\u011fu i\u00e7in \u00e7ok y\u00fckseldi. Ekonomik kriz nedeniyle d\u00f6viz art\u0131nca o da artt\u0131. Yanl\u0131\u015f tar\u0131m politikalar\u0131. 20 y\u0131ld\u0131r ayn\u0131 anlay\u0131\u015f y\u00f6netiyor T\u00fcrkiye&#8217;yi. Bug\u00fcn hala sebze-meyve fiyatlar\u0131 y\u00fckseliyor ya da dengesiz a\u015f\u0131r\u0131 art\u0131\u015flar, d\u00fc\u015f\u00fc\u015fler oluyorsa ya da \u00fcretici memnuniyetsizse, demek ki yanl\u0131\u015f giden bir \u015fey var. \u0130yi y\u00f6netilmeyen bir tar\u0131m sekt\u00f6r\u00fc var. Umut ediyorum 15 May\u0131s&#8217;tan sonra daha \u00fcretim odakl\u0131, daha \u00fcreticiyi destekleyici, ithal anlay\u0131\u015fta de\u011fil de bu topraklarda yap\u0131lan \u00fcretimin esas al\u0131nd\u0131\u011f\u0131, \u00e7ift\u00e7iye destek olundu\u011fu bir \u00fcretim modeline ge\u00e7eriz. Hem tar\u0131m sekt\u00f6r\u00fc daha iyi noktalarda olur hem de t\u00fcketiciyi rahats\u0131z edecek fiyatlarla kar\u015f\u0131la\u015fmay\u0131z. Her \u015fey g\u00fczel olacak&#8221; diye konu\u015ftu.<\/p>\n<p>&#8220;T\u00fcrkiye&#8217;de vergi oranlar\u0131 son derece y\u00fcksek&#8221;<br \/>\nFiyatlar kar\u015f\u0131s\u0131nda dar gelirli insanlar\u0131n rahat ya\u015famas\u0131n\u0131n m\u00fcmk\u00fcn olmayaca\u011f\u0131na dikkat \u00e7eken Ba\u015fkan Se\u00e7er, esnaf veya i\u015f\u00e7i, memur gibi sabit gelirli olanlar\u0131nda s\u0131k\u0131nt\u0131 ya\u015fad\u0131\u011f\u0131n\u0131 s\u00f6yledi. Esnaf sabit giderleri oldu\u011funu aktaran Ba\u015fkan Se\u00e7er &#8220;D\u00fckkan\u0131 a\u00e7\u0131p kapasa belli \u00fccretleri var. \u00c7al\u0131\u015fan\u0131 varsa maa\u015f\u0131, SGK&#8217;s\u0131, elektri\u011fi, suyu, telefonu ve sabit giderleri var. T\u00fcrkiye&#8217;de vergi oranlar\u0131 son derece y\u00fcksek. \u00c7\u00fcnk\u00fc T\u00fcrkiye cari harcamalar\u0131n\u0131n y\u00fczde 85&#8221;ini toplad\u0131\u011f\u0131 vergiyle yap\u0131yor. Gelir vergisi, kurumlar vergisi ya da KDV, \u00d6TV, elektrikten, sudan, havadan her \u015feyden vergi al\u0131yor. Bu y\u00fckler esnaf\u0131n da sabit gelirlinin de dar gelirlinin de belini b\u00fck\u00fcyor. Bir dengesizlik var ekonomide&#8221; \u015feklinde konu\u015ftu.<\/p>\n<p>&#8220;Son y\u0131llarda kaynaklar resmen talan ediliyor&#8221;<br \/>\nT\u00fcrkiye \u00e7ok zengin ve kaynaklar\u0131 olan bir \u00fclke olmakla beraber israf\u0131n da \u00e7ok yo\u011fun oldu\u011fu bir \u00fclke oldu\u011funun alt\u0131n\u0131 \u00e7izen Ba\u015fkan Se\u00e7er \u015funlar\u0131 kaydetti:<br \/>\n&#8220;Son y\u0131llarda kaynaklar resmen talan ediliyor. Bak\u0131n Mersin B\u00fcy\u00fck\u015fehir Belediyesi de bir devlet kurumu. \u0130sraf\u0131 \u00f6nledik, kaliteli i\u015flere y\u00f6neldik. Siz paray\u0131 \u00e7ar\u00e7ur ederseniz, d\u00fcnyan\u0131n paras\u0131n\u0131 ats\u0131nlar size, bir k\u0131ymeti harbiyesi olmaz. Ama k\u0131t kaynaklar\u0131n\u0131z varsa ve bunu d\u00fczg\u00fcn, bilin\u00e7li kullan\u0131yorsan\u0131z, ak\u0131lla idare ediyorsan\u0131z \u00fclkeyi veya \u015fehri, pek\u00e2l\u00e2 yeter. Allah a\u015fk\u0131na \u015fu tezgahlara bak\u0131n bunlar T\u00fcrkiye&#8217;de \u00fcretiliyor. B\u00fct\u00fcn sebze meyve var, bu topraklarda \u00fcretiliyor ama onu bile art\u0131k bulamaz olduk. Yurtd\u0131\u015f\u0131ndan ithal eder duruma geldik. Ciddi bir y\u00f6netimsizlik var, y\u00f6netim zafiyeti var. Demokrasilerde b\u00f6yledir. Gelir biri, se\u00e7ilir, g\u00f6rev yapar, ba\u015far\u0131l\u0131 olursa devam eder, ba\u015far\u0131s\u0131z olursa b\u0131rak\u0131r. Bunlar ne diyor? &#8216;Muhalefet kazan\u0131rsa siyasi darbe olacak&#8217;. Bu anlay\u0131\u015f\u0131n de\u011fi\u015fmesi laz\u0131m.&#8221;<\/p>\n","protected":false},"excerpt":{"rendered":"<p>Mersin B\u00fcy\u00fck\u015fehir Belediye Ba\u015fkan\u0131 Vahap Se\u00e7er, Cumhuriyet Halk Partisi (CHP) Mersin Milletvekili Aday\u0131 G\u00fclcan K\u0131\u015f ile birlikte Akdeniz \u0130l\u00e7esi Yeni Mahalle&#8217;de yer alan pazar yerini ziyaret ederek, esnaf ve vatanda\u015fla &hellip; <a href=\"https:\/\/akdenizolaygazetesi.com\/?p=25593\" class=\"more-link\">Devam\u0131n\u0131 Oku&#8230;<\/a><\/p>\n","protected":false},"author":2,"featured_media":25594,"comment_status":"open","ping_status":"open","sticky":false,"template":"","format":"standard","meta":[],"categories":[1,2,3,5],"tags":[],"_links":{"self":[{"href":"https:\/\/akdenizolaygazetesi.com\/index.php?rest_route=\/wp\/v2\/posts\/25593"}],"collection":[{"href":"https:\/\/akdenizolaygazetesi.com\/index.php?rest_route=\/wp\/v2\/posts"}],"about":[{"href":"https:\/\/akdenizolaygazetesi.com\/index.php?rest_route=\/wp\/v2\/types\/post"}],"author":[{"embeddable":true,"href":"https:\/\/akdenizolaygazetesi.com\/index.php?rest_route=\/wp\/v2\/users\/2"}],"replies":[{"embeddable":true,"href":"https:\/\/akdenizolaygazetesi.com\/index.php?rest_route=%2Fwp%2Fv2%2Fcomments&post=25593"}],"version-history":[{"count":1,"href":"https:\/\/akdenizolaygazetesi.com\/index.php?rest_route=\/wp\/v2\/posts\/25593\/revisions"}],"predecessor-version":[{"id":25595,"href":"https:\/\/akdenizolaygazetesi.com\/index.php?rest_route=\/wp\/v2\/posts\/25593\/revisions\/25595"}],"wp:featuredmedia":[{"embeddable":true,"href":"https:\/\/akdenizolaygazetesi.com\/index.php?rest_route=\/wp\/v2\/media\/25594"}],"wp:attachment":[{"href":"https:\/\/akdenizolaygazetesi.com\/index.php?rest_route=%2Fwp%2Fv2%2Fmedia&parent=25593"}],"wp:term":[{"taxonomy":"category","embeddable":true,"href":"https:\/\/akdenizolaygazetesi.com\/index.php?rest_route=%2Fwp%2Fv2%2Fcategories&post=25593"},{"taxonomy":"post_tag","embeddable":true,"href":"https:\/\/akdenizolaygazetesi.com\/index.php?rest_route=%2Fwp%2Fv2%2Ftags&post=25593"}],"curies":[{"name":"wp","href":"https:\/\/api.w.org\/{rel}","templated":true}]}}