{"id":25599,"date":"2023-05-05T13:14:12","date_gmt":"2023-05-05T10:14:12","guid":{"rendered":"http:\/\/akdenizolaygazetesi.com\/?p=25599"},"modified":"2023-05-05T13:14:12","modified_gmt":"2023-05-05T10:14:12","slug":"depremzede-cocuklar-buyuksehirin-etkinlikleri-ile-cok-egleniyor","status":"publish","type":"post","link":"https:\/\/akdenizolaygazetesi.com\/?p=25599","title":{"rendered":"DEPREMZEDE \u00c7OCUKLAR B\u00dcY\u00dcK\u015eEH\u0130R&#8217;\u0130N ETK\u0130NL\u0130KLER\u0130 \u0130LE \u00c7OK E\u011eLEN\u0130YOR"},"content":{"rendered":"<p>Deprem felaketinin \u00fczerinden 3 ay ge\u00e7mesine ra\u011fmen ya\u015fan\u0131lan ac\u0131lar tazeli\u011fini korurken, yakla\u015f\u0131k 400 bin ki\u015finin g\u00f6\u00e7 etti\u011fi Mersin&#8217;de B\u00fcy\u00fck\u015fehir Belediyesi, yapt\u0131\u011f\u0131 \u00e7al\u0131\u015fmalar ile depremzedelere kol kanat olmaya devam ediyor.<\/p>\n<p>Ge\u00e7ici bar\u0131nma merkezlerinden g\u0131da ihtiyac\u0131na, ula\u015f\u0131mdan psikososyal deste\u011fe, e\u011fitimden sa\u011fl\u0131\u011fa kadar t\u00fcm imkanlar\u0131n\u0131 depremzede vatanda\u015flara sunan B\u00fcy\u00fck\u015fehir Belediyesi, felaketi ya\u015fayan \u00e7ocuklar\u0131 da unutmad\u0131. K\u00fclt\u00fcr ve Sosyal \u0130\u015fler Dairesi Ba\u015fkanl\u0131\u011f\u0131 taraf\u0131ndan hayata ge\u00e7irilen &#8216;Oynaya Oynaya Gelin \u00c7ocuklar&#8217; isimli projeyle, ge\u00e7ici bar\u0131nma merkezlerinde kalan \u00e7ocuklara e\u011flenceli vakit ge\u00e7irtildi.<\/p>\n<p>Matyar: &#8220;Amac\u0131m\u0131z \u00e7ocuklar\u0131n afet durumundan kopmalar\u0131n\u0131 sa\u011flamak&#8221;<\/p>\n<p>Ama\u00e7lar\u0131n\u0131n, \u00e7ocuklar\u0131n afet durumundan kopmalar\u0131 ve biraz daha e\u011flenceli vakit ge\u00e7irmelerini sa\u011flamak oldu\u011funu s\u00f6yleyen K\u00fclt\u00fcr ve Sosyal \u0130\u015fler Dairesi Ba\u015fkanl\u0131\u011f\u0131 K\u00fclt\u00fcr Hizmetleri ve Sanat Topluluklar\u0131 \u015eube M\u00fcd\u00fcr\u00fc Eylem Matyar, &#8220;Afet b\u00f6lgesinden kentimize gelen ve B\u00fcy\u00fck\u015fehir Belediyemizin a\u00e7t\u0131\u011f\u0131 ge\u00e7ici bar\u0131nma merkezlerinde konaklayan \u00e7ocuklar\u0131n, o afet durumundan kopmalar\u0131 ve biraz daha e\u011flenceli vakit ge\u00e7irmeleri i\u00e7in y\u00fcz boyama, halat \u00e7ekme, top ta\u015f\u0131ma, \u00e7\u00f6mlek yapt\u0131rma gibi etkinlikler yap\u0131yoruz. Geleneksel oyunlarla birlikte \u00e7ocuklara e\u011flenceli, g\u00fczel vakit ge\u00e7irtmeye \u00e7al\u0131\u015f\u0131yoruz. Geri d\u00f6n\u00fc\u015fler \u00e7ok g\u00fczel, \u00e7ocuklar \u00e7ok e\u011fleniyor, o ortamdan kopuyorlar ve \u00e7\u0131k\u0131yorlar&#8221; dedi.<\/p>\n<p>\u00c7ocuklar \u00e7ok mutlu oldu<\/p>\n<p>Ailesiyle birlikte Ad\u0131yaman&#8217;dan kentimize gelen ve Erdemli Yeni Hal&#8217;inde olu\u015fturulan ge\u00e7ici bar\u0131nma merkezinde kalan Muhammed \u00c7a\u011fr\u0131 isimli depremzede \u00e7ocuk, etkinliklerde \u00e7ok e\u011flendi\u011fini s\u00f6yleyerek, &#8220;Burada \u00e7ok e\u011fleniyoruz. Buras\u0131 \u00e7ok g\u00fczel.  K\u0131l\u0131\u00e7 yapt\u0131k, k\u00f6pek yapt\u0131k, ka\u015f\u0131k, \u00e7\u00f6mlek yapt\u0131k, halat \u00e7ekme oyunlar\u0131 oynad\u0131k&#8221; diye konu\u015ftu.<\/p>\n<p>Meryem Sude Merdem ise Kahramanmara\u015f&#8217;\u0131n Nurhak il\u00e7esinden geldiklerini s\u00f6yleyerek, &#8220;Her g\u00fcn oyuncaklarla oynuyoruz. Kre\u015fe gidiyoruz. Burada 3 \u00f6\u011f\u00fcn yeme\u011fimiz oluyor. Bug\u00fcn de balondan k\u00f6pekler yapt\u0131k, suratlar\u0131m\u0131z\u0131 boyad\u0131k, halat \u00e7ekme oynad\u0131k, dans ettik&#8221; dedi.<\/p>\n<p>B\u00fcy\u00fck\u015fehir Belediyesi taraf\u0131ndan Davultepe Mahallesi&#8217;nde olu\u015fturulan ge\u00e7ici bar\u0131nma merkezinde kalan \u00d6znur Kurtbo\u011fan isimli \u00e7ocuk, &#8220;Etkinlikler, y\u00fcz boyama gibi \u015feyler yap\u0131yoruz. Zaman \u00e7ok g\u00fczel ge\u00e7iyor&#8221; diye konu\u015furken, CNR Expo Fuar Alan\u0131&#8217;nda olu\u015fturulan ge\u00e7ici bar\u0131nma merkezinde kalan Duru G\u00f6z\u00fcb\u00fcy\u00fck isimli k\u00fc\u00e7\u00fck depremzede ise, &#8220;Oyun park\u0131nda oynuyorum. Kursa gidiyorum. Ana s\u0131n\u0131f\u0131na ba\u015fl\u0131yorum&#8221; dedikten sonra, \u015fark\u0131 s\u00f6yleyerek Mersinlilere te\u015fekk\u00fcr etti.<\/p>\n<p>Etkinli\u011fi \u00e7ok sevdi\u011fini belirten Sera G\u00fcne\u015f, &#8220;\u00c7ok e\u011flenceliydi, \u00e7ok keyif ald\u0131m ve yeni \u015feyler \u00f6\u011frendim. Ar\u0131l\u0131 b\u00f6l\u00fcme bay\u0131ld\u0131m. Ar\u0131 \u00e7\u0131k\u0131nca \u00e7ok heyecanland\u0131m&#8221; derken, Pelin Suskun, &#8220;Bir teyze ve Nasrettin hoca vard\u0131, sonras\u0131 \u00e7ok komikti. \u00c7ok g\u00fczel bir \u015fey yapt\u0131n\u0131z, \u00e7ok e\u011flenceliydi&#8221; diyerek duygular\u0131n\u0131 dile getirdi.<\/p>\n<p>\u0130ki bebe\u011fiyle etkinli\u011fe geldi\u011fini belirten Hilal Ta\u015fk\u0131ran ise, &#8220;\u00c7ocuklar i\u00e7in g\u00fczel bir etkinlik oldu, mutlu oldular. Bizim i\u00e7in de \u00e7ocuklar\u0131m\u0131z i\u00e7in de g\u00fczel aktiviteler uyguluyorlar. Biz B\u00fcy\u00fck\u015fehir&#8217;de ya\u015famad\u0131\u011f\u0131m\u0131z i\u00e7in, onlar bize geliyor. Biz her aktiviteye kat\u0131lam\u0131yoruz, onlar bizim aya\u011f\u0131m\u0131za getiriyor&#8221; ifadelerini kulland\u0131.<\/p>\n","protected":false},"excerpt":{"rendered":"<p>Deprem felaketinin \u00fczerinden 3 ay ge\u00e7mesine ra\u011fmen ya\u015fan\u0131lan ac\u0131lar tazeli\u011fini korurken, yakla\u015f\u0131k 400 bin ki\u015finin g\u00f6\u00e7 etti\u011fi Mersin&#8217;de B\u00fcy\u00fck\u015fehir Belediyesi, yapt\u0131\u011f\u0131 \u00e7al\u0131\u015fmalar ile depremzedelere kol kanat olmaya devam ediyor. Ge\u00e7ici &hellip; <a href=\"https:\/\/akdenizolaygazetesi.com\/?p=25599\" class=\"more-link\">Devam\u0131n\u0131 Oku&#8230;<\/a><\/p>\n","protected":false},"author":2,"featured_media":25600,"comment_status":"open","ping_status":"open","sticky":false,"template":"","format":"standard","meta":[],"categories":[3],"tags":[],"_links":{"self":[{"href":"https:\/\/akdenizolaygazetesi.com\/index.php?rest_route=\/wp\/v2\/posts\/25599"}],"collection":[{"href":"https:\/\/akdenizolaygazetesi.com\/index.php?rest_route=\/wp\/v2\/posts"}],"about":[{"href":"https:\/\/akdenizolaygazetesi.com\/index.php?rest_route=\/wp\/v2\/types\/post"}],"author":[{"embeddable":true,"href":"https:\/\/akdenizolaygazetesi.com\/index.php?rest_route=\/wp\/v2\/users\/2"}],"replies":[{"embeddable":true,"href":"https:\/\/akdenizolaygazetesi.com\/index.php?rest_route=%2Fwp%2Fv2%2Fcomments&post=25599"}],"version-history":[{"count":1,"href":"https:\/\/akdenizolaygazetesi.com\/index.php?rest_route=\/wp\/v2\/posts\/25599\/revisions"}],"predecessor-version":[{"id":25601,"href":"https:\/\/akdenizolaygazetesi.com\/index.php?rest_route=\/wp\/v2\/posts\/25599\/revisions\/25601"}],"wp:featuredmedia":[{"embeddable":true,"href":"https:\/\/akdenizolaygazetesi.com\/index.php?rest_route=\/wp\/v2\/media\/25600"}],"wp:attachment":[{"href":"https:\/\/akdenizolaygazetesi.com\/index.php?rest_route=%2Fwp%2Fv2%2Fmedia&parent=25599"}],"wp:term":[{"taxonomy":"category","embeddable":true,"href":"https:\/\/akdenizolaygazetesi.com\/index.php?rest_route=%2Fwp%2Fv2%2Fcategories&post=25599"},{"taxonomy":"post_tag","embeddable":true,"href":"https:\/\/akdenizolaygazetesi.com\/index.php?rest_route=%2Fwp%2Fv2%2Ftags&post=25599"}],"curies":[{"name":"wp","href":"https:\/\/api.w.org\/{rel}","templated":true}]}}