{"id":25602,"date":"2023-05-05T13:15:22","date_gmt":"2023-05-05T10:15:22","guid":{"rendered":"http:\/\/akdenizolaygazetesi.com\/?p=25602"},"modified":"2023-05-05T13:15:22","modified_gmt":"2023-05-05T10:15:22","slug":"secerden-genclere-turkiyenin-kaderini-tayin-etmeye-hazir-misiniz","status":"publish","type":"post","link":"https:\/\/akdenizolaygazetesi.com\/?p=25602","title":{"rendered":"SE\u00c7ER&#8217;DEN GEN\u00c7LERE; &#8220;T\u00dcRK\u0130YE&#8217;N\u0130N KADER\u0130N\u0130 TAY\u0130N ETMEYE HAZIR MISINIZ?&#8221;"},"content":{"rendered":"<p>Mersin B\u00fcy\u00fck\u015fehir Belediye Ba\u015fkan\u0131 Vahap Se\u00e7er, CHP Gen\u00e7 Se\u00e7im Ofisi&#8217;ni ziyaret ederek, gen\u00e7lerle bir araya geldi ve keyifli bir sohbet ger\u00e7ekle\u015ftirdi. Se\u00e7er gen\u00e7lerle birlikte masa tenisi, lang\u0131rt ve PlayStation oynay\u0131p, kahve e\u015fli\u011finde sohbet etti. Gen\u00e7ler de Se\u00e7er &#8216;e Mersin&#8217; e yapt\u0131\u011f\u0131 vizyonel projeler ve gen\u00e7lere verdi\u011fi de\u011fer i\u00e7in te\u015fekk\u00fcr etti.<\/p>\n<p>Gen\u00e7lerle tek tek selamla\u015f\u0131p sohbet eden Se\u00e7er, sahilde yer alan Adres Okuma Salonu ile alakal\u0131 da gen\u00e7lerin memnuniyetini dinledi ve \u015fehre bir tane daha a\u00e7acaklar\u0131n\u0131 m\u00fcjdeledi. Daha sonras\u0131nda gen\u00e7lerle oturup kahve i\u00e7en Se\u00e7er, yakla\u015fan se\u00e7imler hakk\u0131nda onlarla sohbet etti.<\/p>\n<p>&#8220;Gen\u00e7lerin oyu, parlamentoya girebilecek, baraj\u0131 a\u015fabilecek bir g\u00fcce sahip&#8221;<br \/>\nGen\u00e7lerin oyunun \u00e7ok \u00f6nemli oldu\u011fundan s\u00f6z edip, gen\u00e7lere seslenen Se\u00e7er, &#8220;Heyecanl\u0131 m\u0131s\u0131n\u0131z? T\u00fcrkiye&#8217;nin kaderini tayin etmeye haz\u0131r m\u0131s\u0131n\u0131z? 48 milyon se\u00e7men olacak ve bunun yakla\u015f\u0131k 5 milyon 200 bini ilk kez oy kullanacak. Bu \u00f6nemli bir rakam. Gen\u00e7lerin oyu parlamentoya girebilecek, baraj\u0131 a\u015fabilecek bir g\u00fcce sahip&#8221; dedi.<\/p>\n<p>&#8220;Bir de\u011fi\u015fim arzusu var&#8221;<br \/>\nGen\u00e7lerde CHP&#8217;ye bir tevecc\u00fch oldu\u011funu da kaydeden Ba\u015fkan Se\u00e7er, anketlerin de bunu g\u00f6sterdi\u011fini dile getirdi. Ba\u015fkan Se\u00e7er, &#8220;Bir\u00e7ok gencimizin de\u011fi\u015fim talebi var. G\u00f6zlerini bu iktidarla a\u00e7t\u0131lar. 18 ya\u015f\u0131nda, ilk kez gidip oy kullanacak, 18 y\u0131ld\u0131r bu iktidarla do\u011fdu, b\u00fcy\u00fcd\u00fc, okula gitti. Ayn\u0131 simalar\u0131 g\u00f6rmenin, ayn\u0131 d\u00fczen i\u00e7erisinde olman\u0131n yaratt\u0131\u011f\u0131 bir yorgunluk da var. Onun i\u00e7in bir de\u011fi\u015fim istiyorlar. Bu \u00e7ok do\u011fal bir talep. Bir de\u011fi\u015fim arzusu var&#8221; diye konu\u015ftu.<\/p>\n<p> &#8220;CHP zihniyeti; \u0130stanbul, Ankara, Mersin ve Adana B\u00fcy\u00fck\u015fehir Belediyeleridir&#8221;<br \/>\n\u0130ktidar\u0131n siyasi beklenti u\u011fruna CHP&#8217;yi ve savundu\u011fu de\u011ferleri k\u00fc\u00e7\u00fcmseyici s\u00f6ylemlerde bulundu\u011funa dikkat \u00e7eken Ba\u015fkan Se\u00e7er, &#8220;\u00d6rne\u011fin Mersin CHP&#8217;li bir zihniyetle y\u00f6netiliyor. Yani bizim zihniyetimiz bu. Somut, analitik her \u015fey. CHP zihniyeti; \u0130stanbul, Ankara, Mersin ve Adana B\u00fcy\u00fck\u015fehir Belediyeleri demektir. Ayr\u0131mc\u0131l\u0131k yapt\u0131\u011f\u0131m\u0131z\u0131 s\u00f6yleyebilirler mi? Yani bir vatanda\u015f diyebilir mi ki; &#8216;Mersin Belediyesi hizmetlerinde ayr\u0131mc\u0131l\u0131k yap\u0131yor. Gen\u00e7ler aras\u0131nda ayr\u0131mc\u0131l\u0131k yap\u0131yor ya da bir k\u00f6ye yol g\u00f6t\u00fcr\u00fcrken, farkl\u0131 bir hizmet g\u00f6t\u00fcr\u00fcrken o k\u00f6y oy vermedi diye cezaland\u0131r\u0131l\u0131yor.&#8217; B\u00f6yle bir \u015fey denebilir mi? M\u00fcmk\u00fcn de\u011fil. Cami de bizim, cemevi de bizim, okul da bizim, kilise de bizim&#8221; dedi.<\/p>\n<p>&#8220;Bu \u00fclkeyi terk etmek de\u011fil, bilakis kalman\u0131n iddias\u0131n\u0131 ortaya koymak laz\u0131m&#8221;<br \/>\nT\u00fcrkiye&#8217;nin bir de\u011fi\u015fime ve d\u00f6n\u00fc\u015f\u00fcme ihtiyac\u0131 oldu\u011funu vurgulayan Ba\u015fkan Se\u00e7er, &#8220;Gen\u00e7ler umutsuz. Bu umutsuzlu\u011fun komplikasyonlar\u0131 gen\u00e7lerde farkl\u0131 bi\u00e7imde kendisini g\u00f6steriyor. Gen\u00e7lik bu anlamda da s\u0131k\u0131nt\u0131 ya\u015f\u0131yor. Yurtd\u0131\u015f\u0131 bir \u00e7areymi\u015f gibi, oysa hi\u00e7 de\u011fil. Daha b\u00fcy\u00fck bir depresyon, daha b\u00fcy\u00fck bir bunal\u0131md\u0131r. Bu \u00fclkeyi terk etmek de\u011fil, bilakis kalman\u0131n iddias\u0131n\u0131 ortaya koymak laz\u0131m&#8221; diye konu\u015ftu. Se\u00e7er, sohbette gen\u00e7lerden Mersin&#8217;e dair baz\u0131 de\u011ferlendirmeler duymak ve \u00f6neri almak istedi\u011fini de ifade ederek, fikirlerini dinlemek istedi ve gen\u00e7lerden gelen soru ve taleplere yan\u0131t verdi.<\/p>\n<p>&#8220;T\u00fcrkiye&#8217;de \u00f6\u011frencisini 1 TL&#8217;ye ta\u015f\u0131yan yegane toplu ta\u015f\u0131ma Mersin B\u00fcy\u00fck\u015fehir&#8221;<br \/>\nBir gen\u00e7ten ula\u015f\u0131m hakk\u0131nda gelen soru \u00fczerine Ba\u015fkan Se\u00e7er, toplu ta\u015f\u0131mada kabul\u00fcn \u00e7ok \u00fczerinde bir destek sunduklar\u0131n\u0131 anlatarak, &#8220;T\u00fcrkiye&#8217;de \u00f6\u011frencisini 1 TL&#8217;ye ta\u015f\u0131yan yegane toplu ta\u015f\u0131ma Mersin B\u00fcy\u00fck\u015fehir&#8217;dir. Bu uygulama da devam edecek. Toplu ta\u015f\u0131mada Mersin \u015fu anda en \u015fansl\u0131 kentlerden bir tanesi&#8221; dedi.<\/p>\n<p>&#8220;Olmas\u0131 gereken y\u00f6netim \u015feklini sergiliyoruz&#8221;<br \/>\nBa\u015fkan Se\u00e7er, gen\u00e7leri as\u0131l heyecanland\u0131racak projenin Metro Projesi oldu\u011funu fakat siyasi engellemelerle kar\u015f\u0131la\u015ft\u0131klar\u0131n\u0131 s\u00f6yledi. Projenin detaylar\u0131n\u0131 gen\u00e7lerle payla\u015fan Se\u00e7er, &#8220;15 May\u0131s&#8217;tan sonra imzalar daha seri olur. Finansman daha s\u00fcratli gelir. Sizi asl\u0131nda rahatlatacak olan sizin de arzu etti\u011finiz; Metro Projesi&#8221; diye konu\u015ftu. Ba\u015fkan Se\u00e7er, bir gen\u00e7ten gelen vizyonel projeler hakk\u0131ndaki te\u015fekk\u00fcre de &#8220;O kadar geride kalm\u0131\u015f\u0131z, o kadar \u00e7a\u011f\u0131n gerisinde kararlar al\u0131nm\u0131\u015f, uygulamalar yap\u0131lm\u0131\u015f ki olmas\u0131 gereken y\u00f6netim \u015feklini sergiliyoruz. \u0130\u015fte o zaman da bir vizyon oluyor&#8221; dedi.<\/p>\n<p>&#8220;Son y\u0131llarda Mersin&#8217;de geli\u015fme var. Bir d\u00f6n\u00fc\u015f\u00fcm var&#8221;<br \/>\nGe\u00e7mi\u015fte b\u00fcy\u00fck\u015fehirlerde okuyan \u00f6\u011frencilerin Mersin&#8217;e d\u00f6nmek istemedi\u011fini fakat art\u0131k bu d\u00fc\u015f\u00fcncenin tam tersine d\u00f6nd\u00fc\u011f\u00fcn\u00fc belirten Ba\u015fkan Se\u00e7er, &#8220;Son y\u0131llarda Mersin&#8217;de geli\u015fme var. Bir d\u00f6n\u00fc\u015f\u00fcm var. Bizim kentimiz \u00e7ok \u00f6zg\u00fcr, \u00e7ok g\u00fczel oldu. Ekonomik olarak da buras\u0131 daha uygun. \u0130nsan ili\u015fkileri daha iyi. Bu a\u00e7\u0131dan gen\u00e7ler buray\u0131 tercih ediyor. Burada asl\u0131nda istihdam iyi y\u00f6nlendirilebilse i\u015f sorunu da olmayacak. \u00c7\u00fcnk\u00fc \u00e7ok h\u0131zl\u0131 geli\u015fen bir kent. \u00c7ok farkl\u0131 sekt\u00f6rler oldu\u011fu i\u00e7in herkesin bir alternatifi var&#8221; ifadelerini kulland\u0131.<\/p>\n<p>Liyakat sahibi ki\u015filerle \u00e7al\u0131\u015fman\u0131n \u00f6nemine de\u011finen Ba\u015fkan Se\u00e7er, &#8220;\u0130\u015fin ehli adamlarla \u00e7al\u0131\u015ft\u0131\u011f\u0131n zaman en kral Belediye Ba\u015fkan\u0131 olursun. \u00c7\u00fcnk\u00fc halk sizi sever, sayar. &#8216;Kaliteli i\u015fler oluyor, \u00e7\u00fcnk\u00fc i\u015fi ehline veriyor&#8217; der. O nedenle i\u015fin erbab\u0131yla \u00e7al\u0131\u015fman\u0131n son derece \u00f6nemli oldu\u011funu d\u00fc\u015f\u00fcn\u00fcyorum&#8221; dedi.<\/p>\n<p>Gen\u00e7leri ve \u00e7ocuklar\u0131 \u00e7ok sevdi\u011fini s\u00f6yleyen Ba\u015fkan Se\u00e7er, &#8220;Bir \u00f6\u011frencinin 6 TL&#8217;ye yemek almas\u0131 \u00f6nemlidir, de\u011ferlidir. Bu bir ger\u00e7e\u011fi g\u00f6rmek, bir sorunu tespit edip ona y\u00f6nelik bir karar almakt\u0131r. 1 TL otob\u00fcs \u00fccreti \u00f6nemlidir. Adres Okuma Salonu yerine \u00e7ok g\u00fczel l\u00fcks bir restoran olurdu ama siz gen\u00e7lerimize a\u00e7t\u0131k. Bunlar \u00fczerine \u00e7al\u0131\u015f\u0131lm\u0131\u015f, bilin\u00e7li uygulamalard\u0131r&#8221; diye konu\u015ftu. \u00d6\u011frencilere de \u00e7ok \u00f6nem verdi\u011fini dile getiren Ba\u015fkan Se\u00e7er, &#8220;\u00c7ama\u015f\u0131r kafeler; &#8216;Bir annenin en fazla d\u00fc\u015f\u00fcnd\u00fc\u011f\u00fc k\u0131z\u0131m \u00e7ama\u015f\u0131rlar\u0131n\u0131 nas\u0131l y\u0131k\u0131yor? Nerede ders \u00e7al\u0131\u015f\u0131yor, karn\u0131 a\u00e7 m\u0131? Bug\u00fcn uyudu mu? Kahvalt\u0131 yapt\u0131 m\u0131?&#8217; gibi konulard\u0131r. \u015eu anda saymakla bitiremeyece\u011fimiz, \u00f6\u011frencilere d\u00f6n\u00fck yakla\u015f\u0131m\u0131m\u0131z buray\u0131 bir \u00f6\u011frenci kenti yapabiliyor. Bizim \u015fu anda \u00fccretsiz olarak dershanelerimize giden 6 bin 500 \u00f6\u011frenci var. Dershanelerimiz birinci s\u0131n\u0131f,  belediyenin g\u00fcvenilirli\u011fi ve \u015fefkati alt\u0131nda&#8221; ifadelerini kulland\u0131.<\/p>\n","protected":false},"excerpt":{"rendered":"<p>Mersin B\u00fcy\u00fck\u015fehir Belediye Ba\u015fkan\u0131 Vahap Se\u00e7er, CHP Gen\u00e7 Se\u00e7im Ofisi&#8217;ni ziyaret ederek, gen\u00e7lerle bir araya geldi ve keyifli bir sohbet ger\u00e7ekle\u015ftirdi. Se\u00e7er gen\u00e7lerle birlikte masa tenisi, lang\u0131rt ve PlayStation oynay\u0131p, &hellip; <a href=\"https:\/\/akdenizolaygazetesi.com\/?p=25602\" class=\"more-link\">Devam\u0131n\u0131 Oku&#8230;<\/a><\/p>\n","protected":false},"author":2,"featured_media":25603,"comment_status":"open","ping_status":"open","sticky":false,"template":"","format":"standard","meta":[],"categories":[3,5],"tags":[],"_links":{"self":[{"href":"https:\/\/akdenizolaygazetesi.com\/index.php?rest_route=\/wp\/v2\/posts\/25602"}],"collection":[{"href":"https:\/\/akdenizolaygazetesi.com\/index.php?rest_route=\/wp\/v2\/posts"}],"about":[{"href":"https:\/\/akdenizolaygazetesi.com\/index.php?rest_route=\/wp\/v2\/types\/post"}],"author":[{"embeddable":true,"href":"https:\/\/akdenizolaygazetesi.com\/index.php?rest_route=\/wp\/v2\/users\/2"}],"replies":[{"embeddable":true,"href":"https:\/\/akdenizolaygazetesi.com\/index.php?rest_route=%2Fwp%2Fv2%2Fcomments&post=25602"}],"version-history":[{"count":1,"href":"https:\/\/akdenizolaygazetesi.com\/index.php?rest_route=\/wp\/v2\/posts\/25602\/revisions"}],"predecessor-version":[{"id":25604,"href":"https:\/\/akdenizolaygazetesi.com\/index.php?rest_route=\/wp\/v2\/posts\/25602\/revisions\/25604"}],"wp:featuredmedia":[{"embeddable":true,"href":"https:\/\/akdenizolaygazetesi.com\/index.php?rest_route=\/wp\/v2\/media\/25603"}],"wp:attachment":[{"href":"https:\/\/akdenizolaygazetesi.com\/index.php?rest_route=%2Fwp%2Fv2%2Fmedia&parent=25602"}],"wp:term":[{"taxonomy":"category","embeddable":true,"href":"https:\/\/akdenizolaygazetesi.com\/index.php?rest_route=%2Fwp%2Fv2%2Fcategories&post=25602"},{"taxonomy":"post_tag","embeddable":true,"href":"https:\/\/akdenizolaygazetesi.com\/index.php?rest_route=%2Fwp%2Fv2%2Ftags&post=25602"}],"curies":[{"name":"wp","href":"https:\/\/api.w.org\/{rel}","templated":true}]}}