{"id":25605,"date":"2023-05-05T13:17:05","date_gmt":"2023-05-05T10:17:05","guid":{"rendered":"http:\/\/akdenizolaygazetesi.com\/?p=25605"},"modified":"2023-05-05T13:17:05","modified_gmt":"2023-05-05T10:17:05","slug":"mersin-ili-orman-yanginlariyla-mucadele-komisyonu-vali-pehlivan-baskanliginda-toplandi","status":"publish","type":"post","link":"https:\/\/akdenizolaygazetesi.com\/?p=25605","title":{"rendered":"Mersin \u0130li Orman Yang\u0131nlar\u0131yla M\u00fccadele Komisyonu Vali Pehlivan Ba\u015fkanl\u0131\u011f\u0131nda Topland\u0131"},"content":{"rendered":"<p>Orman Yang\u0131nlar\u0131n\u0131n \u00f6nlenmesine ili\u015fkin faaliyetlerde, Tar\u0131m ve Orman Bakanl\u0131\u011f\u0131 d\u0131\u015f\u0131ndaki Kurulu\u015flar\u0131n imk\u00e2nlar\u0131ndan yararlanma ve yard\u0131mla\u015fma konusunda 6831 say\u0131l\u0131 Orman Kanununun 69.Maddesine g\u00f6re d\u00fczenlenen ve Bakanlar Kurulunun 10.09.1976 g\u00fcn ve 7\/12520 say\u0131l\u0131 karar\u0131 ile y\u00fcr\u00fcrl\u00fc\u011fe konan, 09.10.1976 tarih ve 15729 say\u0131l\u0131 resmi gazetede yay\u0131mlanan Orman Yang\u0131nlar\u0131n\u0131n \u00d6nlenmesi ve S\u00f6nd\u00fcr\u00fclmesinde G\u00f6revlilerin G\u00f6recekleri \u0130\u015fler Hakk\u0131ndaki Y\u00f6netmelik Esaslar\u0131 gere\u011fi; Mersin \u0130li Orman Yang\u0131nlar\u0131 \u0130le M\u00fccadele Komisyonu toplant\u0131s\u0131 4 May\u0131s 2023 g\u00fcn\u00fc saat 14:00\u2019de Mersin Valimiz Say\u0131n Ali Hamza Pehlivan\u2019\u0131n ba\u015fkanl\u0131\u011f\u0131nda ger\u00e7ekle\u015ftirildi. <\/p>\n<p>Valilikte ger\u00e7ekle\u015ftirilen toplant\u0131ya; Orman B\u00f6lge M\u00fcd\u00fcr\u00fc Mustafa Yal\u00e7\u0131n, Orman Yang\u0131nlar\u0131yla M\u00fccadele \u015eube M\u00fcd\u00fcr\u00fc Mehmet Alper, il m\u00fcd\u00fcrleri, ilgili kamu kurum ve kurulu\u015flar\u0131ndan yetkililer kat\u0131ld\u0131. <\/p>\n<p>B\u00f6lge M\u00fcd\u00fcr\u00fc Yal\u00e7\u0131n, Mersin Orman B\u00f6lge M\u00fcd\u00fcrl\u00fc\u011f\u00fcn\u00fcn orman yang\u0131nlar\u0131n\u0131n \u00f6nlenmesi, s\u00f6nd\u00fcr\u00fclmesi ve yanan alanlar\u0131n tekrar a\u011fa\u00e7land\u0131r\u0131lmas\u0131 ile ilgili yap\u0131lan \u00e7al\u0131\u015fmalar hakk\u0131nda sunum yapt\u0131ktan sonra komisyon karalar\u0131na ge\u00e7ildi. Komisyon karar\u0131nda di\u011fer kamu kurum ve kurulu\u015flar\u0131n\u0131n yang\u0131n mevsimi \u00f6ncesi ve yang\u0131n esnas\u0131nda yapacaklar\u0131 i\u015fler maddeler halinde ele al\u0131nd\u0131 ve oy birli\u011fi ile karara ba\u011fland\u0131. <\/p>\n","protected":false},"excerpt":{"rendered":"<p>Orman Yang\u0131nlar\u0131n\u0131n \u00f6nlenmesine ili\u015fkin faaliyetlerde, Tar\u0131m ve Orman Bakanl\u0131\u011f\u0131 d\u0131\u015f\u0131ndaki Kurulu\u015flar\u0131n imk\u00e2nlar\u0131ndan yararlanma ve yard\u0131mla\u015fma konusunda 6831 say\u0131l\u0131 Orman Kanununun 69.Maddesine g\u00f6re d\u00fczenlenen ve Bakanlar Kurulunun 10.09.1976 g\u00fcn ve 7\/12520 &hellip; <a href=\"https:\/\/akdenizolaygazetesi.com\/?p=25605\" class=\"more-link\">Devam\u0131n\u0131 Oku&#8230;<\/a><\/p>\n","protected":false},"author":2,"featured_media":25606,"comment_status":"open","ping_status":"open","sticky":false,"template":"","format":"standard","meta":[],"categories":[2,3],"tags":[],"_links":{"self":[{"href":"https:\/\/akdenizolaygazetesi.com\/index.php?rest_route=\/wp\/v2\/posts\/25605"}],"collection":[{"href":"https:\/\/akdenizolaygazetesi.com\/index.php?rest_route=\/wp\/v2\/posts"}],"about":[{"href":"https:\/\/akdenizolaygazetesi.com\/index.php?rest_route=\/wp\/v2\/types\/post"}],"author":[{"embeddable":true,"href":"https:\/\/akdenizolaygazetesi.com\/index.php?rest_route=\/wp\/v2\/users\/2"}],"replies":[{"embeddable":true,"href":"https:\/\/akdenizolaygazetesi.com\/index.php?rest_route=%2Fwp%2Fv2%2Fcomments&post=25605"}],"version-history":[{"count":1,"href":"https:\/\/akdenizolaygazetesi.com\/index.php?rest_route=\/wp\/v2\/posts\/25605\/revisions"}],"predecessor-version":[{"id":25607,"href":"https:\/\/akdenizolaygazetesi.com\/index.php?rest_route=\/wp\/v2\/posts\/25605\/revisions\/25607"}],"wp:featuredmedia":[{"embeddable":true,"href":"https:\/\/akdenizolaygazetesi.com\/index.php?rest_route=\/wp\/v2\/media\/25606"}],"wp:attachment":[{"href":"https:\/\/akdenizolaygazetesi.com\/index.php?rest_route=%2Fwp%2Fv2%2Fmedia&parent=25605"}],"wp:term":[{"taxonomy":"category","embeddable":true,"href":"https:\/\/akdenizolaygazetesi.com\/index.php?rest_route=%2Fwp%2Fv2%2Fcategories&post=25605"},{"taxonomy":"post_tag","embeddable":true,"href":"https:\/\/akdenizolaygazetesi.com\/index.php?rest_route=%2Fwp%2Fv2%2Ftags&post=25605"}],"curies":[{"name":"wp","href":"https:\/\/api.w.org\/{rel}","templated":true}]}}