{"id":25611,"date":"2023-05-05T13:20:08","date_gmt":"2023-05-05T10:20:08","guid":{"rendered":"http:\/\/akdenizolaygazetesi.com\/?p=25611"},"modified":"2023-05-05T13:20:08","modified_gmt":"2023-05-05T10:20:08","slug":"14-mayis-yeni-bir-destanin-adi-yeni-turkiye-yuzyilinin-baslangici-olacaktir","status":"publish","type":"post","link":"https:\/\/akdenizolaygazetesi.com\/?p=25611","title":{"rendered":"\u201c14 MAYIS; YEN\u0130 B\u0130R DESTANIN ADI, YEN\u0130 T\u00dcRK\u0130YE Y\u00dcZYILININ BA\u015eLANGICI OLACAKTIR\u201d"},"content":{"rendered":"<p>Ba\u015fkan G\u00fcltak, 9 g\u00fcn sonra yap\u0131lacak olan se\u00e7imler dolay\u0131s\u0131yla yapt\u0131\u011f\u0131 de\u011ferlendirmede; \u201c14 May\u0131s; yeni bir destan\u0131n ad\u0131, \u00fclkemizin yeni vizyonu olan \u2018T\u00fcrkiye Y\u00fczy\u0131l\u0131n\u0131n\u2019 da ba\u015flang\u0131c\u0131 olacakt\u0131r. \u00dclkemizin her alanda geli\u015fmesi, b\u00fcy\u00fcmesi ve m\u00fcreffeh \u00fclkeler seviyesine \u00e7\u0131kmas\u0131, 21 y\u0131lda her alanda kazan\u0131lan g\u00fcven, huzur ve istikrar ortam\u0131n\u0131n g\u00fc\u00e7lenerek daha nice nice y\u0131llar s\u00fcrmesi i\u00e7in 14 May\u0131s\u2019ta sand\u0131k ba\u015f\u0131na gidece\u011fiz, demokratik hakk\u0131m\u0131z\u0131 ve vatanda\u015fl\u0131k g\u00f6revimizi mutlaka yerine getirece\u011fiz\u201d dedi.<br \/>\nAkdeniz Belediye Ba\u015fkan\u0131 M. Mustafa G\u00fcltak; belediye meclisinin May\u0131s ay\u0131 2\u2019nci birle\u015fim toplant\u0131s\u0131n\u0131n a\u00e7\u0131l\u0131\u015f\u0131nda yapt\u0131\u011f\u0131 konu\u015fmada, 14 May\u0131s 2023 Pazar g\u00fcn\u00fc yap\u0131lacak Cumhurba\u015fkanl\u0131\u011f\u0131 ve 28\u2019inci D\u00f6nem Milletvekili Genel Se\u00e7imlerine de\u011findi. S\u00f6zlerine; \u201cSe\u00e7imlerin, \u00fclkemize ve milletimize hay\u0131rl\u0131 olmas\u0131n\u0131 temenni ediyorum\u201d diyerek ba\u015flayan Ba\u015fkan G\u00fcltak; \u201c14 May\u0131s se\u00e7imleri, yepyeni bir destan\u0131n ad\u0131, \u00fclkemizin yeni vizyonu olan \u2018T\u00fcrkiye Y\u00fczy\u0131l\u0131n\u0131n\u2019 da ba\u015flang\u0131\u00e7 noktas\u0131 olacakt\u0131r. Elbette herkesin g\u00f6nl\u00fcnde bir aslan yatar. Bu anlamda, halk\u0131m\u0131z\u0131n \u00e7o\u011funlu\u011funun ferasetine g\u00fcveniyor ve o g\u00fcn geldi\u011finde en do\u011fru karar\u0131 verece\u011fine inan\u0131yorum\u201d diye konu\u015ftu.<br \/>\n\u201c14 May\u0131s, \u00fclkemiz siyasi tarihinde yeni bir milat olacakt\u0131r\u201d<br \/>\nBa\u015fkan G\u00fcltak, 14 May\u0131s\u2019\u0131n; b\u00fcy\u00fck ve g\u00fc\u00e7l\u00fc T\u00fcrkiye idealinin ilk ve en b\u00fcy\u00fck ad\u0131m\u0131 olaca\u011f\u0131n\u0131 kaydederek; \u201cAsil, vefal\u0131 ve fedak\u00e2r milletimizin, tam ba\u011f\u0131ms\u0131z T\u00fcrkiye istikametinde, birlikte y\u00fcr\u00fcd\u00fc\u011f\u00fc liderini 14 May\u0131s&#8217;ta da yaln\u0131z b\u0131rakmayaca\u011f\u0131na inan\u0131yorum. \u00c7\u00fcnk\u00fc 14 May\u0131s; \u00fclkemizin siyasi tarihinde yeni bir milat; ekonomi, bilim, e\u011fitim, sanayi ve d\u0131\u015f ticarette yeni bir hamlenin; g\u00fc\u00e7l\u00fc bir ba\u015flang\u0131c\u0131n g\u00fcn\u00fc olacakt\u0131r. T\u00fcrkiye&#8217;nin tam ba\u011f\u0131ms\u0131zl\u0131k yolunda olu\u015fturdu\u011fu milli politikalar\u0131n devam\u0131 i\u00e7in b\u00fcy\u00fck \u00f6nem arz eden 14 May\u0131s\u2019la birlikte \u00fclkemizde, yepyeni bir defterin ilk sayfas\u0131 a\u00e7\u0131lacakt\u0131r\u201d ifadelerini kulland\u0131.<br \/>\n\u201cSe\u00e7imde yar\u0131\u015facak t\u00fcm adaylara ba\u015far\u0131lar diliyorum\u201d<br \/>\nA\u00e7\u0131klamas\u0131nda; \u201cAlt\u0131n\u0131 bir kez daha \u00e7izmek isterim ki 14 May\u0131s 2023; \u201cT\u00fcrkiye Y\u00fczy\u0131l\u0131n\u0131n\u201d ba\u015flang\u0131\u00e7 noktas\u0131 olacakt\u0131r\u201d diyen Ba\u015fkan G\u00fcltak; \u201cAkdeniz\u2019i 4 y\u0131lda ba\u015ftan sona de\u011fi\u015ftiren hizmet ata\u011f\u0131m\u0131z\u0131n ve hayata katt\u0131\u011f\u0131m\u0131z projelerin gelecekte de s\u00fcrmesi; Akdeniz ve Mersin\u2019de y\u0131llar sonra yeniden tesis etti\u011fimiz bar\u0131\u015f, karde\u015flik, huzur ve g\u00fcven ortam\u0131n\u0131n devam etmesi; Akdenizli hem\u015ferilerimizin hak etti\u011fi kent konforu ve ya\u015fam kalitesine kavu\u015fmas\u0131 a\u00e7\u0131s\u0131ndan da 14 May\u0131s\u2019\u0131n b\u00fcy\u00fck \u00f6nem arz etti\u011fini vurgulamak isterim. Se\u00e7imlerin bar\u0131\u015f, huzur ve s\u00fck\u00fbn i\u00e7inde ge\u00e7mesini temenni ediyor, yar\u0131\u015facak t\u00fcm adaylara ba\u015far\u0131lar diliyorum. Halk\u0131m\u0131z\u0131n iradesine hepimiz sayg\u0131 duyaca\u011f\u0131z, \u00e7\u0131kacak sonu\u00e7 ba\u015f\u0131m\u0131z\u0131n da tac\u0131d\u0131r. Demokrasinin tarifi de budur. Se\u00e7im sonu\u00e7lar\u0131n\u0131n devletimiz, \u00fclkemiz ve milletimiz i\u00e7in hay\u0131r ve g\u00fczelliklere vesile olmas\u0131n\u0131 umut ediyorum\u201d \u015feklinde konu\u015ftu.<\/p>\n","protected":false},"excerpt":{"rendered":"<p>Ba\u015fkan G\u00fcltak, 9 g\u00fcn sonra yap\u0131lacak olan se\u00e7imler dolay\u0131s\u0131yla yapt\u0131\u011f\u0131 de\u011ferlendirmede; \u201c14 May\u0131s; yeni bir destan\u0131n ad\u0131, \u00fclkemizin yeni vizyonu olan \u2018T\u00fcrkiye Y\u00fczy\u0131l\u0131n\u0131n\u2019 da ba\u015flang\u0131c\u0131 olacakt\u0131r. \u00dclkemizin her alanda geli\u015fmesi, &hellip; <a href=\"https:\/\/akdenizolaygazetesi.com\/?p=25611\" class=\"more-link\">Devam\u0131n\u0131 Oku&#8230;<\/a><\/p>\n","protected":false},"author":2,"featured_media":25612,"comment_status":"open","ping_status":"open","sticky":false,"template":"","format":"standard","meta":[],"categories":[2,3,5],"tags":[],"_links":{"self":[{"href":"https:\/\/akdenizolaygazetesi.com\/index.php?rest_route=\/wp\/v2\/posts\/25611"}],"collection":[{"href":"https:\/\/akdenizolaygazetesi.com\/index.php?rest_route=\/wp\/v2\/posts"}],"about":[{"href":"https:\/\/akdenizolaygazetesi.com\/index.php?rest_route=\/wp\/v2\/types\/post"}],"author":[{"embeddable":true,"href":"https:\/\/akdenizolaygazetesi.com\/index.php?rest_route=\/wp\/v2\/users\/2"}],"replies":[{"embeddable":true,"href":"https:\/\/akdenizolaygazetesi.com\/index.php?rest_route=%2Fwp%2Fv2%2Fcomments&post=25611"}],"version-history":[{"count":1,"href":"https:\/\/akdenizolaygazetesi.com\/index.php?rest_route=\/wp\/v2\/posts\/25611\/revisions"}],"predecessor-version":[{"id":25613,"href":"https:\/\/akdenizolaygazetesi.com\/index.php?rest_route=\/wp\/v2\/posts\/25611\/revisions\/25613"}],"wp:featuredmedia":[{"embeddable":true,"href":"https:\/\/akdenizolaygazetesi.com\/index.php?rest_route=\/wp\/v2\/media\/25612"}],"wp:attachment":[{"href":"https:\/\/akdenizolaygazetesi.com\/index.php?rest_route=%2Fwp%2Fv2%2Fmedia&parent=25611"}],"wp:term":[{"taxonomy":"category","embeddable":true,"href":"https:\/\/akdenizolaygazetesi.com\/index.php?rest_route=%2Fwp%2Fv2%2Fcategories&post=25611"},{"taxonomy":"post_tag","embeddable":true,"href":"https:\/\/akdenizolaygazetesi.com\/index.php?rest_route=%2Fwp%2Fv2%2Ftags&post=25611"}],"curies":[{"name":"wp","href":"https:\/\/api.w.org\/{rel}","templated":true}]}}