{"id":25631,"date":"2023-05-08T13:17:40","date_gmt":"2023-05-08T10:17:40","guid":{"rendered":"http:\/\/akdenizolaygazetesi.com\/?p=25631"},"modified":"2023-05-08T13:17:40","modified_gmt":"2023-05-08T10:17:40","slug":"secer-bizim-belediyemiz-herkesin-belediyesi","status":"publish","type":"post","link":"https:\/\/akdenizolaygazetesi.com\/?p=25631","title":{"rendered":"SE\u00c7ER: &#8220;B\u0130Z\u0130M BELED\u0130YEM\u0130Z HERKES\u0130N BELED\u0130YES\u0130&#8221;"},"content":{"rendered":"<p>Mersin B\u00fcy\u00fck\u015fehir Belediye Ba\u015fkan\u0131 Vahap Se\u00e7er, 9 May\u0131s D\u00fcnya \u00c7\u00f6lyak G\u00fcn\u00fc dolay\u0131s\u0131yla Sosyal Hizmetler Dairesi Ba\u015fkanl\u0131\u011f\u0131 ile Mersin \u00c7\u00f6lyak Glutensiz Beslenme Derne\u011fi taraf\u0131ndan d\u00fczenlenen etkinli\u011fe kat\u0131ld\u0131.<\/p>\n<p>Kongre ve Sergi Saray\u0131 K\u0131r Bah\u00e7esi&#8217;nde d\u00fczenlenen programda konu\u015fan Ba\u015fkan Se\u00e7er, etkinlik sayesinde \u00e7ok g\u00fczel bir toplulu\u011fun bir arada oldu\u011funu s\u00f6yledi. Mersin&#8217;de ya\u015faman\u0131n \u00e7ok keyifli oldu\u011funu dile getiren Ba\u015fkan Se\u00e7er, \u00e7ocuklar\u0131n mutlu olmas\u0131n\u0131 her \u015feyden fazla istediklerini kaydetti.<\/p>\n<p>&#8220;Mersinimiz \u00e7ok g\u00fczel. &#8216;\u00c7\u00f6p, \u00e7ukur, \u00e7amur&#8217; diyenlere kulak asmay\u0131n&#8221;<br \/>\nKendisinin de bu keyfi ald\u0131\u011f\u0131n\u0131 ifade eden Ba\u015fkan Se\u00e7er &#8220;Her \u015feyiyle \u00e7ok g\u00fczel bir kentte ya\u015f\u0131yoruz. Siz &#8216;\u00c7\u00f6p, \u00e7ukur, \u00e7amur&#8217; diyenlere \u00e7ok kulak asmay\u0131n. Hasetlerinden yap\u0131yorlar bunu. Mersinimiz \u00e7ok g\u00fczel. Mersinimiz emin olun siyaset \u00fcst\u00fc bir yer&#8221; dedi.<\/p>\n<p>&#8220;Oyunuzu hizmete, liyakata, d\u00fcr\u00fcstl\u00fc\u011fe verin&#8221;<br \/>\nMersin&#8217;in her b\u00f6lgeden g\u00f6\u00e7 alan bir yer oldu\u011funu ve b\u00fcy\u00fcn yurtta\u015flar\u0131n kendisi i\u00e7in ayn\u0131 \u00f6nemde oldu\u011funu dile getiren Ba\u015fkan Se\u00e7er, &#8220;T\u00fcrkiye Cumhuriyeti kimli\u011fi ta\u015f\u0131yan, Al Bayrak alt\u0131nda bu vatan \u00fczerinde ya\u015fayan ve vatan\u0131n\u0131 seven, vatan\u0131 i\u00e7in m\u00fccadele eden her birey, her karde\u015fimiz bizim ba\u015f\u0131m\u0131za tac\u0131d\u0131r. Mersin&#8217;le fazla oynamamak laz\u0131m. Size s\u00f6z\u00fcm olsun; ben Mersin&#8217;de vatanda\u015flar\u0131m\u0131z\u0131n takdiriyle belediye ba\u015fkan\u0131 oldu\u011fum s\u00fcrece hi\u00e7bir k\u00f6t\u00fc niyetli siyaset\u00e7i Mersin&#8217;e k\u00f6t\u00fcl\u00fck yapamayacak. \u00c7ok  deneyenler oldu. Oy u\u011fruna siyasi istikbal u\u011fruna Mersin ile ilgili \u00e7ok oyunlar oynand\u0131. Ama biz bunlar\u0131 olgunlukla kar\u015f\u0131layaca\u011f\u0131z. Bir se\u00e7im atmosferi var. Allah herkese ak\u0131l fikir vermi\u015f. \u0130nsanlar 1 hafta sonra sand\u0131k ba\u015f\u0131na gidecek. Akl\u0131n\u0131 kullanacak, bir de vicdan\u0131n\u0131n sesini dinleyecek. Sand\u0131k hesap g\u00fcn\u00fcd\u00fcr, siz de bir h\u00fck\u00fcm vereceksiniz. L\u00fctfen akl\u0131n\u0131zla, vicdan\u0131n\u0131zla h\u00fckm\u00fcn\u00fcz\u00fc verin. Hizmete, \u00e7al\u0131\u015fmaya, azme, d\u00fcr\u00fcstl\u00fc\u011fe, liyakata, sevgiye verin. Benim sizden belediye ba\u015fkan\u0131 olarak arzu etti\u011fim bu&#8221; diye konu\u015ftu.<\/p>\n<p>Depremzedeler dahil 750 \u00c7\u00f6lyak hastas\u0131na destek veriliyor<br \/>\nYakla\u015f\u0131k 3 y\u0131ldan bu yana \u00c7\u00f6lyak hastalar\u0131na gl\u00fctensiz \u00fcr\u00fcnler ula\u015ft\u0131rd\u0131klar\u0131n\u0131 s\u00f6yleyen Ba\u015fkan Se\u00e7er, deprem sonras\u0131 Mersin&#8217;e gelen depremzede vatanda\u015flar i\u00e7erisinde de \u00c7\u00f6lyak hastalar\u0131n\u0131n oldu\u011funu belirterek, onlara da ayn\u0131 deste\u011fin sa\u011fland\u0131\u011f\u0131n\u0131 s\u00f6yledi.<\/p>\n<p>Ba\u015fkan Se\u00e7er, &#8220;Bu rahats\u0131zl\u0131\u011f\u0131 olan vatanda\u015f\u0131m\u0131z\u0131n dertlerine derman olmaya \u00e7al\u0131\u015f\u0131yoruz. Biz &#8216;Sen hangi partiye oy verirsin, senin me\u015frebin ne, senin mezhebin ne?&#8217; diye sormay\u0131z. Hep bundan uzak kald\u0131k, kalmaya da devam edece\u011fiz. \u015eu anda \u00c7\u00f6lyak rahats\u0131zl\u0131\u011f\u0131 ile m\u00fccadele eden vatanda\u015flar\u0131m\u0131z\u0131n her birine ki\u015fi ba\u015f\u0131 haftal\u0131k 21 ekmek ve ayl\u0131k 3 kilo un da\u011f\u0131t\u0131m\u0131 yap\u0131yoruz. Ayl\u0131k olarak da 42 bin ekmek ve 1500 kilo un da\u011f\u0131t\u0131m\u0131n\u0131 belediye olarak ekmek b\u00fcfelerimizden vatanda\u015flar\u0131m\u0131za sa\u011fl\u0131yoruz. Ge\u00e7ti\u011fimiz ay 750 adet gl\u00fctensiz g\u0131da kolisinin da\u011f\u0131t\u0131m\u0131n\u0131 ger\u00e7ekle\u015ftirdik. Bunlar\u0131n i\u00e7erisinde depremzede yurtta\u015flar\u0131m\u0131z da var. Dertlerimizi beraber oturaca\u011f\u0131z, konu\u015faca\u011f\u0131z. M\u00fccadelemizi beraber yapaca\u011f\u0131z. Devlet olman\u0131n en b\u00fcy\u00fck \u00f6zelliklerinden biri de sosyal olmak, toplumla i\u00e7 i\u00e7e olmak&#8221; dedi.<\/p>\n<p>&#8220;\u0130ki aya\u011f\u0131ma, iki elime yap\u0131\u015ft\u0131lar yine zapt edemediler&#8221;<br \/>\nG\u00f6revde oldu\u011fu 4 y\u0131ld\u0131r t\u00fcrl\u00fc engellemelere ra\u011fmen hizmet yapt\u0131klar\u0131n\u0131 ve yapmaya da devam edeceklerinin alt\u0131n\u0131 \u00e7izen Ba\u015fkan Se\u00e7er, &#8220;\u0130ki aya\u011f\u0131ma, iki elime yap\u0131\u015ft\u0131lar yine zapt edemediler. Belime yap\u0131\u015ft\u0131lar, ko\u015faca\u011f\u0131m. Zapt etmeye \u00e7al\u0131\u015ft\u0131lar, Allah&#8217;\u0131n izniyle tutamad\u0131lar 4 y\u0131ld\u0131r, zaten bundan sonra hi\u00e7 tutamazlar. Benim amac\u0131m; beni anlayan bir Cumhurba\u015fkan\u0131 olsun, bir h\u00fck\u00fcmet olsun. \u00c7\u00fcnk\u00fc adalet istiyoruz. Mersin T\u00fcrkiye&#8217;nin 5. , 6. s\u0131rada vergisini veriyor, ama 24. s\u0131rada yat\u0131r\u0131m al\u0131yor. Neden bize destek gelmiyor da Konya&#8217;ya, Gaziantep&#8217;e, Kayseri&#8217;ye gidiyor? Ay\u0131p olmuyor mu biraz? Mersinlilere haks\u0131zl\u0131k olmuyor mu? Bu kente h\u00fck\u00fcmetler farkl\u0131 bakacak. \u0130n\u015fallah onu da sa\u011flayaca\u011f\u0131m belediye ba\u015fkan\u0131n\u0131z olarak. Bundan emin olabilirsiniz. Kendi h\u00fck\u00fcmetim olsun, kendi Cumhurba\u015fkan\u0131m olsun belediyemize, memleketimize her t\u00fcrl\u00fc katk\u0131lar\u0131 fazlas\u0131yla alaca\u011f\u0131z&#8221; dedi.<\/p>\n<p>Ba\u015fkan Se\u00e7er, &#8216;Evde Sa\u011fl\u0131k&#8217; ve &#8216;Dostane-Refakat\u00e7i Evi&#8217; hizmetini anlatt\u0131<br \/>\nKonu\u015fmas\u0131nda, Evde Sa\u011fl\u0131k Hizmeti ve Dostane hizmetinden s\u00f6z eden Ba\u015fkan Se\u00e7er, bu \u00e7al\u0131\u015fman\u0131n k\u0131ymetini evde hastas\u0131 olan ki\u015filerin \u00e7ok daha iyi anlayaca\u011f\u0131n\u0131 belirterek &#8220;\u00c7ocu\u011fu burada veya bir ba\u015fka ilde, 80-90 ya\u015f\u0131nda ablam, teyzem, annem, nenem, dedem. Bunlar\u0131 kimseye muhta\u00e7 etmeyiz, biz var\u0131z, Mersin B\u00fcy\u00fck\u015fehir Belediyesi var. Bunu arkada\u015flar\u0131n\u0131zla konu\u015fun. Ayr\u0131ca merkezde hastanelerde tedavi g\u00f6ren vatanda\u015flar\u0131m\u0131z\u0131n refakat\u00e7ileri kalacak yer bulam\u0131yor. Arabada yat\u0131yor, hastane koridorlar\u0131nda yerde yat\u0131yor. Alo 185&#8217;i arayacak sadece kendini tan\u0131tacak. Mersin Belediyesi garajdan alacak kalaca\u011f\u0131 yere yerle\u015ftirecek. Kald\u0131\u011f\u0131 s\u00fcre boyunca da ona yard\u0131mc\u0131 olacak, 45 g\u00fcne kadar da konuk edebiliyoruz bir hasta yak\u0131n\u0131n\u0131&#8221; dedi<\/p>\n<p>&#8220;Bizi e\u011fitim kurtaracak, cehalet de\u011fil&#8221;<br \/>\nAnne-babalar\u0131n \u00e7ocuklar\u0131n\u0131 B\u00fcy\u00fck\u015fehir Belediyesi E\u011fitim \u00d6\u011fretim Destekleme Merkezleri&#8217;ne g\u00f6ndermelerini isteyen Ba\u015fkan Se\u00e7er &#8220;\u00c7ocuklar\u0131n\u0131z\u0131 e\u011fitim merkezlerimize g\u00f6nderin, \u00fccretsiz. Bir ailenin 20-25 bin TL dershane gideri olur. Bak\u0131n Mersin Belediyesi bu imkan\u0131 sunmu\u015f. Bizi e\u011fitim kurtaracak, cehalet de\u011fil \u00c7ocuklar\u0131n\u0131z gitsinler g\u00fczel \u00fcniversitelerde okusunlar. 350 \u00f6\u011fretmenimiz var hepsi alim insanlar. Psikolojik destek sunan uzmanlar\u0131m\u0131z, sosyologlar\u0131m\u0131z var. Biz bir aileyiz, l\u00fctfen  rahat olun bizden yana. Sizin \u00e7ocuklar\u0131n\u0131z\u0131n beyni k\u00f6t\u00fc \u015feylerle y\u0131kanmaz, ideoloji ile y\u0131kanmaz. Bizim rengimiz belli, s\u00f6yl\u00fcyoruz. Biz bu \u00fclkeyi kuran Ulu \u00d6nder Mustafa Kemal Atat\u00fcrk&#8217;\u00fcn yolundan gidiyoruz, bizim yolumuz belli. D\u00fc\u015f\u00fcrmeyin b\u00f6yle tarikatlar\u0131n cemaatlerinin kuca\u011f\u0131na atmay\u0131n. Neler \u00e7ekti \u00fclke y\u0131llardan beri&#8221; diye konu\u015ftu.<\/p>\n<p>&#8220;Mersin Belediyesi herkesin belediyesidir&#8221;<br \/>\nKonu\u015fmas\u0131n\u0131n sonunda, Mersin B\u00fcy\u00fck\u015fehir Belediyesi&#8217;nin herkesin belediyesi oldu\u011funu vurgulayan Ba\u015fkan Se\u00e7er &#8220;Ben herkesin belediye ba\u015fkan\u0131y\u0131m. Beni nas\u0131l g\u00f6r\u00fcrseniz; a\u011fabey, baba, amca, b\u00fcy\u00fck baba, k\u00fc\u00e7\u00fck karde\u015f, herkes ya\u015f\u0131na g\u00f6re beni nas\u0131l g\u00f6r\u00fcyorsan\u0131z g\u00f6r\u00fcn. Biz bir aileyiz, hep beraber birlik olaca\u011f\u0131z, b\u00fct\u00fcn olaca\u011f\u0131z, beraberlik i\u00e7erisinde olaca\u011f\u0131z. Mersin&#8217;de, bu g\u00fczel kentte bu cennet kentte, her \u015feyimiz var. \u00c7al\u0131\u015fana ekmek \u00e7ok, b\u00f6yle bir kentte ya\u015f\u0131yoruz. G\u00fczel insan\u0131m\u0131z, g\u00fczel k\u0131zlar\u0131m\u0131z, yak\u0131\u015f\u0131kl\u0131 delikanl\u0131lar\u0131m\u0131z, her \u015feyimiz var bu \u015fehirde. Allah her \u015feyi vermi\u015f. Sizleri \u00e7ok seviyoruz, \u00e7ok say\u0131yoruz&#8221; ifadelerini kulland\u0131.<\/p>\n<p>Mersin \u00c7\u00f6lyak Glutensiz Beslenme Derne\u011fi Ba\u015fkan\u0131 \u00d6mer Arslan ise Mersin B\u00fcy\u00fck\u015fehir Belediyesi ekiplerinin Ba\u015fkan Vahap Se\u00e7er \u00f6nc\u00fcl\u00fc\u011f\u00fcnde Mersin&#8217;de ya\u015fayan \u00c7\u00f6lyak hastas\u0131 vatanda\u015flara her zaman destek oldu\u011funu belirterek &#8220;Vahap Se\u00e7er Ba\u015fkan\u0131m ailelerimizin dertleriyle, s\u0131k\u0131nt\u0131lar\u0131yla ilgilenip sa\u011f olsun sonuna kadar desteklerini veriyor, in\u015fallah bundan sonra sizler i\u00e7in daha da g\u00fczel hizmetler vermeye devam edecek. Biliyoruz ki buradaki \u00c7\u00f6lyakl\u0131 ailelerimiz bir \u00f6m\u00fcr boyu glutensiz beslenmek zorunda. Ailelerimiz her \u015feyi yiyip i\u00e7emiyor. O y\u00fczden Ba\u015fkan\u0131m\u0131z sizlerin hayatlar\u0131n\u0131z\u0131 kolayla\u015ft\u0131rmak i\u00e7in ellerinden gelen b\u00fct\u00fcn destekleri vermeye devam edecek&#8221; \u015feklinde konu\u015ftu.<\/p>\n<p>Sosyal Hizmetler Dairesi Ba\u015fkan\u0131 Engin Y\u0131ld\u0131r\u0131m, &#8220;B\u00fct\u00fcn \u00c7\u00f6lyakl\u0131 vatanda\u015flar\u0131m\u0131z ve gl\u00fctensiz beslenen vatanda\u015flar\u0131m\u0131zla, \u00f6zellikle \u00e7ocuklar\u0131m\u0131zla e\u011flenceli bir g\u00fcn ge\u00e7irelim istedik. Mersin \u00c7\u00f6lyak Glutensiz Beslenme Derne\u011fi ile ortakla\u015fa \u00e7al\u0131\u015ft\u0131\u011f\u0131m\u0131z bug\u00fcn\u00fcm\u00fczde \u00e7ocuklar\u0131m\u0131z i\u00e7in d\u00f6ner, dondurma gibi gl\u00fctensiz yiyecekler ikram\u0131n\u0131n yan\u0131 s\u0131ra m\u00fczik, palya\u00e7o gibi bir\u00e7ok etkinlikle destekledik&#8221; ifadelerini kulland\u0131.<\/p>\n<p>Mersin Bakkallar Odas\u0131 Ba\u015fkan\u0131 Ramazan Turan, Mersin B\u00fcy\u00fck\u015fehir Belediyesi&#8217;nin kente katk\u0131lar\u0131n\u0131 ve sosyal belediyecilik projelerini \u00e7ok be\u011fendi\u011fini ifade ederek, &#8220;Bu etkinlikleri destekliyoruz. Vahap Ba\u015fkan\u0131mla beraber burada olmaktan gurur duyuyoruz. Sosyal belediyecili\u011fi Mersin&#8217;e getirdi. Halkla i\u00e7 i\u00e7e, halk\u0131n ta kendisi. Mersin&#8217;in gururu oldu. Bu etkinlik \u00e7ok g\u00fczel. Bu rahats\u0131zl\u0131\u011f\u0131 ya\u015fayan insanlar bug\u00fcn\u00fc bekliyorlar&#8221; dedi.<\/p>\n<p>Emre Deliba\u015f,  hem ekonomik anlamda hem de \u00fcr\u00fcnlere ula\u015f\u0131m anlam\u0131nda \u00e7ok rahat ettiklerini anlatarak, &#8220;\u00c7\u00f6lyakl\u0131 k\u0131z\u0131m var 8 ya\u015f\u0131nda. \u00c7\u00f6lyak hastal\u0131\u011f\u0131 olan \u00e7ocuklar\u0131n bu \u015fekilde g\u00fcndeme gelmesi, b\u00f6yle g\u00fczel bir havada b\u00f6yle g\u00fczel bir etkinlik yap\u0131lmas\u0131 \u00e7ok g\u00fczel oldu. Ba\u015fkan\u0131m\u0131za te\u015fekk\u00fcr ediyoruz. Ekonomik anlamda olduk\u00e7a katk\u0131lar\u0131 var. Belediyemizin \u00e7\u00f6lyakl\u0131 hastalar i\u00e7in vermi\u015f oldu\u011fu ekmek ve un katk\u0131s\u0131 \u00e7ok iyi. \u00c7\u00f6lyak \u00fcr\u00fcnleri \u00e7ok zor elde ediliyor. B\u00fcfelerde olmas\u0131 hem eri\u015fimimizi kolayla\u015ft\u0131r\u0131yor ayr\u0131ca ekonomik anlamda da b\u00fcy\u00fck destek sa\u011fl\u0131yor&#8221; dedi.<\/p>\n<p>Handan Bitim, 2 y\u0131ld\u0131r yap\u0131lan etkinliklerden \u00e7ok memnun kald\u0131klar\u0131n\u0131 s\u00f6yleyerek, &#8220;\u00c7ok memnun olduk. Her zaman olur in\u015fallah. Ayl\u0131k ekme\u011fimizi, unumuzu al\u0131yoruz. Ramazan&#8217;da kolimizi al\u0131yoruz. Ondan dolay\u0131 memnunuz. \u00dcr\u00fcnlerimiz \u00e7ok pahal\u0131. Ekmeksiz, unsuz da olmuyor tabi ki. O nedenle bu desteklerin \u00e7ok faydas\u0131 oluyor, bir nebze de olsa rahatlat\u0131yor bizi&#8221; ifadelerine yer verdi.<\/p>\n<p>\u00c7\u00f6lyak hastas\u0131 Fatma G\u00fcne\u015f, B\u00fcy\u00fck\u015fehir&#8217;in katk\u0131lar\u0131 olmasa \u00e7ok zorlanacaklar\u0131n\u0131 ifade ederek,  &#8220;O\u011flum da \u00e7\u00f6lyak. Her konuda bize yard\u0131mc\u0131 oluyorlar. Allah raz\u0131 olsun&#8221; dedi.<\/p>\n<p>Konu\u015fmalar\u0131n ard\u0131ndan, Ba\u015fkan Se\u00e7er&#8217;e b\u00fcy\u00fck ilgi g\u00f6stren \u00e7ocuklar elleriyle kalp i\u015faret yaparak hat\u0131ra foto\u011fraf\u0131 \u00e7ektirdiler. Glutensiz ikramlardan palya\u00e7o g\u00f6sterilerine, y\u00fcz boyamadan m\u00fczik ve dans etkinliklerine kadar bir\u00e7ok renkli aktivitenin ger\u00e7ekle\u015ftirildi\u011fi etkinlikte, Mersin&#8217;de ya\u015fayan ve deprem b\u00f6lgelerinden gelen \u00c7\u00f6lyak hastalar\u0131 ve aileleri hem e\u011flendi hem de sa\u011fl\u0131kl\u0131 ve glutensiz ikramlar\u0131n tad\u0131n\u0131 \u00e7\u0131kartt\u0131.<\/p>\n","protected":false},"excerpt":{"rendered":"<p>Mersin B\u00fcy\u00fck\u015fehir Belediye Ba\u015fkan\u0131 Vahap Se\u00e7er, 9 May\u0131s D\u00fcnya \u00c7\u00f6lyak G\u00fcn\u00fc dolay\u0131s\u0131yla Sosyal Hizmetler Dairesi Ba\u015fkanl\u0131\u011f\u0131 ile Mersin \u00c7\u00f6lyak Glutensiz Beslenme Derne\u011fi taraf\u0131ndan d\u00fczenlenen etkinli\u011fe kat\u0131ld\u0131. Kongre ve Sergi Saray\u0131 &hellip; <a href=\"https:\/\/akdenizolaygazetesi.com\/?p=25631\" class=\"more-link\">Devam\u0131n\u0131 Oku&#8230;<\/a><\/p>\n","protected":false},"author":2,"featured_media":25632,"comment_status":"open","ping_status":"open","sticky":false,"template":"","format":"standard","meta":[],"categories":[7,2,3,9],"tags":[],"_links":{"self":[{"href":"https:\/\/akdenizolaygazetesi.com\/index.php?rest_route=\/wp\/v2\/posts\/25631"}],"collection":[{"href":"https:\/\/akdenizolaygazetesi.com\/index.php?rest_route=\/wp\/v2\/posts"}],"about":[{"href":"https:\/\/akdenizolaygazetesi.com\/index.php?rest_route=\/wp\/v2\/types\/post"}],"author":[{"embeddable":true,"href":"https:\/\/akdenizolaygazetesi.com\/index.php?rest_route=\/wp\/v2\/users\/2"}],"replies":[{"embeddable":true,"href":"https:\/\/akdenizolaygazetesi.com\/index.php?rest_route=%2Fwp%2Fv2%2Fcomments&post=25631"}],"version-history":[{"count":1,"href":"https:\/\/akdenizolaygazetesi.com\/index.php?rest_route=\/wp\/v2\/posts\/25631\/revisions"}],"predecessor-version":[{"id":25633,"href":"https:\/\/akdenizolaygazetesi.com\/index.php?rest_route=\/wp\/v2\/posts\/25631\/revisions\/25633"}],"wp:featuredmedia":[{"embeddable":true,"href":"https:\/\/akdenizolaygazetesi.com\/index.php?rest_route=\/wp\/v2\/media\/25632"}],"wp:attachment":[{"href":"https:\/\/akdenizolaygazetesi.com\/index.php?rest_route=%2Fwp%2Fv2%2Fmedia&parent=25631"}],"wp:term":[{"taxonomy":"category","embeddable":true,"href":"https:\/\/akdenizolaygazetesi.com\/index.php?rest_route=%2Fwp%2Fv2%2Fcategories&post=25631"},{"taxonomy":"post_tag","embeddable":true,"href":"https:\/\/akdenizolaygazetesi.com\/index.php?rest_route=%2Fwp%2Fv2%2Ftags&post=25631"}],"curies":[{"name":"wp","href":"https:\/\/api.w.org\/{rel}","templated":true}]}}