{"id":25634,"date":"2023-05-08T13:19:08","date_gmt":"2023-05-08T10:19:08","guid":{"rendered":"http:\/\/akdenizolaygazetesi.com\/?p=25634"},"modified":"2023-05-08T13:19:08","modified_gmt":"2023-05-08T10:19:08","slug":"secer-biz-cenge-gitmiyoruz-arkadasiz-kardesiz-akrabayiz","status":"publish","type":"post","link":"https:\/\/akdenizolaygazetesi.com\/?p=25634","title":{"rendered":"SE\u00c7ER: &#8220;B\u0130Z CENGE G\u0130TM\u0130YORUZ. ARKADA\u015eIZ, KARDE\u015e\u0130Z, AKRABAYIZ&#8221;"},"content":{"rendered":"<p>Mersin B\u00fcy\u00fck\u015fehir Belediye Ba\u015fkan\u0131 Vahap Se\u00e7er, Cumhuriyet Halk partisi (CHP) Mersin Milletvekili Aday\u0131 Hasan Ufuk \u00c7ak\u0131r&#8217;\u0131n ger\u00e7ekle\u015ftirdi\u011fi &#8216;\u00c7avu\u015flu Mitingi&#8217;ne kat\u0131ld\u0131. Toroslar il\u00e7esine ba\u011fl\u0131 \u00c7avu\u015flu Mahallesi&#8217;nde ger\u00e7ekle\u015ftirilen mitinge Ba\u015fkan Se\u00e7er&#8217;in yan\u0131 s\u0131ra, CHP Parti Meclisi \u00dcyesi ve Mersin Milletvekili Ali Mahir Ba\u015far\u0131r, CHP Gen\u00e7lik Kollar\u0131 Genel Ba\u015fkan Yard\u0131mc\u0131s\u0131 \u0130zzet K\u0131r\u0131lmaz, CHP Mersin \u0130l Ba\u015fkan\u0131 Koral \u00d6m\u00fcr, CHP Mersin \u0130l\u00e7e Gen\u00e7lik kollar\u0131 Ba\u015fkan\u0131 Alk\u0131m S\u00fcmer, CHP Mersin \u0130l Kad\u0131n Kollar\u0131 Ba\u015fkan\u0131 G\u00fcl\u015fah Y\u0131ld\u0131r\u0131m Gen\u00e7, CHP Mersin Milletvekili Adaylar\u0131 Talat Din\u00e7er, Emre Y\u0131lmaz, \u015eerife Ar\u0131c\u0131 Y\u0131ld\u0131z, CHP il ve il\u00e7e y\u00f6neticileri ile B\u00fcy\u00fck\u015fehir Meclis \u00dcyeleri kat\u0131ld\u0131.<\/p>\n<p>&#8220;Biz cenge gitmiyoruz. Arkada\u015f\u0131z, karde\u015fiz, akrabay\u0131z&#8221;<br \/>\nT\u00fcrkiye tarihinin \u00e7ok \u00f6nemli bir se\u00e7imine gidildi\u011fini belirterek konu\u015fmas\u0131na ba\u015flayan Ba\u015fkan Vahap Se\u00e7er, baz\u0131 kesimlerin s\u00fcre\u00e7te adeta cenke gidermi\u015f\u00e7esine s\u00f6ylemlerde bulundu\u011funu belirterek &#8220;Sava\u015fa gitmiyoruz, bak\u0131n bir yan\u0131lg\u0131ya d\u00fc\u015fmeyelim, y\u00fcksek tonda sanki birbirimizle cenk ediyormu\u015fuz gibi taraftarlar\u0131n\u0131 heyecana getirmek isteyen siyaset\u00e7ilere kula\u011f\u0131n\u0131z\u0131 t\u0131kay\u0131n. Biz cenge gitmiyoruz. Arkada\u015f\u0131z, karde\u015fiz, akrabay\u0131z. Ayn\u0131 aileden farkl\u0131 partilere oy veren insanlar var&#8221; diyerek siyasilere sa\u011fduyu \u00e7a\u011fr\u0131s\u0131nda bulundu.<\/p>\n<p>Ba\u015fkan Se\u00e7er&#8217;den &#8216;Havet&#8217; yan\u0131t\u0131 de\u011ferlendirmesi<br \/>\nCumhurba\u015fkan\u0131 Recep Tayyip Erdo\u011fan&#8217;\u0131n \u00f6nceki g\u00fcn Mersin Mitingi&#8217;ne kat\u0131lan vatanda\u015flara &#8216;Mersin B\u00fcy\u00fck\u015fehir Belediyesi ne hizmeti yapt\u0131 ki? Ne yapt\u0131 Mersin&#8217;e, ne yapt\u0131? Bay Kemal ne yapt\u0131?&#8217; diye sordu\u011funu, vatanda\u015flar\u0131n ise &#8216;Havet&#8217; \u015feklinde yan\u0131t verdi\u011fini s\u00f6yleyen Ba\u015fkan Se\u00e7er &#8220;Ses \u00e7\u0131kmad\u0131. Dikkat ettim, bir daha kula\u011f\u0131m\u0131 verdim, &#8216;Havet&#8217; cevab\u0131 \u00e7\u0131kt\u0131. Evet de\u011fil &#8216;Havet&#8217; diyorlar. Sonra arkada\u015flar\u0131m dediler ki: &#8216;Ba\u015fkan\u0131m bu toplulu\u011fun \u00f6nemli bir k\u0131sm\u0131 \u015fehir d\u0131\u015f\u0131ndan geldi. O garipler ne bilsin, bindirilmi\u015f k\u0131talar onlar hay\u0131r, Mersin&#8217;de ya\u015fayanlar da refleksle Vahap Se\u00e7er&#8217;e evet dediler, onun i\u00e7in &#8216;Havet&#8217; \u00e7\u0131kt\u0131&#8217;. Mersin halk\u0131 vefal\u0131d\u0131r, o yan\u0131t kar\u015f\u0131s\u0131nda kalbimden b\u00f6yle ge\u00e7ti&#8221; dedi.<\/p>\n<p>Vatanda\u015ftan Se\u00e7er&#8217;e: &#8220;Siz beni ma\u011fdur etmediniz, ben de sizin y\u00fcz\u00fcn\u00fcz\u00fc kara \u00e7\u0131karmad\u0131m, \u00e7\u0131karmam&#8221;<br \/>\nKonu\u015fmas\u0131 esnas\u0131nda \u00e7evre apartmanlardan birisinin balkonunda bulunan bir kad\u0131n\u0131n &#8220;T\u00fcm mahalle bilir, 1 kuru ekme\u011fe muhta\u00e7t\u0131m. 1 g\u00fcn kap\u0131n\u0131za geldim, 3 g\u00fcn i\u00e7inde beni i\u015fe soktunuz. Siz beni ma\u011fdur etmediniz, ben de sizin y\u00fcz\u00fcn\u00fcz\u00fc kara \u00e7\u0131karmad\u0131m, \u00e7\u0131karmam. Allah sizden raz\u0131 olsun&#8221; diye seslenmesi \u00fczerine Ba\u015fkan Se\u00e7er, &#8220;Allah yolunu a\u00e7\u0131k etsin. \u00c7olu\u011funla \u00e7ocu\u011funla mutlu bir hayat nasip etsin. \u00c7al\u0131\u015f\u0131yorsun, al\u0131n terinin kar\u015f\u0131l\u0131\u011f\u0131n\u0131 al\u0131yorsun. \u015eimdi bac\u0131m oradan te\u015fekk\u00fcrlerini iletti, tan\u0131mam. Ben siyasi g\u00f6r\u00fc\u015f\u00fcn\u00fc bilmem, ismini bilmem, soyad\u0131n\u0131 bilmem&#8221; yan\u0131t\u0131n\u0131 verdi.<\/p>\n<p>&#8220;Bu \u00fclkeyi parsel parsel satanlara yaz\u0131klar olsun&#8221;<br \/>\nMitingin yap\u0131ld\u0131\u011f\u0131 \u00c7avu\u015flu Mahallesi&#8217;nin siyasilerin &#8216;Milliyet\u00e7ilik&#8217; \u00fczerinden oy dev\u015firmeye \u00e7al\u0131\u015ft\u0131\u011f\u0131 bir b\u00f6lge oldu\u011funa dikkat \u00e7eken Se\u00e7er, &#8220;Mert\u00e7e konu\u015fal\u0131m. Biz dimdik, direkt konu\u015fuyoruz. Geldik y\u00f6netime belediyede 10-11 bin insan \u00e7al\u0131\u015f\u0131yor, hala \u00e7al\u0131\u015f\u0131yor. Bir \u015fark\u0131 tutturdular &#8216;\u00c7al\u0131\u015fanlar i\u015ften \u00e7\u0131kart\u0131l\u0131yor, vatan evlatlar\u0131 i\u015ften \u00e7\u0131kart\u0131l\u0131yor, memleket \u00e7ocuklar\u0131..&#8217;  \u015eu anda \u00e7al\u0131\u015fan 11 bin ki\u015fi bu memleketin evlad\u0131 de\u011fil mi? Gidin belediyeye sand\u0131k koyun, \u00e7o\u011fu ge\u00e7mi\u015f se\u00e7imlerde benim partime oy veren insanlar de\u011fil, bizim \u00f6c\u00fc olmad\u0131\u011f\u0131m\u0131z\u0131 g\u00f6r\u00fcnce belki fikirleri de\u011fi\u015fmi\u015ftir. \u0130nsanlar\u0131 b\u00f6lmeyin. Yaz\u0131kt\u0131r g\u00fcnaht\u0131r. Bu \u00fclkeyi parsel parsel satanlara yaz\u0131klar olsun. Bu \u00fclkenin kamu kayna\u011f\u0131n\u0131 israf edenlere yaz\u0131klar olsun. \u00c7almakla israf etmenin fark\u0131 yok, ikisi de senin paran&#8221; ifadelerini kulland\u0131.<\/p>\n<p>Mersin B\u00fcy\u00fck\u015fehir Belediyesi&#8217;nin 500 \u00e7\u00f6lyak hastas\u0131na her ay 21 adet ekmek ve un deste\u011fi verdi\u011fini aktaran Ba\u015fkan Se\u00e7er, &#8220;Peki bug\u00fcne kadar bu hastal\u0131k vard\u0131 da neden kimsenin akl\u0131na gelmedi? Mersin B\u00fcy\u00fck\u015fehir Belediyesi sizin paran\u0131zla o ihtiya\u00e7 sahibi ailelerimize bu katk\u0131y\u0131 yaparken, bundan \u00f6nce bu kenti y\u00f6netenlerin, bu \u00fclkeyi y\u00f6netenlerin neden akl\u0131na gelmedi&#8221; dedi.<\/p>\n<p>&#8220;Gelin hizmet konu\u015fal\u0131m, hodri meydan&#8221;<br \/>\nKentin B\u00fcy\u00fck\u015fehir Belediye Ba\u015fkan\u0131 olarak sokakta aln\u0131 a\u00e7\u0131k ba\u015f\u0131 dik gezebilmek i\u00e7in gece-g\u00fcnd\u00fcz demeden \u00e7al\u0131\u015ft\u0131\u011f\u0131n\u0131, bir aile evlad\u0131n\u0131n yapmas\u0131 gerekenin de bu oldu\u011funu vurgulayan Ba\u015fkan Se\u00e7er &#8220;Ben belediye ba\u015fkan\u0131y\u0131m. D\u00f6rt y\u0131ld\u0131r uyku bana haram, neden, sokakta aln\u0131m a\u00e7\u0131k ba\u015f\u0131m dik gezmem laz\u0131m. Ali Mahir Ba\u015far\u0131r mecliste parlamentodayd\u0131. Di\u015fe di\u015f, g\u00f6ze g\u00f6z m\u00fccadele etti. Yan gelip yatabilirdi, korkabilirdi, tutuklarlar, bir s\u00fcr\u00fc tuzak kuruyorlar. Belediye i\u00e7in kurmad\u0131lar m\u0131? Ter\u00f6r \u00f6rg\u00fctlerinin yan\u0131nda duranlar\u0131 Allah kahretsin. Benim Partimin kurucusu Ulu \u00d6nder Mustafa Kemal Atat\u00fcrk. Siz Mustafa Kemal&#8217;in partisinden ter\u00f6rist \u00e7\u0131kartamazs\u0131n\u0131z. Bir g\u00fcn \u00f6yle bir g\u00fcn b\u00f6yle bu halk\u0131n akl\u0131n\u0131 kar\u0131\u015ft\u0131rmay\u0131n. Milli duygular\u0131yla oynamay\u0131n. Bu g\u00fcnah\u0131 yapmay\u0131n. Dini duygular\u0131yla oynamay\u0131n. Gelin hizmet konu\u015fal\u0131m, hodri meydan&#8221; diye konu\u015ftu.<\/p>\n<p>&#8220;Mersin&#8217;in Gaziantep&#8217;ten, Konya&#8217;dan, Kayseri&#8217;den neyi eksik, nerede devlet yat\u0131r\u0131mlar\u0131?&#8221;<br \/>\nMersin&#8217;in merkezi h\u00fck\u00fcmetten hak etti\u011fi yat\u0131r\u0131m\u0131 almad\u0131\u011f\u0131n\u0131 s\u00f6yleyen Ba\u015fkan Se\u00e7er, Gaziantep, Kayseri, Konya gibi farkl\u0131 \u015fehirlerde yap\u0131lan \u00e7al\u0131\u015fmalar\u0131n Mersin&#8217;de yap\u0131lmamas\u0131na tepki g\u00f6stererek &#8220;Mersin&#8217;in Gaziantep&#8217;ten, Konya&#8217;dan, Kayseri&#8217;den neyi eksik, nerede devlet yat\u0131r\u0131mlar\u0131? \u015eurada bir tane k\u00f6pr\u00fcl\u00fc kav\u015fak yapm\u0131\u015f Karayollar\u0131, yapmaz olayd\u0131. Gaziantep&#8217;e Konya&#8217;ya Kayseri&#8217;ye gidin,  her tarafa Karayollar\u0131 damgal\u0131 batt\u0131 \u00e7\u0131kt\u0131 yapt\u0131lar. Burada belediye yap\u0131yor. Biz para m\u0131 bas\u0131yoruz? Param\u0131 \u00e7al\u0131yoruz. Bize kanunla belirlenmi\u015f bir kaynak var, geliyor. \u00c7alm\u0131yoruz, israf etmiyoruz, &#8216;Ver i\u015fi als\u0131n maa\u015f\u0131&#8217; yapm\u0131yoruz. \u0130\u015flerine gelmiyor ama gelecek, al\u0131\u015facaklar&#8221; ifadelerini kulland\u0131.<\/p>\n<p>&#8220;14 May\u0131s&#8217;ta deste\u011finizi istiyorum&#8221;<br \/>\nVatanda\u015flardan 14 May\u0131s&#8217;ta Millet \u0130ttifak\u0131 Cumhurba\u015fkan\u0131 Aday\u0131 Kemal K\u0131l\u0131\u00e7daro\u011flu i\u00e7in destek isteyen Se\u00e7er \u015funlar\u0131 kaydetti: &#8220;14 May\u0131s&#8217;ta CHP Genel Ba\u015fkan\u0131 13. Cumhurba\u015fkan\u0131 Kemal K\u0131l\u0131\u00e7daro\u011flu&#8217;na deste\u011finizi istiyorum, Partim Cumhuriyet Halk Partisi&#8217;ne deste\u011finizi istiyorum. Ama elbette ki ittifak var. Bu ittifak d\u0131\u015f\u0131nda partiler var. Cumhurba\u015fkan\u0131 aday\u0131 olarak Kemal K\u0131l\u0131\u00e7daro\u011flu&#8217;nu destekliyorlar. G\u00f6n\u00fcl verdi\u011finiz partiniz varsa bu ittifaktan, gidin ona verin g\u00f6n\u00fcl rahatl\u0131\u011f\u0131yla. Ama ben CHP&#8217;liyim, kendime oy isteyece\u011fim. Hedef 13 milletvekili. Bizim adaylar\u0131m\u0131zdan daha iyi adaylar m\u0131 var? Hepsi birbirinden de\u011ferli. Biz buraday\u0131z.&#8221;<\/p>\n<p>&#8220;Biz Mersin&#8217;in menfaati i\u00e7in b\u00fct\u00fcn kap\u0131lar\u0131 zorlar\u0131z, a\u00e7ar ge\u00e7eriz&#8221;<br \/>\nSe\u00e7er, 4 y\u0131l boyunca ger\u00e7ekle\u015ftirecekleri hizmetler i\u00e7in her t\u00fcrl\u00fc makama ve kuruma gidip Mersinlilerin menfaati i\u00e7in \u00e7al\u0131\u015ft\u0131\u011f\u0131n\u0131 dile getirerek, &#8220;Hi\u00e7 kimseden de \u00e7ekinmedim. Biz Mersin&#8217;in menfaati i\u00e7in b\u00fct\u00fcn kap\u0131lar\u0131 zorlar\u0131z, a\u00e7ar ge\u00e7eriz. Bunun g\u00fcvencesi biziz. Hizmet konu\u015fal\u0131m. Buradaki topluluktan daha m\u0131 fazla seviyor Cumhur \u0130ttifak\u0131&#8217;n\u0131n siyaset\u00e7ileri \u00fclkemizi? Hizmet yapaca\u011f\u0131z. \u0130nsanlar i\u015f, a\u015f, yol, havaalan\u0131 bekliyor, bunlar\u0131 konu\u015fal\u0131m&#8221;  diye konu\u015ftu.<\/p>\n<p>Ba\u015far\u0131r: &#8220;Geldi\u011fimiz y\u0131l\u0131n ilk alt\u0131 y\u0131l\u0131nda havaalan\u0131 a\u00e7\u0131lacak&#8221;<br \/>\nCHP Parti Meclisi \u00dcyesi ve Mersin Milletvekili Ali Mahir Ba\u015far\u0131r ise, &#8220;\u00dclkenin Cumhurba\u015fkan\u0131, &#8216;Mersin&#8217;e bakt\u0131m; \u00e7amur, \u00e7ukur&#8217; diyor. D\u00fcne kadar bunlar yoktu ama \u00f6yle bir konu\u015ftu ki, dibin alt\u0131na d\u00fc\u015ft\u00fcn \u00e7ukur oldu Mersin&#8217;de. Nebati diyor ki &#8216;Ben Mersin&#8217;de rahat\u00e7a y\u00fcr\u00fcyebiliyorum.&#8217; Bu yolu Mersin B\u00fcy\u00fck\u015fehir Belediye Ba\u015fkan\u0131 yap\u0131yor, ondan y\u00fcr\u00fcyorsun. Mersin&#8217;de 4.5 y\u0131l\u0131 d\u00fc\u015f\u00fcnelim. Benim yurtta\u015flar\u0131m ekmek 5 lirayken 6 liraya \u00fc\u00e7 kap yemek yiyor. Ekmek 5 lirayken 2.5 liraya ekmek yiyor. \u00c7ift\u00e7iye hayvan, g\u00fcbre, ila\u00e7 deste\u011fi yap\u0131l\u0131yor. Yol yap\u0131l\u0131yor. 100 y\u0131l sonra metro yap\u0131lmak isteniyor. Kim engelliyor? K\u00f6t\u00fc hediyeniz Nebati. Nebati sen buraya ne y\u00fczle geliyorsun? Havaalan\u0131m\u0131z nerede? Bitmedi. Ama a\u00e7\u0131l\u0131\u015f\u0131n\u0131 yapt\u0131lar, u\u00e7ak yere de\u011fmeden u\u00e7urdular. Antalya otoyolunuz nerede? Bitmedi. Sahil projeniz nerede? Bitmedi. Siz ne yapt\u0131n\u0131z Mersin&#8217;e? Liman\u0131 satt\u0131n\u0131z. Size s\u00f6z veriyorum, geldi\u011fimiz y\u0131l\u0131n ilk alt\u0131 ay\u0131nda havaalan\u0131 a\u00e7\u0131lacak, otoyolumuz, sahil projesi yap\u0131lacak&#8221; ifadelerine yer verdi.<\/p>\n<p>\u00d6m\u00fcr: &#8220;15 May\u0131s&#8217;ta Mersin, T\u00fcrkiye hakk\u0131n\u0131 als\u0131n&#8221;<br \/>\nCHP Mersin \u0130l Ba\u015fkan\u0131 Koral \u00d6m\u00fcr de Mersinlilerin art\u0131k de\u011fi\u015fim istedi\u011fini vurgulayarak, &#8220;Mevcut Cumhurba\u015fkan\u0131 orada belediyelerimize, Mersin B\u00fcy\u00fck\u015fehir Belediye Ba\u015fkan\u0131m\u0131za bir de \u00e7amur att\u0131. Helikopterle Mersin&#8217;e geldi\u011fi i\u00e7in Mersin&#8217;in belediyecilikte k\u00f6t\u00fc oldu\u011funu s\u00f6yledi. Ancak \u015fehirde biraz gezip g\u00f6rseydi 2019&#8217;dan sonra Mersin&#8217;in nas\u0131l de\u011fi\u015fti\u011fini, y\u00f6netildi\u011fini, hizmet yap\u0131ld\u0131\u011f\u0131n\u0131 g\u00f6r\u00fcrd\u00fc. CHP&#8217;nin k\u0131rm\u0131z\u0131 \u00e7izgisi vatan ve bayrakt\u0131r. CHP bu \u00fclkenin bu devletin sigortas\u0131d\u0131r. Sizlerden 1 oy K\u0131l\u0131\u00e7daro\u011flu&#8217;na 1 oy CHP&#8217;ye istiyoruz. 15 May\u0131s&#8217;ta Mersin, T\u00fcrkiye hakk\u0131n\u0131 als\u0131n&#8221; diye konu\u015ftu.<\/p>\n<p>Din\u00e7er: &#8220;\u015eimdi iktidar olma vakti&#8221;<br \/>\nCHP Mersin Milletvekili Aday\u0131 Talat Din\u00e7er de Mersin i\u00e7in gece g\u00fcnd\u00fcz \u00e7al\u0131\u015ft\u0131klar\u0131n\u0131, gittikleri her b\u00f6lgede B\u00fcy\u00fck\u015fehir Belediyesi&#8217;nin hizmet izini g\u00f6rd\u00fcklerini anlatarak, &#8220;\u015eimdi iktidar olma vakti. \u00c7\u00fcnk\u00fc Ba\u015fkan\u0131m burada projeyi yapar, Bakanl\u0131k hemen \u00f6n\u00fcne bir takoz koyuyor. Diyor ki &#8216;Vahap Se\u00e7er yapmas\u0131n, biz gelece\u011fiz, biz yapal\u0131m&#8217;. Gelin de g\u00f6relim bakal\u0131m. 14 May\u0131s T\u00fcrkiye&#8217;nin gelece\u011fi i\u00e7in tercihtir. Ulu \u00d6nder Mustafa Kemal Atat\u00fcrk parlamenter sistemi bizlere emanet etti. Ama bu iktidar emanete ihanet etti. \u0130ki sat\u0131rla b\u00fct\u00fcn kanunlar\u0131n, kararlar\u0131n \u00e7\u0131kt\u0131\u011f\u0131 tek adama yetki verildi. Hak, hukuk, adalet kalmad\u0131. Bize d\u00fc\u015fen halk\u0131m\u0131zla beraber Kemal K\u0131l\u0131\u00e7daro\u011flu&#8217;nu a\u00e7\u0131k ara Cumhurba\u015fkan\u0131 yapmakt\u0131r&#8221; ifadelerini kulland\u0131.<\/p>\n<p>\u00c7ak\u0131r: &#8220;Adaletin da\u011f\u0131t\u0131ld\u0131\u011f\u0131 bir T\u00fcrkiye hayalimiz \u00e7ok yak\u0131nda sizlere kavu\u015facak&#8221;<br \/>\nHayali kurulan T\u00fcrkiye&#8217;nin \u00e7ok yak\u0131nda vatanda\u015flara ula\u015faca\u011f\u0131n\u0131 s\u00f6yleyen CHP Mersin Milletvekili Aday\u0131 Hasan Ufuk \u00c7ak\u0131r &#8220;Bu se\u00e7im demokrasinin en zor se\u00e7imi. Bu se\u00e7im \u00e7ocuklar\u0131m\u0131z\u0131n gelece\u011finin,  kad\u0131nlar\u0131n gelece\u011finin, \u00e7ift\u00e7inin yar\u0131n\u0131n\u0131n se\u00e7imi, depremzedelere derman olacak se\u00e7im. Nerede bir haks\u0131z kazan\u00e7 varsa sorumlusu 20 y\u0131ld\u0131r bu \u00fclkeyi y\u00f6neten AK Partinin lideridir. Mersinli karde\u015flerim kaybedecek bir g\u00fcn\u00fcm\u00fcz bile yok. Gelin bu i\u015fi burada bitirelim. Adaletin da\u011f\u0131t\u0131ld\u0131\u011f\u0131 bir T\u00fcrkiye hayalimiz \u00e7ok yak\u0131nda sizlere kavu\u015facak&#8221; dedi.<\/p>\n<p>Y\u0131lmaz: &#8220;14 May\u0131s&#8217;ta yeni bir aslan\u0131 \u00c7ankaya&#8217;ya ta\u015f\u0131yaca\u011f\u0131z&#8221;<br \/>\nCHP Parti Meclisi \u00dcyesi ve Mersin Milletvekili Aday\u0131 Emre Y\u0131lmaz ise, &#8220;Ben bug\u00fcn havaliman\u0131n\u0131 ziyaret etmek istedim. Muktedir konu\u015ftu, ben de kendi g\u00f6z\u00fcmle g\u00f6rd\u00fcm. Havaliman\u0131na kadar her taraf sar\u0131 \u00e7izgili asfalt. Sonras\u0131nda otoban ba\u011flant\u0131 yolu haz\u0131rl\u0131yorlar muktedirler. Ama hi\u00e7bir yerde daha hen\u00fcz bitmi\u015f bir i\u015flem yok. 31 Mart&#8217;ta nas\u0131l burada bir hikaye yazd\u0131ysak, yeni bir hikaye yazaca\u011f\u0131z Art\u0131k Mersin&#8217;e bir aslan geldi. 14 May\u0131s&#8217;ta da yeni bir aslan\u0131 \u00c7ankaya&#8217;ya ta\u015f\u0131yaca\u011f\u0131z&#8221; dedi.<\/p>\n<p>Y\u0131ld\u0131z: &#8220;Kad\u0131nlar\u0131n co\u015fkusu 14 May\u0131s&#8217;ta Mersin&#8217;i bahara uyand\u0131racak&#8221;<br \/>\nCHP Mersin Milletvekili Aday\u0131 \u015eerife Y\u0131ld\u0131z Ar\u0131c\u0131 ise, &#8220;Zaman o kadar h\u0131zl\u0131 ge\u00e7iyor ki bundan 4 y\u0131l \u00f6nce Toroslar&#8217;da 1000 kad\u0131nla Toroslar&#8217;\u0131n zirvesinde K\u0131z\u0131lkaya&#8217;da Bolkarlar&#8217;da bahar\u0131n geli\u015fini H\u0131d\u0131rellez&#8217;de kutlam\u0131\u015ft\u0131k. Belediye Ba\u015fkan\u0131m\u0131z Vahap Se\u00e7er&#8217;in Mersin&#8217;e getirdi\u011fi bahar\u0131 kad\u0131nlarla kutlam\u0131\u015ft\u0131k. \u00c7\u00fcnk\u00fc kad\u0131nlar do\u011fay\u0131 bahara uyand\u0131r\u0131r. Burada da g\u00f6r\u00fcyorum ki kad\u0131nlar\u0131n bu heyecan\u0131, co\u015fkusu 14 May\u0131s&#8217;ta Mersin&#8217;i bahara uyand\u0131racak&#8221; diye konu\u015ftu.<\/p>\n<p>Soysal: &#8220;Hi\u00e7bir ayr\u0131m yapmadan hizmet yapan Ba\u015fkan\u0131ma te\u015fekk\u00fcr ederim&#8221;<br \/>\nBa\u015fkan Vahap Se\u00e7er&#8217;in Mersin&#8217;in hi\u00e7bir muhtar\u0131na kar\u015f\u0131 ayr\u0131mc\u0131l\u0131k yapmad\u0131\u011f\u0131n\u0131 s\u00f6yleyen T\u00fcrkiye Muhtarlar Federasyonu Mersin \u015eubesi Ba\u015fkan\u0131 ve \u00c7avu\u015flu Mahallesi Muhtar\u0131 Halil \u0130brahim Soysal ise &#8220;Hi\u00e7bir ayr\u0131m yapmadan hizmet yapt\u0131\u011f\u0131na bizzat \u015fahit oldu\u011fum i\u00e7in Ba\u015fkan\u0131ma ayr\u0131ca te\u015fekk\u00fcr ediyorum. \u015eimdiye kadar &#8216;Toroslardan aday\u0131n\u0131z yok&#8217; deniyordu \u015fimdi 2 tane aday\u0131m\u0131z var. Birisi Talat Din\u00e7er di\u011feri k\u00f6y\u00fcm\u00fcn \u00e7ocu\u011fu her zaman yan\u0131m\u0131zda olan Ufuk \u00c7ak\u0131r&#8217;a destek vermeye var m\u0131s\u0131n\u0131z?&#8221; diyerek mitinge gelenlerden CHP Mersin Milletvekili Adaylar\u0131na destek istedi. <\/p>\n","protected":false},"excerpt":{"rendered":"<p>Mersin B\u00fcy\u00fck\u015fehir Belediye Ba\u015fkan\u0131 Vahap Se\u00e7er, Cumhuriyet Halk partisi (CHP) Mersin Milletvekili Aday\u0131 Hasan Ufuk \u00c7ak\u0131r&#8217;\u0131n ger\u00e7ekle\u015ftirdi\u011fi &#8216;\u00c7avu\u015flu Mitingi&#8217;ne kat\u0131ld\u0131. Toroslar il\u00e7esine ba\u011fl\u0131 \u00c7avu\u015flu Mahallesi&#8217;nde ger\u00e7ekle\u015ftirilen mitinge Ba\u015fkan Se\u00e7er&#8217;in yan\u0131 &hellip; <a href=\"https:\/\/akdenizolaygazetesi.com\/?p=25634\" class=\"more-link\">Devam\u0131n\u0131 Oku&#8230;<\/a><\/p>\n","protected":false},"author":2,"featured_media":25635,"comment_status":"open","ping_status":"open","sticky":false,"template":"","format":"standard","meta":[],"categories":[2,3,5],"tags":[],"_links":{"self":[{"href":"https:\/\/akdenizolaygazetesi.com\/index.php?rest_route=\/wp\/v2\/posts\/25634"}],"collection":[{"href":"https:\/\/akdenizolaygazetesi.com\/index.php?rest_route=\/wp\/v2\/posts"}],"about":[{"href":"https:\/\/akdenizolaygazetesi.com\/index.php?rest_route=\/wp\/v2\/types\/post"}],"author":[{"embeddable":true,"href":"https:\/\/akdenizolaygazetesi.com\/index.php?rest_route=\/wp\/v2\/users\/2"}],"replies":[{"embeddable":true,"href":"https:\/\/akdenizolaygazetesi.com\/index.php?rest_route=%2Fwp%2Fv2%2Fcomments&post=25634"}],"version-history":[{"count":1,"href":"https:\/\/akdenizolaygazetesi.com\/index.php?rest_route=\/wp\/v2\/posts\/25634\/revisions"}],"predecessor-version":[{"id":25636,"href":"https:\/\/akdenizolaygazetesi.com\/index.php?rest_route=\/wp\/v2\/posts\/25634\/revisions\/25636"}],"wp:featuredmedia":[{"embeddable":true,"href":"https:\/\/akdenizolaygazetesi.com\/index.php?rest_route=\/wp\/v2\/media\/25635"}],"wp:attachment":[{"href":"https:\/\/akdenizolaygazetesi.com\/index.php?rest_route=%2Fwp%2Fv2%2Fmedia&parent=25634"}],"wp:term":[{"taxonomy":"category","embeddable":true,"href":"https:\/\/akdenizolaygazetesi.com\/index.php?rest_route=%2Fwp%2Fv2%2Fcategories&post=25634"},{"taxonomy":"post_tag","embeddable":true,"href":"https:\/\/akdenizolaygazetesi.com\/index.php?rest_route=%2Fwp%2Fv2%2Ftags&post=25634"}],"curies":[{"name":"wp","href":"https:\/\/api.w.org\/{rel}","templated":true}]}}