{"id":25637,"date":"2023-05-08T13:21:21","date_gmt":"2023-05-08T10:21:21","guid":{"rendered":"http:\/\/akdenizolaygazetesi.com\/?p=25637"},"modified":"2023-05-08T13:21:21","modified_gmt":"2023-05-08T10:21:21","slug":"engelleri-gokyuzune-saldilar","status":"publish","type":"post","link":"https:\/\/akdenizolaygazetesi.com\/?p=25637","title":{"rendered":"ENGELLER\u0130 G\u00d6KY\u00dcZ\u00dcNE SALDILAR"},"content":{"rendered":"<p>\u00d6zel gereksinimli bireyler, 10-16 May\u0131s Engelliler Haftas\u0131 dolay\u0131s\u0131yla, Mersin B\u00fcy\u00fck\u015fehir Belediyesi&#8217;nin d\u00fczenledi\u011fi &#8216;Engelleri U\u00e7uruyoruz \u015eenli\u011fi&#8217;nde bulu\u015ftu.<br \/>\n\u00d6zgecan Aslan Bar\u0131\u015f Meydan\u0131&#8217;nda &#8216;Engelleri U\u00e7uruyoruz&#8217; slogan\u0131yla d\u00fczenlenen \u015fenlikte kurulan oyun alanlar\u0131 ve sahnelerle, birbirinden farkl\u0131 aktiviteler yap\u0131ld\u0131. \u015eenli\u011fe aileleri ile birlikte kat\u0131lan \u00f6zel gereksinimli bireyler, g\u00fczel bir bahar havas\u0131nda u\u00e7urtmalar\u0131n\u0131 g\u00f6ky\u00fcz\u00fcne g\u00f6nderdi.<br \/>\nB\u00fcy\u00fck\u015fehir Belediyesi Sa\u011fl\u0131k \u0130\u015fleri Dairesi taraf\u0131ndan alana kurulan sahnede zumba g\u00f6sterisine kat\u0131lan ve mini disco etkinli\u011finde masal karakterleriyle birlikte dans eden \u00f6zel gereksinimli bireyler; basketbol, voleybol, masa tenisi, curling ve halat \u00e7ekme oyunu da oynad\u0131. Y\u00fcz boyama etkinli\u011finde y\u00fczlerini boyatan \u00e7ocuklar, alanda da\u011f\u0131t\u0131lan u\u00e7urtmalar\u0131 u\u00e7urarak g\u00f6n\u00fcllerince e\u011flendi. Rengarenk u\u00e7urtmalar g\u00f6ky\u00fcz\u00fcnde u\u00e7arken, \u00f6zel \u00e7ocuklar\u0131n mutlulu\u011fu da ortaya renkli g\u00f6r\u00fcnt\u00fcler \u00e7\u0131kard\u0131.<br \/>\nGerbo\u011fa: &#8220;Dolu dolu bir etkinlik oldu&#8221;<br \/>\n10-16 May\u0131s Engelliler Haftas\u0131 kapsam\u0131nda \u00f6nemli etkinlikleri hayata ge\u00e7ireceklerini ifade eden Mersin B\u00fcy\u00fck\u015fehir Belediyesi Sa\u011fl\u0131k \u0130\u015fleri Dairesi Engelliler \u015eube M\u00fcd\u00fcr\u00fc Abdullah Gerbo\u011fa, &#8220;Etkinli\u011fimiz \u00e7ok g\u00fczel ge\u00e7ti. \u00c7ocuklar, u\u00e7urtma \u015fenli\u011fi etkinli\u011fi \u00f6ncesinde zumba, mini disko, basketbol, voleybol, curling, masa tenisi, halat \u00e7ekme, y\u00fcz boyama ve sosis balonlarla \u015fekiller yapma etkinliklerine kat\u0131ld\u0131. Patlam\u0131\u015f m\u0131s\u0131r, pamuk \u015fekeri, sandvi\u00e7, limonata gibi ikramlar\u0131m\u0131z da oldu. Sonra da u\u00e7urtmalar\u0131m\u0131z\u0131 u\u00e7urduk. \u00c7ocuklar \u00e7ok e\u011flendi, etkinli\u011fimiz gayet g\u00fczel ge\u00e7ti. Aileleri de yanlar\u0131nda olunca, \u00e7ok mutlu oldular&#8221; dedi.<br \/>\n&#8220;\u00c7ok e\u011flendik, \u00e7ok mutluyuz&#8221;<br \/>\n28 ya\u015f\u0131ndaki Veli Erciyas, etkinlikte g\u00fcn boyu e\u011flendi\u011fini belirterek, &#8220;U\u00e7urtma u\u00e7urduk, zumba yapt\u0131k, basketbol oynad\u0131k, futbol oynad\u0131k, yar\u0131\u015fmalar yapt\u0131k. Ba\u015fkan\u0131m\u0131za \u00e7ok te\u015fekk\u00fcr ederiz. Hep bizimle ilgileniyor&#8221; dedi.<br \/>\n14 ya\u015f\u0131ndaki Dilara Sa\u00e7\u0131 ise, &#8220;\u00c7ok e\u011flendik. Basketbol oynad\u0131k, zumba yapt\u0131k ve m\u0131s\u0131r yedik. Vahap Se\u00e7er&#8217;e \u00e7ok te\u015fekk\u00fcr ederim. Hepsini \u00e7ok seviyorum&#8221; derken, en \u00e7ok e\u011flendi\u011fi etkinli\u011fi payla\u015farak, &#8220;En \u00e7ok zumba etkinli\u011fini sevdim. Zaten ben de dans etmeyi seven biriyim. \u00c7ok e\u011flendim&#8221; ifadelerini kulland\u0131.<br \/>\n26 ya\u015f\u0131ndaki Mehmet \u00d6zkartal, Mersin B\u00fcy\u00fck\u015fehir Belediyesi&#8217;nin b\u00fct\u00fcn etkinliklerine kat\u0131ld\u0131\u011f\u0131n\u0131 ve bu etkinlikte de \u00e7ok e\u011flendi\u011fini belirterek, &#8220;U\u00e7urtma u\u00e7urdum. Masa tenisi oynad\u0131k. En \u00e7ok masa tenisini sevdim. Vahap Ba\u015fkan&#8217;a te\u015fekk\u00fcrler&#8221; diye konu\u015furken, A\u00e7elya Yarar ise, &#8220;U\u00e7urtma \u015fenli\u011fimiz var. \u0130yiyiz, mutluyuz. U\u00e7urtma u\u00e7uruyoruz, basket oynuyoruz,  her \u015feyi yap\u0131yoruz. Ba\u015fkan\u0131m\u0131z\u0131 da \u00e7ok seviyoruz&#8221; dedi.<\/p>\n","protected":false},"excerpt":{"rendered":"<p>\u00d6zel gereksinimli bireyler, 10-16 May\u0131s Engelliler Haftas\u0131 dolay\u0131s\u0131yla, Mersin B\u00fcy\u00fck\u015fehir Belediyesi&#8217;nin d\u00fczenledi\u011fi &#8216;Engelleri U\u00e7uruyoruz \u015eenli\u011fi&#8217;nde bulu\u015ftu. \u00d6zgecan Aslan Bar\u0131\u015f Meydan\u0131&#8217;nda &#8216;Engelleri U\u00e7uruyoruz&#8217; slogan\u0131yla d\u00fczenlenen \u015fenlikte kurulan oyun alanlar\u0131 ve sahnelerle, &hellip; <a href=\"https:\/\/akdenizolaygazetesi.com\/?p=25637\" class=\"more-link\">Devam\u0131n\u0131 Oku&#8230;<\/a><\/p>\n","protected":false},"author":2,"featured_media":25638,"comment_status":"open","ping_status":"open","sticky":false,"template":"","format":"standard","meta":[],"categories":[3,5],"tags":[],"_links":{"self":[{"href":"https:\/\/akdenizolaygazetesi.com\/index.php?rest_route=\/wp\/v2\/posts\/25637"}],"collection":[{"href":"https:\/\/akdenizolaygazetesi.com\/index.php?rest_route=\/wp\/v2\/posts"}],"about":[{"href":"https:\/\/akdenizolaygazetesi.com\/index.php?rest_route=\/wp\/v2\/types\/post"}],"author":[{"embeddable":true,"href":"https:\/\/akdenizolaygazetesi.com\/index.php?rest_route=\/wp\/v2\/users\/2"}],"replies":[{"embeddable":true,"href":"https:\/\/akdenizolaygazetesi.com\/index.php?rest_route=%2Fwp%2Fv2%2Fcomments&post=25637"}],"version-history":[{"count":1,"href":"https:\/\/akdenizolaygazetesi.com\/index.php?rest_route=\/wp\/v2\/posts\/25637\/revisions"}],"predecessor-version":[{"id":25639,"href":"https:\/\/akdenizolaygazetesi.com\/index.php?rest_route=\/wp\/v2\/posts\/25637\/revisions\/25639"}],"wp:featuredmedia":[{"embeddable":true,"href":"https:\/\/akdenizolaygazetesi.com\/index.php?rest_route=\/wp\/v2\/media\/25638"}],"wp:attachment":[{"href":"https:\/\/akdenizolaygazetesi.com\/index.php?rest_route=%2Fwp%2Fv2%2Fmedia&parent=25637"}],"wp:term":[{"taxonomy":"category","embeddable":true,"href":"https:\/\/akdenizolaygazetesi.com\/index.php?rest_route=%2Fwp%2Fv2%2Fcategories&post=25637"},{"taxonomy":"post_tag","embeddable":true,"href":"https:\/\/akdenizolaygazetesi.com\/index.php?rest_route=%2Fwp%2Fv2%2Ftags&post=25637"}],"curies":[{"name":"wp","href":"https:\/\/api.w.org\/{rel}","templated":true}]}}