{"id":25643,"date":"2023-05-08T13:25:55","date_gmt":"2023-05-08T10:25:55","guid":{"rendered":"http:\/\/akdenizolaygazetesi.com\/?p=25643"},"modified":"2023-05-08T13:25:55","modified_gmt":"2023-05-08T10:25:55","slug":"cimsa-yilin-ilk-ceyreginde-cirosunu-gecen-yila-gore-%74-artirarak-2-363-milyon-tlye-cikardi","status":"publish","type":"post","link":"https:\/\/akdenizolaygazetesi.com\/?p=25643","title":{"rendered":"\u00c7imsa y\u0131l\u0131n ilk \u00e7eyre\u011finde cirosunu ge\u00e7en y\u0131la g\u00f6re %74 art\u0131rarak 2.363 milyon TL\u2019ye \u00e7\u0131kard\u0131"},"content":{"rendered":"<p>\u00c7imsa y\u0131l\u0131n ilk \u00e7eyre\u011finde cirosunu ge\u00e7en y\u0131la g\u00f6re %74 art\u0131rarak 2.363 milyon TL\u2019ye \u00e7\u0131kard\u0131<\/p>\n<p>Enerji verimlili\u011fi ve s\u00fcrd\u00fcr\u00fclebilirlik yat\u0131r\u0131mlar\u0131 ile \u00f6n plana \u00e7\u0131kan \u00c7imsa, y\u0131l\u0131n ilk \u00e7eyre\u011finde ge\u00e7en y\u0131l\u0131n ayn\u0131 d\u00f6nemine g\u00f6re, cirosunu y\u00fczde %74 art\u0131rarak 1.355 milyon TL\u2019den 2.363 milyon TL\u2019ye \u00e7\u0131kard\u0131. Net k\u00e2r\u0131 ise 305 milyon TL olarak ger\u00e7ekle\u015fti. <\/p>\n<p>Sabanc\u0131 Toplulu\u011fu\u2019nun global markas\u0131 \u00c7imsa, 2023 y\u0131l\u0131 ilk \u00e7eyrek finansal sonu\u00e7lar\u0131n\u0131 a\u00e7\u0131klad\u0131. Katma de\u011ferli \u00fcr\u00fcnlerdeki kapasite art\u0131\u015f yat\u0131r\u0131mlar\u0131 yan\u0131nda yenilenebilir enerji yat\u0131r\u0131mlar\u0131 ile yap\u0131 malzemeleri pazar\u0131nda k\u00fcresel oyunculardan biri olan \u00c7imsa\u2019n\u0131n y\u0131l\u0131n ilk \u00e7eyre\u011finde cirosu 2.363 milyon TL; net k\u00e2r\u0131 ise 305 milyon TL olarak ger\u00e7ekle\u015fti. \u015eirketin 2023 y\u0131l\u0131 ilk \u00e7eyrek finansal sonu\u00e7lar\u0131n\u0131 de\u011ferlendiren \u00c7imsa CEO\u2019su Umut Zenar, \u201c2022 y\u0131l\u0131n\u0131 ba\u015far\u0131l\u0131 finansal sonu\u00e7larla tamamlam\u0131\u015ft\u0131k ve bu ivme artarak devam ediyor.  T\u00fcrkiye\u2019nin uluslararas\u0131 markalar\u0131ndan biri olarak katma de\u011feri ve karl\u0131l\u0131\u011f\u0131 y\u00fcksek beyaz \u00e7imento ve kalsiyum aluminatl\u0131 \u00fcr\u00fcnlerimizle, s\u00fcrd\u00fcr\u00fclebilir b\u00fcy\u00fcme hedefimizle k\u00fcresel yolculu\u011fumuza devam ediyoruz.\u201d dedi.<\/p>\n<p>T\u00fcm faaliyetlerinde enerji performans\u0131n\u0131n iyile\u015ftirilmesi i\u00e7in enerjinin azami verimlilikte kullan\u0131lmas\u0131, do\u011fal kaynak kullan\u0131m\u0131n\u0131n azalt\u0131lmas\u0131 ve yenilenebilir kaynaklardan enerji tedarik stratejilerini esas ald\u0131klar\u0131n\u0131 vurgulayan \u00c7imsa CEO\u2019su Umut Zenar, \u015fu de\u011ferlendirmeyi yapt\u0131: <\/p>\n<p>\u201cEnerji verimlili\u011fi konusu uzun vadeli s\u00fcrd\u00fcr\u00fclebilirlik stratejimizin \u00f6nemli bir b\u00f6l\u00fcm\u00fcn\u00fc olu\u015fturuyor. \u0130klim de\u011fi\u015fikli\u011fi ile m\u00fccadelede enerji verimlili\u011fine odakl\u0131 hareket ediyoruz. S\u00fcrd\u00fcr\u00fclebilir bir ya\u015fam i\u00e7in \u00f6zellikle fosil yak\u0131tlar\u0131 ikame eden alternatif yak\u0131tlar ve d\u00fc\u015f\u00fck karbon emisyonunu destekleyen yeni teknolojik de\u011fi\u015fimler \u00fczerinde \u00e7al\u0131\u015f\u0131yoruz. Bu kapsamda hayata ge\u00e7irdi\u011fimiz Afyon At\u0131ktan T\u00fcretilmi\u015f Yak\u0131t Besleme Tesisi ile s\u00fcrd\u00fcr\u00fclebilirlik ajandam\u0131zda \u00f6nemli bir ad\u0131m atm\u0131\u015ft\u0131k. <\/p>\n<p>Yenilenebilir enerji kayna\u011f\u0131 kullan\u0131m\u0131n\u0131n \u00fclkelerin enerji stratejilerinde \u00f6nemli yer tuttu\u011funu da belirten Zenar, bu konuda \u00c7imsa\u2019n\u0131n enerji verimlili\u011fi ve s\u00fcrd\u00fcr\u00fclebilirlik odakl\u0131 yeni yat\u0131r\u0131mlar\u0131na ili\u015fkin \u015fu bilgileri aktard\u0131:<\/p>\n<p> \u201cAfyon Fabrikam\u0131zda kurulumuna ba\u015flad\u0131\u011f\u0131m\u0131z GES projemizin ard\u0131ndan \u015fimdi de \u0130spanya Bunol Fabrikam\u0131zda 4.2 Milyon Euro\u2019luk yat\u0131r\u0131mla g\u00fcne\u015f enerjisi santrali kuruyoruz. ID Energy Group taraf\u0131ndan anahtar teslim kurulacak sistem, 7,2 MW kurulu g\u00fcce sahip olacak ve y\u0131lda yakla\u015f\u0131k 12 GWh elektrik \u00fcretecek. 14 futbol sahas\u0131 b\u00fcy\u00fckl\u00fc\u011f\u00fcnde 100 bin metrekare alan \u00fczerinde 11 bin adet g\u00fcne\u015f panelinin kullan\u0131laca\u011f\u0131 GES projesinin 2023 y\u0131l\u0131nda aktif olarak devreye al\u0131nmas\u0131 ile fabrikam\u0131z enerji ihtiyac\u0131n\u0131n %16\u2019s\u0131n\u0131 kendi kaynaklar\u0131ndan kar\u015f\u0131l\u0131yor olacak.\u201d  <\/p>\n<p>S\u00fcrd\u00fcr\u00fclebilirlik konusundaki \u00e7al\u0131\u015fmalar\u0131n\u0131n uluslararas\u0131 kurumlar taraf\u0131ndan da tescil edildi\u011fini vurgulayan Umut Zenar, \u201cYak\u0131n zamanda s\u00fcrd\u00fcr\u00fclebilirlik stratejimiz kapsam\u0131nda dahil oldu\u011fumuz Bilim Temelli Hedefler Giri\u015fimi, iklim bilimine uygun olarak yak\u0131n vadeli emisyon azalt\u0131m\u0131na dair hedef verme taahh\u00fcd\u00fcm\u00fcz\u00fc kabul etti. Yat\u0131r\u0131mc\u0131lar, kamu kurumlar\u0131 ve akademik \u00e7evreler taraf\u0131ndan yak\u0131ndan takip edilen bu global ve prestijli inisiyatif taraf\u0131ndan taahh\u00fcd\u00fcm\u00fcz\u00fcn onaylanmas\u0131ndan mutluluk duyuyoruz. \u00d6nc\u00fc uygulama ve \u00e7al\u0131\u015fmalar\u0131m\u0131z ile Happy Place To Work\u2019\u00fcn Capital Dergisi i\u015f birli\u011fi ile ger\u00e7ekle\u015ftirdi\u011fi T\u00fcrkiye\u2019nin En Mutlu \u0130\u0219yerleri Ara\u0219t\u0131rmas\u0131\u2019nda ge\u00e7ti\u011fimiz y\u0131l \u00e7imento, bu y\u0131l ise yap\u0131 malzemeleri sekt\u00f6r\u00fcnde T\u00fcrkiye\u2019nin En Mutlu \u0130\u015fyeri se\u00e7ildik. Yine yak\u0131n zamanda Great Place to Work Enstit\u00fcs\u00fc&#8217;n\u00fcn y\u00fcr\u00fctt\u00fc\u011f\u00fc programda Great Place to Work Sertifikas\u0131 almaya hak kazand\u0131k.\u201d dedi.<\/p>\n<p>Her zaman oldu\u011fu gibi hissedarlar, yat\u0131r\u0131mc\u0131lar ve di\u011fer t\u00fcm payda\u015flar i\u00e7in, s\u00fcrd\u00fcr\u00fclebilir k\u00e2rl\u0131l\u0131k amac\u0131yla \u00e7al\u0131\u015ft\u0131klar\u0131n\u0131 belirten Zenar, \u00c7imsa\u2019n\u0131n 2023 y\u0131l\u0131nda da bu anlay\u0131\u015fla faaliyetlerini s\u00fcrd\u00fcrerek ba\u015far\u0131l\u0131 sonu\u00e7lara ula\u015fmay\u0131 hedeflediklerini s\u00f6yledi.<\/p>\n","protected":false},"excerpt":{"rendered":"<p>\u00c7imsa y\u0131l\u0131n ilk \u00e7eyre\u011finde cirosunu ge\u00e7en y\u0131la g\u00f6re %74 art\u0131rarak 2.363 milyon TL\u2019ye \u00e7\u0131kard\u0131 Enerji verimlili\u011fi ve s\u00fcrd\u00fcr\u00fclebilirlik yat\u0131r\u0131mlar\u0131 ile \u00f6n plana \u00e7\u0131kan \u00c7imsa, y\u0131l\u0131n ilk \u00e7eyre\u011finde ge\u00e7en y\u0131l\u0131n ayn\u0131 &hellip; <a href=\"https:\/\/akdenizolaygazetesi.com\/?p=25643\" class=\"more-link\">Devam\u0131n\u0131 Oku&#8230;<\/a><\/p>\n","protected":false},"author":2,"featured_media":25644,"comment_status":"open","ping_status":"open","sticky":false,"template":"","format":"standard","meta":[],"categories":[8,2,3],"tags":[],"_links":{"self":[{"href":"https:\/\/akdenizolaygazetesi.com\/index.php?rest_route=\/wp\/v2\/posts\/25643"}],"collection":[{"href":"https:\/\/akdenizolaygazetesi.com\/index.php?rest_route=\/wp\/v2\/posts"}],"about":[{"href":"https:\/\/akdenizolaygazetesi.com\/index.php?rest_route=\/wp\/v2\/types\/post"}],"author":[{"embeddable":true,"href":"https:\/\/akdenizolaygazetesi.com\/index.php?rest_route=\/wp\/v2\/users\/2"}],"replies":[{"embeddable":true,"href":"https:\/\/akdenizolaygazetesi.com\/index.php?rest_route=%2Fwp%2Fv2%2Fcomments&post=25643"}],"version-history":[{"count":1,"href":"https:\/\/akdenizolaygazetesi.com\/index.php?rest_route=\/wp\/v2\/posts\/25643\/revisions"}],"predecessor-version":[{"id":25645,"href":"https:\/\/akdenizolaygazetesi.com\/index.php?rest_route=\/wp\/v2\/posts\/25643\/revisions\/25645"}],"wp:featuredmedia":[{"embeddable":true,"href":"https:\/\/akdenizolaygazetesi.com\/index.php?rest_route=\/wp\/v2\/media\/25644"}],"wp:attachment":[{"href":"https:\/\/akdenizolaygazetesi.com\/index.php?rest_route=%2Fwp%2Fv2%2Fmedia&parent=25643"}],"wp:term":[{"taxonomy":"category","embeddable":true,"href":"https:\/\/akdenizolaygazetesi.com\/index.php?rest_route=%2Fwp%2Fv2%2Fcategories&post=25643"},{"taxonomy":"post_tag","embeddable":true,"href":"https:\/\/akdenizolaygazetesi.com\/index.php?rest_route=%2Fwp%2Fv2%2Ftags&post=25643"}],"curies":[{"name":"wp","href":"https:\/\/api.w.org\/{rel}","templated":true}]}}