{"id":25649,"date":"2023-05-08T13:33:31","date_gmt":"2023-05-08T10:33:31","guid":{"rendered":"http:\/\/akdenizolaygazetesi.com\/?p=25649"},"modified":"2023-05-08T13:38:22","modified_gmt":"2023-05-08T10:38:22","slug":"tesekkurler-mersin-3","status":"publish","type":"post","link":"https:\/\/akdenizolaygazetesi.com\/?p=25649","title":{"rendered":"TE\u015eEKK\u00dcRLER MERS\u0130N"},"content":{"rendered":"<p>AK Parti Mersin \u0130l Ba\u015fkan\u0131\u00a0Adem Aldemir,\u00a0Mersin\u2019in, 06 May\u0131s 2023 Cumartesi g\u00fcn\u00fc D\u00fcnya lideri, AK Parti Genel Ba\u015fkan\u0131, Cumhurba\u015fkan\u0131 Recep Tayyip ERDO\u011eAN\u2019\u0131 ya\u011fmura, r\u00fczgara ra\u011fmen heyecan ve co\u015fkuyla bir \u015fekilde ba\u011fr\u0131na bast\u0131\u011f\u0131n\u0131 s\u00f6yledi.<\/p>\n<p>A\u00e7\u0131klamalarda bulunan Aldemir \u015funlar\u0131 s\u00f6yledi;<\/p>\n<p>&#8220;B\u00fcy\u00fck Mersin Mitingimizde ya\u011fmura, r\u00fczgara ra\u011fmen alandaki Mersinli hem\u015fehrilerimizin sevgi selini olu\u015fturmas\u0131 AK Parti te\u015fkilatlar\u0131m\u0131za ve Cumhur \u0130ttifak\u0131na olan tevecc\u00fchlerinin en net g\u00f6stergesidir.\u00a0T\u00fcrk\u00fcyle, K\u00fcrd\u00fcyle, Arab\u0131yla, Laz\u0131yla, \u00c7erkeziyle t\u00fcm renkleriyle bir ve tek y\u00fcrek oldu MERS\u0130N,Anamur, Ayd\u0131nc\u0131k, Bozyaz\u0131, G\u00fclnar Mut, Erdemli, Silifke H\u0130LAL oldu,\u00a0Mezitli, Yeni\u015fehir, Toroslar, Akdeniz Tarsus, \u00c7aml\u0131yayla YILDIZ oldu,\u00a0MERS\u0130N\u0130M\u0130Z TEK BAYRAK oldu alanda&#8230;\u00a0Yeni y\u00fczy\u0131l\u0131n mimari Mersin&#8217;in yi\u011fit evlatlar\u0131, T\u00fcrkiye sevdal\u0131lar\u0131, Erdo\u011fan sevdal\u0131lar\u0131 burada \u00e7\u00fcnk\u00fc do\u011fru zaman do\u011fru adam Cumhurba\u015fkan\u0131m\u0131z ve Cumhur \u0130ttifak\u0131 Aday\u0131m\u0131z Say\u0131n Recep Tayyip Erdo\u011fan Ecdad\u0131m\u0131z\u0131n b\u0131rakt\u0131\u011f\u0131 miras\u0131 ta\u00e7land\u0131ran y\u00fczy\u0131l\u0131m\u0131z\u0131n lideri Recep Tayyip Erdo\u011fan&#8217;a selam olsun Milli ve manevi de\u011ferlerimizi her t\u00fcrl\u00fc \u015fer odaklar\u0131 kar\u015f\u0131s\u0131nda savunan ve gelece\u011fimizi T\u00fcrkiye Vizyonunda olu\u015fturan T\u00fcrkiye sevdal\u0131lar\u0131na selam olsun.\u00a0Sand\u0131klarda demokrasi dersi vermeye, b\u00fct\u00fcn adaylar\u0131m\u0131z\u0131 meclise g\u00f6ndermeye haz\u0131r MERS\u0130N. Mersine hizmetkar olmaya gelen Say\u0131n Bakan\u0131m\u0131z Nureddin NEBAT\u0130 ve adaylar\u0131m\u0131z\u0131 g\u00fc\u00e7l\u00fc Mersin i\u00e7in se\u00e7meye haz\u0131r MERS\u0130N, Bu co\u015fku bu inan\u00e7 bunu bize en g\u00fczel \u015fekilde g\u00f6sterdi MERS\u0130N.\u00a0Bu vatan i\u00e7in gazi olmu\u015f \u015fehit d\u00fc\u015fm\u00fc\u015f bu necip milletin evlatlar\u0131y\u0131z biz, Ter\u00f6r destek\u00e7ilerinin oyununu bozmak i\u00e7in, T\u00fcrkiye Y\u00fczy\u0131l\u0131&#8217;n\u0131n mimari Genel ba\u015fkan\u0131m\u0131z Say\u0131n Recep Tayyip Erdo\u011fan&#8217;\u0131 yine yeniden T\u00fcrkiye&#8217;nin ba\u015fkan\u0131 yapaca\u011f\u0131z.\u00a0Bu se\u00e7im y\u00fczy\u0131l\u0131n se\u00e7imi, bu se\u00e7im gen\u00e7lerimizin se\u00e7imi, bu se\u00e7im kad\u0131nlar\u0131m\u0131z\u0131n se\u00e7imi, bu se\u00e7im mazlumlar\u0131n se\u00e7imi, bu se\u00e7im gelece\u011fimizin se\u00e7imi, bu se\u00e7im T\u00fcrkiye&#8217;nin tam ba\u011f\u0131ms\u0131zl\u0131\u011f\u0131n\u0131n se\u00e7imi, bu se\u00e7imde in\u015fallah Mersin&#8217;de sand\u0131klardan Zaferle \u00e7\u0131kaca\u011f\u0131z. Mersin karar\u0131n\u0131 verdi.\u00a0Mersinli hem\u015fehrilerim; hi\u00e7bir engelin, hi\u00e7bir tuza\u011f\u0131n bizi yolumuzdan al\u0131koymas\u0131na izin vermeyelim&#8230;Milletimizle, devletimizle tek y\u00fcrek tek bilek olarak kararl\u0131l\u0131kla yolumuza devam edelim. Ba\u015fkalar\u0131 ne yaparsa yaps\u0131n, biz aziz milletimize ve bu devlete hizmet etmeye devam edece\u011fiz.\u00a0Bir olaca\u011f\u0131z, \u0130ri olaca\u011f\u0131z, diri olaca\u011f\u0131z hep birlikte MERS\u0130N olaca\u011f\u0131z, hep birlikte T\u00dcRK\u0130YE olaca\u011f\u0131z&#8230;Mazlumlar\u0131n umudu Cumhurba\u015fkan\u0131m\u0131z Say\u0131n Recep Tayyip ERDO\u011eAN&#8217;\u0131 ilk g\u00fcnk\u00fc a\u015fkla, heyecanla ve b\u00fcy\u00fck bir co\u015fkuyla kar\u015f\u0131layan, \u015fehrimizin en uzak mahallelerinden gelerek, B\u00fcy\u00fck Mersin Mitingimize kat\u0131lan Mersinli hem\u015fehrilerimiz ba\u015fta olmak \u00fczere, AK Parti Mersin \u0130l ve \u0130l\u00e7e Te\u015fkilatlar\u0131m\u0131za, Cumhur \u0130ttifak\u0131 Ortaklar\u0131m\u0131za, sivil toplum kurulu\u015flar\u0131m\u0131za, medya mensuplar\u0131m\u0131za, emniyet g\u00fc\u00e7lerimize, sa\u011fl\u0131k \u00e7al\u0131\u015fanlar\u0131m\u0131za ve eme\u011fi ge\u00e7en herkese ayr\u0131 ayr\u0131 te\u015fekk\u00fcr ediyorum. Mersin yine bir tarih yazd\u0131.&#8221;<\/p>\n","protected":false},"excerpt":{"rendered":"<p>AK Parti Mersin \u0130l Ba\u015fkan\u0131\u00a0Adem Aldemir,\u00a0Mersin\u2019in, 06 May\u0131s 2023 Cumartesi g\u00fcn\u00fc D\u00fcnya lideri, AK Parti Genel Ba\u015fkan\u0131, Cumhurba\u015fkan\u0131 Recep Tayyip ERDO\u011eAN\u2019\u0131 ya\u011fmura, r\u00fczgara ra\u011fmen heyecan ve co\u015fkuyla bir \u015fekilde ba\u011fr\u0131na &hellip; <a href=\"https:\/\/akdenizolaygazetesi.com\/?p=25649\" class=\"more-link\">Devam\u0131n\u0131 Oku&#8230;<\/a><\/p>\n","protected":false},"author":2,"featured_media":25650,"comment_status":"open","ping_status":"open","sticky":false,"template":"","format":"standard","meta":[],"categories":[2,3,6],"tags":[],"_links":{"self":[{"href":"https:\/\/akdenizolaygazetesi.com\/index.php?rest_route=\/wp\/v2\/posts\/25649"}],"collection":[{"href":"https:\/\/akdenizolaygazetesi.com\/index.php?rest_route=\/wp\/v2\/posts"}],"about":[{"href":"https:\/\/akdenizolaygazetesi.com\/index.php?rest_route=\/wp\/v2\/types\/post"}],"author":[{"embeddable":true,"href":"https:\/\/akdenizolaygazetesi.com\/index.php?rest_route=\/wp\/v2\/users\/2"}],"replies":[{"embeddable":true,"href":"https:\/\/akdenizolaygazetesi.com\/index.php?rest_route=%2Fwp%2Fv2%2Fcomments&post=25649"}],"version-history":[{"count":2,"href":"https:\/\/akdenizolaygazetesi.com\/index.php?rest_route=\/wp\/v2\/posts\/25649\/revisions"}],"predecessor-version":[{"id":25652,"href":"https:\/\/akdenizolaygazetesi.com\/index.php?rest_route=\/wp\/v2\/posts\/25649\/revisions\/25652"}],"wp:featuredmedia":[{"embeddable":true,"href":"https:\/\/akdenizolaygazetesi.com\/index.php?rest_route=\/wp\/v2\/media\/25650"}],"wp:attachment":[{"href":"https:\/\/akdenizolaygazetesi.com\/index.php?rest_route=%2Fwp%2Fv2%2Fmedia&parent=25649"}],"wp:term":[{"taxonomy":"category","embeddable":true,"href":"https:\/\/akdenizolaygazetesi.com\/index.php?rest_route=%2Fwp%2Fv2%2Fcategories&post=25649"},{"taxonomy":"post_tag","embeddable":true,"href":"https:\/\/akdenizolaygazetesi.com\/index.php?rest_route=%2Fwp%2Fv2%2Ftags&post=25649"}],"curies":[{"name":"wp","href":"https:\/\/api.w.org\/{rel}","templated":true}]}}