{"id":25653,"date":"2023-05-08T16:40:58","date_gmt":"2023-05-08T13:40:58","guid":{"rendered":"http:\/\/akdenizolaygazetesi.com\/?p=25653"},"modified":"2023-05-08T16:40:58","modified_gmt":"2023-05-08T13:40:58","slug":"toroslar-zabitasi-kaldirim-isgaline-goz-actirmiyor","status":"publish","type":"post","link":"https:\/\/akdenizolaygazetesi.com\/?p=25653","title":{"rendered":"TOROSLAR ZABITASI, KALDIRIM \u0130\u015eGAL\u0130NE G\u00d6Z A\u00c7TIRMIYOR"},"content":{"rendered":"<p>Toroslar Belediyesi, il\u00e7e genelinde yol ve kald\u0131r\u0131m i\u015fgalinin \u00f6n\u00fcne ge\u00e7mek i\u00e7in denetimlerini s\u00fcrd\u00fcr\u00fcyor.<\/p>\n<p>Belediye Zab\u0131ta M\u00fcd\u00fcrl\u00fc\u011f\u00fc ekipleri; kald\u0131r\u0131mlarda \u00fcr\u00fcn ve malzemelerini sergileyerek, yayalar\u0131n kullan\u0131m alan\u0131n\u0131 daraltan ve g\u00f6r\u00fcnt\u00fc kirlili\u011fi olu\u015fturan i\u015fletme sahiplerine uyar\u0131larda bulundu.<\/p>\n<p>Yap\u0131lan denetimlerde ekipler; i\u015fletmelerin faaliyet konular\u0131na g\u00f6re kullanabilecekleri azami alanlarla ilgili bilgiler verirken, engelliler i\u00e7in olu\u015fturulan alanlar \u00fczerine park eden motorlu vas\u0131ta sahiplerinden de gerekli hassasiyeti g\u00f6stermelerini istedi.<\/p>\n<p>BA\u015eKAN YILMAZ; &#8220;M\u00dcSAADE ETMEYECE\u011e\u0130Z&#8221;<\/p>\n<p>Toroslar Belediye Ba\u015fkan\u0131 Ats\u0131z Af\u015f\u0131n Y\u0131lmaz, kald\u0131r\u0131mlar\u0131n yayalar\u0131n ortak kullan\u0131m alan\u0131 oldu\u011funu belirterek, cadde ve sokaklar\u0131n daha modern bir g\u00f6r\u00fcn\u00fcme kavu\u015fmas\u0131 ad\u0131na yol ve kald\u0131r\u0131m i\u015fgaline m\u00fcsaade etmeyeceklerini s\u00f6yledi.<\/p>\n<p>Vatanda\u015flar\u0131n al\u0131\u015fveri\u015flerini daha iyi \u015fartlarda yapabilmeleri i\u00e7in denetimlerin aral\u0131ks\u0131z devam edece\u011fini kaydeden Ba\u015fkan Y\u0131lmaz; &#8220;Zab\u0131ta ekiplerimiz, kurallara ayk\u0131r\u0131 bir \u015fekilde sat\u0131\u015f yapan i\u015fletme sahiplerine ve seyyar sat\u0131c\u0131lara gerekli t\u00fcm uyar\u0131larda bulunuyor. Toroslar Belediyesi olarak hem\u015fehrilerimizin huzur ve can g\u00fcvenli\u011fini tehdit edecek hi\u00e7bir i\u015fgale ge\u00e7it vermeyece\u011fiz. Bu noktada ekiplerimiz, il\u00e7emiz genelinde denetimlerini s\u00fcrd\u00fcr\u00fcyor. Konuya duyarl\u0131l\u0131k g\u00f6steren esnaf\u0131m\u0131za te\u015fekk\u00fcr ederiz&#8221; diye konu\u015ftu.<\/p>\n","protected":false},"excerpt":{"rendered":"<p>Toroslar Belediyesi, il\u00e7e genelinde yol ve kald\u0131r\u0131m i\u015fgalinin \u00f6n\u00fcne ge\u00e7mek i\u00e7in denetimlerini s\u00fcrd\u00fcr\u00fcyor. Belediye Zab\u0131ta M\u00fcd\u00fcrl\u00fc\u011f\u00fc ekipleri; kald\u0131r\u0131mlarda \u00fcr\u00fcn ve malzemelerini sergileyerek, yayalar\u0131n kullan\u0131m alan\u0131n\u0131 daraltan ve g\u00f6r\u00fcnt\u00fc kirlili\u011fi olu\u015fturan &hellip; <a href=\"https:\/\/akdenizolaygazetesi.com\/?p=25653\" class=\"more-link\">Devam\u0131n\u0131 Oku&#8230;<\/a><\/p>\n","protected":false},"author":2,"featured_media":25654,"comment_status":"open","ping_status":"open","sticky":false,"template":"","format":"standard","meta":[],"categories":[2,3,5],"tags":[],"_links":{"self":[{"href":"https:\/\/akdenizolaygazetesi.com\/index.php?rest_route=\/wp\/v2\/posts\/25653"}],"collection":[{"href":"https:\/\/akdenizolaygazetesi.com\/index.php?rest_route=\/wp\/v2\/posts"}],"about":[{"href":"https:\/\/akdenizolaygazetesi.com\/index.php?rest_route=\/wp\/v2\/types\/post"}],"author":[{"embeddable":true,"href":"https:\/\/akdenizolaygazetesi.com\/index.php?rest_route=\/wp\/v2\/users\/2"}],"replies":[{"embeddable":true,"href":"https:\/\/akdenizolaygazetesi.com\/index.php?rest_route=%2Fwp%2Fv2%2Fcomments&post=25653"}],"version-history":[{"count":1,"href":"https:\/\/akdenizolaygazetesi.com\/index.php?rest_route=\/wp\/v2\/posts\/25653\/revisions"}],"predecessor-version":[{"id":25655,"href":"https:\/\/akdenizolaygazetesi.com\/index.php?rest_route=\/wp\/v2\/posts\/25653\/revisions\/25655"}],"wp:featuredmedia":[{"embeddable":true,"href":"https:\/\/akdenizolaygazetesi.com\/index.php?rest_route=\/wp\/v2\/media\/25654"}],"wp:attachment":[{"href":"https:\/\/akdenizolaygazetesi.com\/index.php?rest_route=%2Fwp%2Fv2%2Fmedia&parent=25653"}],"wp:term":[{"taxonomy":"category","embeddable":true,"href":"https:\/\/akdenizolaygazetesi.com\/index.php?rest_route=%2Fwp%2Fv2%2Fcategories&post=25653"},{"taxonomy":"post_tag","embeddable":true,"href":"https:\/\/akdenizolaygazetesi.com\/index.php?rest_route=%2Fwp%2Fv2%2Ftags&post=25653"}],"curies":[{"name":"wp","href":"https:\/\/api.w.org\/{rel}","templated":true}]}}