{"id":25656,"date":"2023-05-08T16:42:27","date_gmt":"2023-05-08T13:42:27","guid":{"rendered":"http:\/\/akdenizolaygazetesi.com\/?p=25656"},"modified":"2023-05-08T16:42:27","modified_gmt":"2023-05-08T13:42:27","slug":"akdeniz-belediye-baskani-gultak-esnaf-ve-vatandas-ziyaretlerini-surduruyor","status":"publish","type":"post","link":"https:\/\/akdenizolaygazetesi.com\/?p=25656","title":{"rendered":"AKDEN\u0130Z BELED\u0130YE BA\u015eKANI  G\u00dcLTAK; ESNAF VE VATANDA\u015e Z\u0130YARETLER\u0130N\u0130 S\u00dcRD\u00dcR\u00dcYOR"},"content":{"rendered":"<p>Akdeniz Belediye Ba\u015fkan\u0131 M. Mustafa G\u00fcltak, esnaf ve vatanda\u015flar\u0131n yan\u0131 s\u0131ra, sendika ile meslek \u00f6rg\u00fct\u00fc bulu\u015fmalar\u0131n\u0131 ara vermeden s\u00fcrd\u00fcr\u00fcyor. Halk\u0131n i\u00e7inden \u00e7\u0131kmayan Ba\u015fkan G\u00fcltak, bir yandan belediyenin hayata ge\u00e7irdi\u011fi hizmet ve projeleri anlatt\u0131, di\u011fer yandan 14 May\u0131s\u2019ta yap\u0131lacak se\u00e7imlerde destek istedi. <\/p>\n<p>Akdeniz Belediye Ba\u015fkan\u0131 M. Mustafa G\u00fcltak, beraberinde AK Parti Genel Ba\u015fkan Yard\u0131mc\u0131s\u0131 ve Se\u00e7im \u0130\u015fleri Ba\u015fkan\u0131 Ali \u0130hsan Yavuz, Hazine Maliye Bakan\u0131 ve Mersin Milletvekili Aday\u0131 Do\u00e7. Dr. Nureddin Nebati, AK Parti \u0130l Koordinat\u00f6r\u00fc Alim Tun\u00e7, AK Parti \u0130l Ba\u015fkan\u0131 Adem Aldemir ve Mersin Milletvekilli Hac\u0131 \u00d6zkan ile birlikte Mersin Memur-Sen temsilcileri ile bir araya geldi. <\/p>\n<p>Yeni Mersin \u0130dman Yurdu\u2019nun ma\u00e7\u0131n\u0131 da izledi<\/p>\n<p>Ba\u015fkan Mustafa G\u00fcltak, kalabal\u0131k partili heyetle birlikte; Yeni Mersin \u0130dman Yurdu\u2019nun Kar\u015f\u0131yaka\u2019y\u0131 1-0 ma\u011flup ederek \u015fampiyonlu\u011fa bir ma\u00e7 daha yakla\u015ft\u0131\u011f\u0131 kar\u015f\u0131la\u015fmay\u0131 da izledi. Kar\u015f\u0131la\u015fman\u0131n ard\u0131ndan Heyet, soyunma odas\u0131na inerek galibiyetin mimar\u0131 futbolcular\u0131 ve teknik heyeti tebrik etti. <\/p>\n<p>G\u00fcn i\u00e7inde Karacailyas Abdullah \u015eahuto\u011flu Mahallesi eski muhtarlar\u0131ndan Garip Aktarla\u2019n\u0131n o\u011flunun asker u\u011furlama merasimine de kat\u0131lan Ba\u015fkan G\u00fcltak, gezileri kapsam\u0131nda \u015eakir G\u00fclmen, Evren ve Emek mahallelerine misafir oldu. Esnaf ve vatanda\u015flarla bir araya gelerek dile getirdikleri taleplerini dinleyen Ba\u015fkan G\u00fcltak, 14 May\u0131s Pazar g\u00fcn\u00fc yap\u0131lacak genel se\u00e7imlerde de vatanda\u015flardan destek istedi. <\/p>\n<p>Karacailyas Polis Merkezi Amirli\u011fi\u2019ne u\u011fray\u0131p, vatanda\u015flar\u0131n can ve mal g\u00fcvenli\u011fi i\u00e7in 7\/24 \u00f6zveriyle \u00e7al\u0131\u015fan polis memurlar\u0131yla da bir araya gelen Akdeniz Belediye Ba\u015fkan\u0131 Mustafa G\u00fcltak, \u00d6zg\u00fcrl\u00fck Mahallesi\u2019nde ikamet eden Kula Ailesi\u2019ne de misafir oldu. Aile bireyleri ile sohbet eden Ba\u015fkan G\u00fcltak, ziyaret etti\u011fi yerlerde k\u00fc\u00e7\u00fck \u00e7ocuklar\u0131 da unutmad\u0131, onlar\u0131 \u00e7e\u015fitli hediyelerle sevindirip g\u00f6n\u00fcllerini kazand\u0131. <\/p>\n","protected":false},"excerpt":{"rendered":"<p>Akdeniz Belediye Ba\u015fkan\u0131 M. Mustafa G\u00fcltak, esnaf ve vatanda\u015flar\u0131n yan\u0131 s\u0131ra, sendika ile meslek \u00f6rg\u00fct\u00fc bulu\u015fmalar\u0131n\u0131 ara vermeden s\u00fcrd\u00fcr\u00fcyor. Halk\u0131n i\u00e7inden \u00e7\u0131kmayan Ba\u015fkan G\u00fcltak, bir yandan belediyenin hayata ge\u00e7irdi\u011fi hizmet &hellip; <a href=\"https:\/\/akdenizolaygazetesi.com\/?p=25656\" class=\"more-link\">Devam\u0131n\u0131 Oku&#8230;<\/a><\/p>\n","protected":false},"author":2,"featured_media":25657,"comment_status":"open","ping_status":"open","sticky":false,"template":"","format":"standard","meta":[],"categories":[2,3],"tags":[],"_links":{"self":[{"href":"https:\/\/akdenizolaygazetesi.com\/index.php?rest_route=\/wp\/v2\/posts\/25656"}],"collection":[{"href":"https:\/\/akdenizolaygazetesi.com\/index.php?rest_route=\/wp\/v2\/posts"}],"about":[{"href":"https:\/\/akdenizolaygazetesi.com\/index.php?rest_route=\/wp\/v2\/types\/post"}],"author":[{"embeddable":true,"href":"https:\/\/akdenizolaygazetesi.com\/index.php?rest_route=\/wp\/v2\/users\/2"}],"replies":[{"embeddable":true,"href":"https:\/\/akdenizolaygazetesi.com\/index.php?rest_route=%2Fwp%2Fv2%2Fcomments&post=25656"}],"version-history":[{"count":1,"href":"https:\/\/akdenizolaygazetesi.com\/index.php?rest_route=\/wp\/v2\/posts\/25656\/revisions"}],"predecessor-version":[{"id":25658,"href":"https:\/\/akdenizolaygazetesi.com\/index.php?rest_route=\/wp\/v2\/posts\/25656\/revisions\/25658"}],"wp:featuredmedia":[{"embeddable":true,"href":"https:\/\/akdenizolaygazetesi.com\/index.php?rest_route=\/wp\/v2\/media\/25657"}],"wp:attachment":[{"href":"https:\/\/akdenizolaygazetesi.com\/index.php?rest_route=%2Fwp%2Fv2%2Fmedia&parent=25656"}],"wp:term":[{"taxonomy":"category","embeddable":true,"href":"https:\/\/akdenizolaygazetesi.com\/index.php?rest_route=%2Fwp%2Fv2%2Fcategories&post=25656"},{"taxonomy":"post_tag","embeddable":true,"href":"https:\/\/akdenizolaygazetesi.com\/index.php?rest_route=%2Fwp%2Fv2%2Ftags&post=25656"}],"curies":[{"name":"wp","href":"https:\/\/api.w.org\/{rel}","templated":true}]}}