{"id":25659,"date":"2023-05-09T13:08:32","date_gmt":"2023-05-09T10:08:32","guid":{"rendered":"http:\/\/akdenizolaygazetesi.com\/?p=25659"},"modified":"2023-05-09T13:08:32","modified_gmt":"2023-05-09T10:08:32","slug":"15-mayis-sabahi-bu-ulke-adalet-gelecek-mersine-de-adalet-gelecek","status":"publish","type":"post","link":"https:\/\/akdenizolaygazetesi.com\/?p=25659","title":{"rendered":"&#8220;15 MAYIS SABAHI BU \u00dcLKE ADALET GELECEK, MERS\u0130N&#8217;E DE ADALET GELECEK&#8221;"},"content":{"rendered":"<p>Mersin B\u00fcy\u00fck\u015fehir Belediye Ba\u015fkan\u0131 Vahap Se\u00e7er, Erdemli il\u00e7esine ba\u011fl\u0131 \u00c7e\u015fmeli ve T\u00f6m\u00fck Mahallelerini ziyaret edip, vatanda\u015flarla bir araya geldi.<\/p>\n<p>Ba\u015fkan Se\u00e7er&#8217;e Erdemli program\u0131nda Cumhuriyet Halk Partisi (CHP) Erdemli \u0130l\u00e7e Ba\u015fkan\u0131 Ahmet Dursen \u015eahin, CHP Mersin Milletvekili Aday\u0131 Neslihan \u00c7elebi, muhtarlar, Mersin B\u00fcy\u00fck\u015fehir Belediyesi ve MESK\u0130 b\u00fcrokratlar\u0131 e\u015flik etti.<\/p>\n<p>Vatanda\u015flar taraf\u0131ndan \u00e7i\u00e7ekler ve alk\u0131\u015flarla kar\u015f\u0131lanan Ba\u015fkan Se\u00e7er&#8217;in Erdemli&#8217;de ki ilk dura\u011f\u0131 \u00c7e\u015fmeli oldu. Burada bir konu\u015fma yapan Ba\u015fkan Se\u00e7er vatanda\u015flar\u0131n se\u00e7imlere dair umudu ve enerjisinin y\u00fcksek oldu\u011funu g\u00f6zlemledi\u011fini s\u00f6yledi. T\u00fcrkiye&#8217;de bir de\u011fi\u015fim havas\u0131n\u0131n oldu\u011funu s\u00f6yleyen Ba\u015fkan Se\u00e7er, bu de\u011fi\u015fime sadece CHP&#8217;lilerin, Millet \u0130ttifak\u0131 se\u00e7menlerinin de\u011fil bug\u00fcne kadar Cumhur \u0130ttifak\u0131&#8217;na mensup partilere oy vermi\u015f se\u00e7menlerinde ihtiyac\u0131 oldu\u011funu s\u00f6yledi.<\/p>\n<p>Gelinen noktada 21 y\u0131l\u0131n uzun bir s\u00fcre oldu\u011funu ve &#8216;Art\u0131k yeter&#8217; deme zaman\u0131 geldi\u011fini s\u00f6yleyen Ba\u015fkan Se\u00e7er, &#8220;Art\u0131k de\u011fi\u015fim, d\u00f6n\u00fc\u015f\u00fcm zaman\u0131. \u0130pin ucu ka\u00e7m\u0131\u015ft\u0131r. Sisteme \u00e7omak sokulmu\u015ftur, sistem bozulmu\u015ftur&#8221; dedi. \u00c7e\u015fmeli-T\u00f6m\u00fck b\u00f6lgesinde B\u00fcy\u00fck\u015fehir belediyesi olarak \u00f6nemli hizmetleri hayata ge\u00e7irdiklerini dile getiren Ba\u015fkan Se\u00e7er &#8220;Bu hizmetler do\u011fru kararlarla, ak\u0131lla olur. T\u00fcrkiye&#8217;nin ekonomisini de Mersin B\u00fcy\u00fck\u015fehir Belediyesi&#8217;nin ekonomisi gibi yapar\u0131z, hi\u00e7 merak etmeyin. Ama de\u011fi\u015fim \u015fart derken esas mesele bu \u00fclkenin huzurunun kalmamas\u0131d\u0131r&#8221; diye konu\u015ftu.<\/p>\n<p>Erzurum olaylar\u0131na tepki &#8220;Bu kabul edilebilir de\u011fil&#8221;<br \/>\nMillet \u0130ttifak\u0131 Cumhurba\u015fkan\u0131 Yard\u0131mc\u0131s\u0131 Aday\u0131 ve \u0130stanbul B\u00fcy\u00fck\u015fehir Belediye Ba\u015fkan\u0131 Ekrem \u0130mamo\u011flu&#8217;na y\u00f6nelik Erzurum&#8217;da ger\u00e7ekle\u015ftirilen sald\u0131r\u0131ya de\u011finen Ba\u015fkan Se\u00e7er &#8220;Bu kabul edilebilir bir \u015fey de\u011fil. T\u00fcrkiye&#8217;nin \u00e7ivisi \u00e7\u0131km\u0131\u015f. T\u00fcrkiye Cumhuriyeti deyip ge\u00e7meyin, 700 y\u0131ll\u0131k bir devlet gelene\u011fi var. Bu devletin refleksleri, gelenekleri, g\u00f6renekleri, adab\u0131 var. Bir valinin, kaymakam\u0131n,  milletvekilinin, parti liderinin, belediye ba\u015fkan\u0131n\u0131n topluma hitap ederken adab\u0131 mua\u015feret kurallar\u0131 i\u00e7erisinde bunu yapma \u00f6zeni var bu devlet d\u00fczeni i\u00e7erisinde&#8221; diyerek ya\u015fananlara tepki g\u00f6sterdi.<\/p>\n<p>Kendisinin her yerde aln\u0131 a\u00e7\u0131k ba\u015f\u0131 dik olarak gezebilmesinin sebeplerini aktaran Se\u00e7er, &#8220;Meselemiz hizmet etmek. Ben Erdemli&#8217;ye rahat gelebiliyorum. Mersin&#8217;in sokaklar\u0131nda ba\u015f\u0131m dik aln\u0131m a\u00e7\u0131k geziyorum de\u011fil mi? Bunu bir siyaset\u00e7i \u00e7al\u0131\u015farak, \u00fcreterek, hizmet ederek, harama, paraya tenezz\u00fcl etmeyerek, israf etmeyerek ba\u015far\u0131r&#8221; diye konu\u015ftu.<\/p>\n<p>&#8220;Amac\u0131m\u0131z; \u00e7ocuklar\u0131m\u0131z\u0131n, torunlar\u0131m\u0131z\u0131n, hepimizin huzurlu bir \u00fclkede ya\u015famas\u0131&#8221;<br \/>\nVatanda\u015flar aras\u0131nda hi\u00e7bir konuda ayr\u0131mc\u0131l\u0131\u011fa asla izin vermediklerini ve vermeyeceklerinin alt\u0131n\u0131 \u00e7izen Ba\u015fkan Se\u00e7er tek ama\u00e7lar\u0131n\u0131n T\u00fcrkiye&#8217;nin huzur, refah ve g\u00fc\u00e7l\u00fc bir \u00fclke olmas\u0131n\u0131 sa\u011flamak oldu\u011funu kaydetti. Ba\u015fkan Se\u00e7er, &#8220;Biz insanlara hizmet etmek istiyoruz. AK Partili de, MHP&#8217;li de bizim karde\u015fimiz. Bu \u00fclkenin temel \u00e7izgileri, ilkeleri var. Bizler Atat\u00fcrk&#8217;\u00fcn yolunda giden insanlar\u0131z. Misak-i milli s\u0131n\u0131rlar\u0131m\u0131z, bayra\u011f\u0131m\u0131z, can\u0131m\u0131zdan \u00f6te vatan\u0131m\u0131z var. Farkl\u0131 pencereden \u00fclke sorunlar\u0131na bakan ama temelde &#8216;T\u00fcrkiye&#8217;nin sorunlar\u0131 var&#8217; diyen bir\u00e7ok partiyle yan yana geldi Cumhuriyet Halk Partisi. Bunun olu\u015fumundaki en b\u00fcy\u00fck emek mimar\u0131 diyebilece\u011fimiz ki\u015fi bug\u00fcnk\u00fc Cumhurba\u015fkan\u0131 aday\u0131m\u0131z Say\u0131n Kemal K\u0131l\u0131\u00e7daro\u011flu&#8217;dur. 15 May\u0131s sabah\u0131nda Cumhurba\u015fkan\u0131d\u0131r. \u00d6zellikle bug\u00fcne kadar CHP&#8217;ye oy vermemi\u015f vatanda\u015flar\u0131ma sesleniyorum; amac\u0131m\u0131z hizmet etmek. Amac\u0131m\u0131z sizlerin daha mutlu bir \u00fclkede ya\u015famas\u0131, \u00f6zellikle \u00e7ocuklar\u0131m\u0131z\u0131n, torunlar\u0131m\u0131z\u0131n, hepimizin huzurlu bir \u00fclkede ya\u015famas\u0131&#8221; dedi.<\/p>\n<p>Konu\u015fmas\u0131nda belediye hizmetlerini yerine getirirken, imk\u00e2nlar\u0131 en iyi \u015fekilde kulland\u0131klar\u0131na dikkat \u00e7eken Ba\u015fkan Se\u00e7er, Erdemli&#8217;de de \u00e7ok de\u011ferli ve \u00f6nemli \u00e7al\u0131\u015fmalara imza att\u0131klar\u0131n\u0131 dile getirdi. Se\u00e7er, &#8220;Erdemli&#8217;de size hizmet eden Yol Asfalt biriminden, sinekle m\u00fccadele eden \u00c7evre Dairemize, MESK\u0130&#8217;mize kadar suyunuzu, kanalizasyonunuzu, hizmetinizi yapan b\u00fct\u00fcn arkada\u015flar\u0131m\u0131zla beraber \u00e7ok de\u011ferli hizmetler yapt\u0131k. Bunu yaparken de imk\u00e2nlar\u0131m\u0131z\u0131 en iyi \u015fekilde kulland\u0131k, israf etmedik. \u0130sraf haramd\u0131r, h\u0131rs\u0131zl\u0131k da haramd\u0131r. \u0130srafla h\u0131rs\u0131zl\u0131\u011f\u0131n hi\u00e7bir fark\u0131 yoktur. T\u00fcrkiye bundan kaybediyor&#8221; ifadelerine yer verdi.<\/p>\n<p> &#8220;T\u00fcrkiye sadece Avrupa&#8217;da de\u011fil d\u00fcnyada y\u0131ld\u0131z\u0131 parlayan bir \u00fclke olacak&#8221;<br \/>\nB\u00fcy\u00fck\u015fehir Belediyesi&#8217;nin \u00f6nceden devrald\u0131\u011f\u0131 bor\u00e7 y\u00fck\u00fcne ra\u011fmen hizmet yapmay\u0131 s\u00fcrd\u00fcrd\u00fc\u011f\u00fcn\u00fc belirten Ba\u015fkan Se\u00e7er, &#8220;4 y\u0131ld\u0131r, bug\u00fcnk\u00fc parayla yakla\u015f\u0131k 300 milyon dolar k\u00f6t\u00fc miras\u0131 \u00f6dedik. 300 milyon dolar\u0131n kar\u015f\u0131l\u0131\u011f\u0131 yakla\u015f\u0131k 6 milyar TL&#8217;dir. Bu rakam, 2022 y\u0131l\u0131nda sadece 1 y\u0131ll\u0131k sizlere yapt\u0131\u011f\u0131m; sadece B\u00fcy\u00fck\u015fehir&#8217;in, MESK\u0130&#8217;yi katm\u0131yorum; masraflar\u0131n kar\u015f\u0131l\u0131\u011f\u0131d\u0131r. Bir de adam\u0131n aya\u011f\u0131n\u0131 yakalay\u0131n, ko\u015fmas\u0131n\u0131 engelleyin; ama Allah&#8217;\u0131n izniyle bu belediye buna ra\u011fmen zapt olmad\u0131 hizmetlerini yapt\u0131. \u0130n\u015fallah T\u00fcrkiye&#8217;yi de u\u00e7uraca\u011f\u0131z. Mersin&#8217;i nas\u0131l y\u00fckseltip T\u00fcrkiye&#8217;nin y\u0131ld\u0131z\u0131 haline getirdiysek, T\u00fcrkiye&#8217;de sadece Avrupa&#8217;da de\u011fil d\u00fcnyada y\u0131ld\u0131z\u0131 parlayan bir \u00fclke olacak&#8221; dedi.<\/p>\n<p>&#8220;Biz alt\u0131n varakl\u0131 saraylarda de\u011fil, sokakta siyaset yapan siyaset\u00e7ileriz&#8221;<br \/>\nVatanda\u015flardan ald\u0131\u011f\u0131 izlenimlerin se\u00e7imleri Millet \u0130ttifak\u0131&#8217;n\u0131n kazanaca\u011f\u0131n\u0131 g\u00f6sterdi\u011fini s\u00f6yleyen Ba\u015fkan Se\u00e7er &#8220;\u0130ddial\u0131 bir \u015fey s\u00f6ylemek istiyorum. \u0130yi bir siyaset\u00e7i gelece\u011fi okur, ne olaca\u011f\u0131n\u0131 g\u00f6r\u00fcr. Biz bu se\u00e7imi kazanaca\u011f\u0131z, onu s\u00f6yleyeyim. Se\u00e7ime bir hafta kald\u0131. Bu se\u00e7imi kazanaca\u011f\u0131z derken; &#8216;gelin yan gelip yatal\u0131m, sand\u0131klar\u0131 b\u0131rakal\u0131m&#8217; anlam\u0131nda s\u00f6ylemedim. Ama kazanaca\u011f\u0131z. Sokaklar yan\u0131ltmaz. Biz, bizim genel ba\u015fkan\u0131m\u0131z alt\u0131n varakl\u0131 saraylarda siyaset yapm\u0131yor. Biz sokakta siyaset yapan siyaset\u00e7ileriz. Sutre gerisinde de saklanm\u0131yoruz&#8221; diye konu\u015ftu.<\/p>\n<p>&#8220;Biz \u00e7al\u0131\u015f\u0131yoruz, halk\u0131m\u0131z\u0131 ve sizleri seviyoruz&#8221;<br \/>\nYerel se\u00e7imlere 11 ay kald\u0131\u011f\u0131n\u0131 hat\u0131rlatan Ba\u015fkan Se\u00e7er, ge\u00e7ti\u011fimiz se\u00e7imleri hat\u0131rlatarak, &#8220;Biz bir ba\u015f\u0131m\u0131za \u00e7\u0131kt\u0131k, rakipleri k\u00fcndeye getirdik, tu\u015f ettik. \u0130\u015fleri bitti. Allah&#8217;\u0131n izniyle bu sefer g\u00fcre\u015f birka\u00e7 saniyede biter. \u00c7\u00fcnk\u00fc tarlada izimiz var, harmanda y\u00fcz\u00fcm\u00fcz olacak&#8221; dedi.  Ba\u015fkan Se\u00e7er, Erdemli&#8217;de yapt\u0131klar\u0131 hizmetlerin vatanda\u015fta kar\u015f\u0131l\u0131k buldu\u011funu da s\u00f6zlerine ekleyerek \u015funlar\u0131 kaydetti:<br \/>\n&#8220;Erdemli&#8217;de ezber bozdu\u011fumuzu g\u00f6r\u00fcyorum. Hem partim CHP hem belediye hizmetlerimizden dolay\u0131 \u015fahs\u0131m ve Mersin B\u00fcy\u00fck\u015fehir Belediyesi&#8217;nin Erdemlililerin indindeki kar\u015f\u0131l\u0131\u011f\u0131 muazzam. \u0130nsanlar hizmeti g\u00f6r\u00fcyor. \u0130nsanlar ahde vefay\u0131 bilir. Bizim \u00fclkemizin insan\u0131 da b\u00f6yledir. Do\u011fru direk y\u0131k\u0131lmaz. Biz \u00e7al\u0131\u015f\u0131yoruz, halk\u0131m\u0131z\u0131 ve sizleri seviyoruz&#8221; dedi.<\/p>\n<p>\u00c7elebi: &#8220;Mersin modelini T\u00fcrkiye&#8217;de uygulamak istiyoruz&#8221;<br \/>\nCHP Mersin Milletvekili Aday\u0131 Neslihan \u00c7elebi, Cumhuriyet Halk Partisi&#8217;nin bir kad\u0131n aday\u0131 olmaktan b\u00fcy\u00fck gurur duydu\u011funu s\u00f6yledi. Kendisinin de bir \u00e7ift\u00e7i oldu\u011funu belirten \u00c7elebi &#8220;\u0130\u00e7inizden biriyim. Bu zor s\u00fcre\u00e7lerde hep beraber sizin yan\u0131n\u0131zdayd\u0131k, Ba\u015fkan\u0131m\u0131zla beraber \u00fcretimin ne kadar etkili oldu\u011funu fark\u0131nday\u0131z. \u00dclkemizin gidi\u015fat\u0131 belli. Kar\u015f\u0131 taraf\u0131 k\u00f6t\u00fclemek gibi bir amac\u0131m\u0131z hi\u00e7 olmad\u0131. Sadece oturup d\u00fc\u015f\u00fcnmeniz gerekiyor. Vahap Ba\u015fkan\u0131m\u0131z\u0131n ne yapt\u0131\u011f\u0131na bakal\u0131m. \u00dclke genelinde ne yapaca\u011f\u0131m\u0131za karar vermek sizin elinizde. K\u00fc\u00e7\u00fck boyutta belediyelerde yapt\u0131k. Bunun b\u00fcy\u00fc\u011f\u00fcn\u00fc, Mersin modelini T\u00fcrkiye&#8217;de uygulamak istiyoruz&#8221; dedi.<\/p>\n<p>\u00c7e\u015fmeli&#8217;nin ard\u0131ndan T\u00f6m\u00fck&#8217;te yer alan pazar yerine giderek esnaf ve vatanda\u015fla bir araya geldi. Vatanda\u015flara &#8216;\u0130yi al\u0131\u015fveri\u015fler&#8217;, esnafa da &#8216;Hay\u0131rl\u0131 i\u015fler&#8217; dileyen Ba\u015fkan Se\u00e7er,  CHP Mersin Milletvekili Aday\u0131 Neslihan \u00c7elebi&#8217;yi de vatanda\u015flara tan\u0131tt\u0131.<\/p>\n<p>Se\u00e7er, vatanda\u015f ve esnaftan gelen talepleri birinci a\u011f\u0131zdan dinlerken, iletilen konular\u0131 \u00e7al\u0131\u015fma arkada\u015flar\u0131na not ald\u0131rd\u0131. Daha sonra MESK\u0130 Genel M\u00fcd\u00fcrl\u00fc\u011f\u00fc T\u00f6m\u00fck \u015eubesini ziyaret eden Ba\u015fkan Se\u00e7er, Kad\u0131n ve Aile Hizmetleri Dairesi Ba\u015fkan\u0131 \u015eerife Haso\u011flu Dokucu ile birlikte de tadilat\u0131ndan sonra kad\u0131n at\u00f6lyeleri, kad\u0131n \u00e7ocuk merkezi ve kre\u015f olarak kullan\u0131lacak olan yeri inceledi.<\/p>\n<p>&#8220;15 May\u0131s sabah\u0131 bu \u00fclke adalet gelecek, Mersin&#8217;e de adalet gelecek&#8221;<br \/>\nDaha sonra esnaf\u0131 da ziyaret eden Se\u00e7er, T\u00f6m\u00fck Meydan\u0131&#8217;nda vatanda\u015flarla bulu\u015fup k\u0131sa bir konu\u015fma yapt\u0131. Mersin B\u00fcy\u00fck\u015fehir Belediyesi&#8217;nin hi\u00e7bir destek almadan kendi imkanlar\u0131 \u00e7er\u00e7evesinde 4 y\u0131ld\u0131r yapt\u0131\u011f\u0131 \u00e7al\u0131\u015fmalarla vatanda\u015flar\u0131n takdir, dua ve te\u015fekk\u00fcr\u00fcn\u00fc ald\u0131\u011f\u0131n\u0131 s\u00f6yleyen Ba\u015fkan Se\u00e7er, &#8220;Ama emin olun 15 May\u0131s sabah\u0131 \u00fclkede Say\u0131n Kemal K\u0131l\u0131\u00e7daro\u011flu Cumhurba\u015fkan\u0131 oldu\u011funda, iktidar oldu\u011fumuzda, Ankara&#8217;n\u0131n da Mersin&#8217;e yapaca\u011f\u0131 b\u00fcy\u00fck desteklerle Erdemli, Anamur, Tarsus; t\u00fcm il\u00e7elerimiz, Mersin&#8217;in tamam\u0131nda muazzam yat\u0131r\u0131mlar olacak. Mersin de u\u00e7acak Erdemli de u\u00e7acak&#8221; diye konu\u015ftu.<\/p>\n<p>Millet \u0130ttifak\u0131&#8217;n\u0131n iktidar olmas\u0131 halinde T\u00f6m\u00fck Mahallesi&#8217;nin, projesi, kredisi haz\u0131r olmas\u0131na ra\u011fmen \u0130ller Bankas\u0131&#8217;n\u0131n 4 y\u0131ld\u0131r i\u015flemlerini bitirmedi\u011fi denize d\u00f6k\u00fclen kanalizasyon sorunun bitece\u011fini ifade eden Ba\u015fkan Se\u00e7er, &#8220;Proje haz\u0131r, projeyi bitirmi\u015fiz. Krediyi kullanaca\u011f\u0131m\u0131z yer belli, \u0130ller Bankas\u0131&#8217;nda 4 y\u0131ld\u0131r bu i\u015flemler devam ediyor. Bunlar bilin\u00e7li, kas\u0131tl\u0131 yap\u0131lan i\u015fler. Yeter ki CHP&#8217;li belediyeler hizmet etmesin, halk kat\u0131nda itibar\u0131 d\u00fc\u015fs\u00fcn, ba\u015far\u0131s\u0131z olsunlar. Tek ama\u00e7lar\u0131 bu. Ama Allah&#8217;\u0131n izniyle 15 May\u0131s sabah\u0131 bu \u00fclke adalet gelecek, Mersin&#8217;e de adalet gelecek. Bu engeller \u00f6n\u00fcm\u00fczden kalkacak, bizde art\u0131k hizmetlerimizi y\u00fcr\u00fcyerek, ko\u015farak de\u011fil u\u00e7arak yapaca\u011f\u0131z, Allah yolumuzu a\u00e7\u0131k etsin. \u00dclkemizin, memleketimizin, milletimizin birli\u011fini, beraberli\u011fini daim etsin&#8221; ifadelerini kulland\u0131. <\/p>\n","protected":false},"excerpt":{"rendered":"<p>Mersin B\u00fcy\u00fck\u015fehir Belediye Ba\u015fkan\u0131 Vahap Se\u00e7er, Erdemli il\u00e7esine ba\u011fl\u0131 \u00c7e\u015fmeli ve T\u00f6m\u00fck Mahallelerini ziyaret edip, vatanda\u015flarla bir araya geldi. Ba\u015fkan Se\u00e7er&#8217;e Erdemli program\u0131nda Cumhuriyet Halk Partisi (CHP) Erdemli \u0130l\u00e7e Ba\u015fkan\u0131 &hellip; <a href=\"https:\/\/akdenizolaygazetesi.com\/?p=25659\" class=\"more-link\">Devam\u0131n\u0131 Oku&#8230;<\/a><\/p>\n","protected":false},"author":2,"featured_media":25660,"comment_status":"open","ping_status":"open","sticky":false,"template":"","format":"standard","meta":[],"categories":[1,2,3],"tags":[],"_links":{"self":[{"href":"https:\/\/akdenizolaygazetesi.com\/index.php?rest_route=\/wp\/v2\/posts\/25659"}],"collection":[{"href":"https:\/\/akdenizolaygazetesi.com\/index.php?rest_route=\/wp\/v2\/posts"}],"about":[{"href":"https:\/\/akdenizolaygazetesi.com\/index.php?rest_route=\/wp\/v2\/types\/post"}],"author":[{"embeddable":true,"href":"https:\/\/akdenizolaygazetesi.com\/index.php?rest_route=\/wp\/v2\/users\/2"}],"replies":[{"embeddable":true,"href":"https:\/\/akdenizolaygazetesi.com\/index.php?rest_route=%2Fwp%2Fv2%2Fcomments&post=25659"}],"version-history":[{"count":1,"href":"https:\/\/akdenizolaygazetesi.com\/index.php?rest_route=\/wp\/v2\/posts\/25659\/revisions"}],"predecessor-version":[{"id":25661,"href":"https:\/\/akdenizolaygazetesi.com\/index.php?rest_route=\/wp\/v2\/posts\/25659\/revisions\/25661"}],"wp:featuredmedia":[{"embeddable":true,"href":"https:\/\/akdenizolaygazetesi.com\/index.php?rest_route=\/wp\/v2\/media\/25660"}],"wp:attachment":[{"href":"https:\/\/akdenizolaygazetesi.com\/index.php?rest_route=%2Fwp%2Fv2%2Fmedia&parent=25659"}],"wp:term":[{"taxonomy":"category","embeddable":true,"href":"https:\/\/akdenizolaygazetesi.com\/index.php?rest_route=%2Fwp%2Fv2%2Fcategories&post=25659"},{"taxonomy":"post_tag","embeddable":true,"href":"https:\/\/akdenizolaygazetesi.com\/index.php?rest_route=%2Fwp%2Fv2%2Ftags&post=25659"}],"curies":[{"name":"wp","href":"https:\/\/api.w.org\/{rel}","templated":true}]}}