{"id":25662,"date":"2023-05-09T13:12:03","date_gmt":"2023-05-09T10:12:03","guid":{"rendered":"http:\/\/akdenizolaygazetesi.com\/?p=25662"},"modified":"2023-05-09T13:12:03","modified_gmt":"2023-05-09T10:12:03","slug":"baharin-gelisi-adanadan-mujdelendi","status":"publish","type":"post","link":"https:\/\/akdenizolaygazetesi.com\/?p=25662","title":{"rendered":"BAHARIN GEL\u0130\u015e\u0130 ADANA&#8217;DAN M\u00dcJDELEND\u0130"},"content":{"rendered":"<p>Mersin B\u00fcy\u00fck\u015fehir Belediye Ba\u015fkan\u0131 Vahap Se\u00e7er; Adana U\u011fur Mumcu Meydan\u0131&#8217;nda, 13. Cumhurba\u015fkan\u0131 Aday\u0131 Kemal K\u0131l\u0131\u00e7daro\u011flu, \u0130Y\u0130 Parti Genel Ba\u015fkan\u0131 Meral Ak\u015fener, \u0130stanbul B\u00fcy\u00fck\u015fehir Belediye Ba\u015fkan\u0131 Ekrem \u0130mamo\u011flu, Ankara B\u00fcy\u00fck\u015fehir Belediye Ba\u015fkan\u0131 Mansur Yava\u015f ile Antalya B\u00fcy\u00fck\u015fehir Belediye Ba\u015fkan\u0131 Muhittin B\u00f6cek&#8217;in kat\u0131l\u0131mlar\u0131yla d\u00fczenlenen &#8216;Adana Mitingi&#8217;ne kat\u0131l\u0131m sa\u011flad\u0131.<\/p>\n<p>Konu\u015fmas\u0131na &#8220;Adana de\u011fi\u015fime, d\u00f6n\u00fc\u015f\u00fcme haz\u0131r m\u0131? Al\u0131n terinin hakk\u0131n\u0131 vermeye haz\u0131r m\u0131? Siz haz\u0131rsan\u0131z ben de haz\u0131r\u0131m. Beraber yol y\u00fcr\u00fcyece\u011fiz&#8221; diyerek ba\u015flayan Millet \u0130ttifak\u0131 Cumhurba\u015fkan\u0131 Aday\u0131 Kemal K\u0131l\u0131\u00e7daro\u011flu 14 May\u0131s sonras\u0131nda siyaseti 180 derece de\u011fi\u015ftireceklerini ve yanda\u015ftan de\u011fil vatanda\u015ftan yana hizmet vereceklerini s\u00f6yledi.<\/p>\n<p>&#8220;Yolsuzluk yapanlar\u0131n da burnundan fitil fitil getirece\u011fim&#8221;<br \/>\nKonu\u015fmas\u0131nda s\u0131k s\u0131k gen\u00e7lere seslenen K\u0131l\u0131\u00e7daro\u011flu, &#8220;Gen\u00e7ler size s\u00f6z\u00fcm var, Cumhurba\u015fkan\u0131 oldu\u011fumda en rahat benim aleyhimde tweet atabilirsiniz, en rahat beni ele\u015ftirebilirsiniz. Size demokrasiyi, \u00f6zg\u00fcrl\u00fc\u011f\u00fc, ekme\u011fi, a\u015f\u0131, i\u015fi getirece\u011fim. Yolsuzluk yapanlar\u0131n da burnundan fitil fitil getirece\u011fim&#8221; dedi.<\/p>\n<p>&#8220;Kim kul hakk\u0131 yediyse hesab\u0131n\u0131 verecektir&#8221;<br \/>\nEmeklilere bayramlarda asgari \u00fccret tutar\u0131nda ikramiye verece\u011fini s\u00f6yleyen K\u0131l\u0131\u00e7daro\u011flu, hi\u00e7bir \u00e7ocu\u011funda yata\u011fa a\u00e7 girmesine m\u00fcsaade etmeyeceklerini kaydetti. Herkesin huzur i\u00e7inde ya\u015fad\u0131\u011f\u0131 bir T\u00fcrkiye&#8217;yi in\u015fa edece\u011fini ifade eden K\u0131l\u0131\u00e7daro\u011flu &#8220;Ben b\u00fct\u00fcn m\u00fctedeyyin karde\u015flerime seslenmek isterim. Kul hakk\u0131 yemek en b\u00fcy\u00fck g\u00fcnahsa, en b\u00fcy\u00fck g\u00fcnaha ortak olma karde\u015fim. Elini vicdan\u0131na koy, ona g\u00f6re kullan oyunu. Yeter art\u0131k, yiye yiye bitiremediler. Kim kul hakk\u0131 yediyse hesab\u0131n\u0131 verecektir&#8221; diye konu\u015ftu.<\/p>\n<p>Kendisinin Cumhurba\u015fkan\u0131 olmas\u0131n\u0131 istemeyen 2 z\u00fcmreden birisinin 5&#8217;li \u00e7ete oldu\u011funu belirten K\u0131l\u0131\u00e7daro\u011flu &#8220;\u0130ster 5&#8217;li \u00e7ete olun ister 55&#8217;li \u00e7ete. Kim kul hakk\u0131 yediyse hepsinin hesab\u0131n\u0131 soraca\u011f\u0131m. Ben s\u0131rt\u0131m\u0131 asla oraya dayamad\u0131m. Benim g\u00fcvendi\u011fim halk var. Beni istemeyen ikinci grup uyu\u015fturucu baronlar\u0131. K\u00f6klerini kaz\u0131yaca\u011f\u0131m&#8221; ifadelerini kulland\u0131.<\/p>\n<p>Ak\u015fener: &#8220;B\u00f6yle bir harami d\u00fczeni 14 May\u0131s&#8217;ta, helal oylar\u0131m\u0131zla emekli edecek miyiz?&#8221;<br \/>\n\u0130Y\u0130 Parti Genel Ba\u015fkan\u0131 Meral Ak\u015fener, y\u0131llard\u0131r siyasetin i\u00e7erisinde oldu\u011funu belirterek, kad\u0131nlara, gen\u00e7lere ve millete bu kadar k\u00f6t\u00fc bir dille konu\u015fan zihniyete \u015fahit olmad\u0131\u011f\u0131n\u0131 s\u00f6yledi. Ak\u015fener, &#8220;Bir an evvel, 14 May\u0131s ak\u015fam\u0131 1. turda bu i\u015fi bitirmeliyiz. Say\u0131n K\u0131l\u0131\u00e7daro\u011flu&#8217;nu 14 May\u0131s&#8217;ta 13. Cumhurba\u015fkan\u0131 se\u00e7iyoruz. Recep Bey ve arkada\u015flar\u0131n\u0131 da emekli ediyoruz. T\u00fcrkiye&#8217;nin b\u00f6yle bir rezil dili ta\u015f\u0131mas\u0131 m\u00fcmk\u00fcn de\u011fil. Demokrasi i\u00e7in, Yarg\u0131&#8217;n\u0131n ba\u011f\u0131ms\u0131zl\u0131\u011f\u0131 i\u00e7in, haks\u0131zl\u0131\u011fa sebep olan, harama el uzatanlar\u0131n bu \u00fclkenin y\u00f6netiminden gitmesi i\u00e7in 14 May\u0131s&#8217;ta, 1. turda hem Cumhurba\u015fkanl\u0131\u011f\u0131&#8217;n\u0131 hem de Meclis&#8217;i almak durumunday\u0131z&#8221; ifadelerine yer verdi.<\/p>\n<p>Erzurum&#8217;da, \u0130mamo\u011flu&#8217;na yap\u0131lan sald\u0131r\u0131ya ili\u015fkin de konu\u015fan Ak\u015fener, &#8220;Erzurumlu karde\u015flerimi, dada\u015flar\u0131 \u00e7ok \u00fczen; Atat\u00fcrk&#8217;\u00fcn \u015fehri Erzurum&#8217;da Say\u0131n Ekrem \u0130mamo\u011flu&#8217;na yap\u0131lan o ta\u015flama, lin\u00e7 etme ve provokasyonun kar\u015f\u0131s\u0131nda bu \u00fclkenin Cumhurba\u015fkan\u0131, bu \u00fclkede \u0130\u00e7i\u015fleri Bakanl\u0131\u011f\u0131 yapm\u0131\u015f bir \u015fah\u0131s, e\u011fer kalk\u0131p da Ekrem \u0130mamo\u011flu ve Cumhuriyet Halk Partisi&#8217;ni su\u00e7luyorsa, art\u0131k kelimeler bitmi\u015ftir. 14 May\u0131s&#8217;ta bu i\u015fi kaybetti\u011fini anlay\u0131p, art\u0131k son olarak i\u015fi zorbal\u0131\u011fa vurmu\u015f demektir. Yani se\u00e7imi kaybettiklerini g\u00f6rd\u00fcler. B\u00f6yle bir harami d\u00fczeni, b\u00f6yle bir haram d\u00fczeninin, b\u00f6yle bir d\u00fczenbaz d\u00fczeni 14 May\u0131s&#8217;ta, helal oylar\u0131m\u0131zla emekli edecek miyiz?&#8221; diye konu\u015ftu.<\/p>\n<p>Konu\u015fmalar\u0131n ard\u0131ndan Ba\u015fkan Vahap Se\u00e7er, Cumhurba\u015fkan\u0131 Aday\u0131 Kemal K\u0131l\u0131\u00e7daro\u011flu, \u0130Y\u0130 Parti Genel Ba\u015fkan\u0131 Meral Ak\u015fener, Cumhurba\u015fkan\u0131 Yard\u0131mc\u0131s\u0131 Aday\u0131 ve \u0130stanbul B\u00fcy\u00fck\u015fehir Belediye Ba\u015fkan\u0131 Ekrem \u0130mamo\u011flu ile Cumhurba\u015fkan\u0131 Yard\u0131mc\u0131s\u0131 Aday\u0131 ve Ankara B\u00fcy\u00fck\u015fehir Belediye Ba\u015fkan\u0131 Mansur Yava\u015f, Adana B\u00fcy\u00fck\u015fehir Belediye Ba\u015fkan\u0131 Zeydan Karalar, Antalya B\u00fcy\u00fck\u015fehir Belediye Ba\u015fkan\u0131 Muhittin B\u00f6cek ve protokol\u00fcn di\u011fer \u00fcyeleri ile birlikte, elleriyle kalp i\u015fareti yaparak Adana halk\u0131n\u0131 selamlad\u0131.<\/p>\n","protected":false},"excerpt":{"rendered":"<p>Mersin B\u00fcy\u00fck\u015fehir Belediye Ba\u015fkan\u0131 Vahap Se\u00e7er; Adana U\u011fur Mumcu Meydan\u0131&#8217;nda, 13. Cumhurba\u015fkan\u0131 Aday\u0131 Kemal K\u0131l\u0131\u00e7daro\u011flu, \u0130Y\u0130 Parti Genel Ba\u015fkan\u0131 Meral Ak\u015fener, \u0130stanbul B\u00fcy\u00fck\u015fehir Belediye Ba\u015fkan\u0131 Ekrem \u0130mamo\u011flu, Ankara B\u00fcy\u00fck\u015fehir Belediye &hellip; <a href=\"https:\/\/akdenizolaygazetesi.com\/?p=25662\" class=\"more-link\">Devam\u0131n\u0131 Oku&#8230;<\/a><\/p>\n","protected":false},"author":2,"featured_media":25663,"comment_status":"open","ping_status":"open","sticky":false,"template":"","format":"standard","meta":[],"categories":[2,3],"tags":[],"_links":{"self":[{"href":"https:\/\/akdenizolaygazetesi.com\/index.php?rest_route=\/wp\/v2\/posts\/25662"}],"collection":[{"href":"https:\/\/akdenizolaygazetesi.com\/index.php?rest_route=\/wp\/v2\/posts"}],"about":[{"href":"https:\/\/akdenizolaygazetesi.com\/index.php?rest_route=\/wp\/v2\/types\/post"}],"author":[{"embeddable":true,"href":"https:\/\/akdenizolaygazetesi.com\/index.php?rest_route=\/wp\/v2\/users\/2"}],"replies":[{"embeddable":true,"href":"https:\/\/akdenizolaygazetesi.com\/index.php?rest_route=%2Fwp%2Fv2%2Fcomments&post=25662"}],"version-history":[{"count":1,"href":"https:\/\/akdenizolaygazetesi.com\/index.php?rest_route=\/wp\/v2\/posts\/25662\/revisions"}],"predecessor-version":[{"id":25664,"href":"https:\/\/akdenizolaygazetesi.com\/index.php?rest_route=\/wp\/v2\/posts\/25662\/revisions\/25664"}],"wp:featuredmedia":[{"embeddable":true,"href":"https:\/\/akdenizolaygazetesi.com\/index.php?rest_route=\/wp\/v2\/media\/25663"}],"wp:attachment":[{"href":"https:\/\/akdenizolaygazetesi.com\/index.php?rest_route=%2Fwp%2Fv2%2Fmedia&parent=25662"}],"wp:term":[{"taxonomy":"category","embeddable":true,"href":"https:\/\/akdenizolaygazetesi.com\/index.php?rest_route=%2Fwp%2Fv2%2Fcategories&post=25662"},{"taxonomy":"post_tag","embeddable":true,"href":"https:\/\/akdenizolaygazetesi.com\/index.php?rest_route=%2Fwp%2Fv2%2Ftags&post=25662"}],"curies":[{"name":"wp","href":"https:\/\/api.w.org\/{rel}","templated":true}]}}