{"id":25665,"date":"2023-05-09T13:14:06","date_gmt":"2023-05-09T10:14:06","guid":{"rendered":"http:\/\/akdenizolaygazetesi.com\/?p=25665"},"modified":"2023-05-09T13:14:06","modified_gmt":"2023-05-09T10:14:06","slug":"kadinlar-anneler-icin-soyleyecek","status":"publish","type":"post","link":"https:\/\/akdenizolaygazetesi.com\/?p=25665","title":{"rendered":"\u201cKADINLAR, ANNELER \u0130\u00c7\u0130N S\u00d6YLEYECEK\u201d"},"content":{"rendered":"<p>Akdeniz Belediyesi, \u201cAnneler G\u00fcn\u00fc\u201d dolay\u0131s\u0131yla Akdeniz\u2019in Sakl\u0131 Na\u011fmeleri Kad\u0131n Korosu\u2019nun dinleti sunaca\u011f\u0131 renkli bir etkinli\u011fe imza atmaya haz\u0131rlan\u0131yor. Profesyonel Foto\u011fraf Sanat\u00e7\u0131s\u0131 Hulki Muradi de \u201cHayat ve Anlam\u0131\u201d ad\u0131n\u0131 ta\u015f\u0131yan foto\u011fraf sergisini sanatseverlerin be\u011fenisine sunacak.<br \/>\nAkdeniz Belediyesi\u2019nin \u00f6nc\u00fcl\u00fc\u011f\u00fcnde kurulan Akdeniz\u2019in Sakl\u0131 Na\u011fmeleri Kad\u0131nlar Korosu, \u2018Anneler G\u00fcn\u00fc\u2019 dolay\u0131s\u0131yla verece\u011fi konserde be\u011fenilen bir\u00e7ok eseri seslendirecek. Mersin K\u00fclt\u00fcr Merkezi Opera Sahnesi&#8217;nde d\u00fczenlenecek dinletinin tarihi 10 May\u0131s \u00c7ar\u015famba (yar\u0131n); saati ise 14:30&#8230;<br \/>\nAkdeniz Sanat Galerisi\u2019nde foto\u011fraf sergisi<br \/>\n\u00d6te yandan, Profesyonel Foto\u011fraf Sanat\u00e7\u0131s\u0131 Hulki Muradi&#8217;nin, \u201cHayat ve Anlam\u0131 Foto\u011fraf Sergisi\u201d de Akdeniz Belediyesi\u2019nin kente ve sanatseverlere kazand\u0131rd\u0131\u011f\u0131 Akdeniz Sanat Galerisi\u2019nde foto\u011fraf severlerle bulu\u015facak. 12 May\u0131s Cuma g\u00fcn\u00fc saat 17:00\u2019de organize edilecek bulu\u015fmada foto\u011fraf sanat\u00e7\u0131s\u0131 Muradi, s\u00f6yle\u015fi ger\u00e7ekle\u015ftirecek ve imza g\u00fcn\u00fc d\u00fczenleyecek.<br \/>\nBa\u015fkan G\u00fcltak\u2019tan davet\u2026<br \/>\nAkdeniz Belediye Ba\u015fkan\u0131 M. Mustafa G\u00fcltak; K\u00fclt\u00fcr ve Sosyal \u0130\u015fler M\u00fcd\u00fcrl\u00fc\u011f\u00fc taraf\u0131ndan organize edilen, Akdeniz\u2019in Sakl\u0131 Na\u011fmeleri Kad\u0131nlar Korosu\u2019nun \u201cAnneler G\u00fcn\u00fc\u201d dolay\u0131s\u0131yla K\u00fclt\u00fcr Merkezi Opera Sahnesi\u2019nde verece\u011fi m\u00fczik dinletisi ile Foto\u011fraf Sanat\u00e7\u0131s\u0131 Hulki Muradi\u2019nin, Akdeniz Sanat Galerisi\u2019ne be\u011feniye sunaca\u011f\u0131 \u201cHayat ve Anlam\u0131\u201d foto\u011fraf sergisine t\u00fcm vatanda\u015flar\u0131 davet etti. <\/p>\n","protected":false},"excerpt":{"rendered":"<p>Akdeniz Belediyesi, \u201cAnneler G\u00fcn\u00fc\u201d dolay\u0131s\u0131yla Akdeniz\u2019in Sakl\u0131 Na\u011fmeleri Kad\u0131n Korosu\u2019nun dinleti sunaca\u011f\u0131 renkli bir etkinli\u011fe imza atmaya haz\u0131rlan\u0131yor. Profesyonel Foto\u011fraf Sanat\u00e7\u0131s\u0131 Hulki Muradi de \u201cHayat ve Anlam\u0131\u201d ad\u0131n\u0131 ta\u015f\u0131yan foto\u011fraf &hellip; <a href=\"https:\/\/akdenizolaygazetesi.com\/?p=25665\" class=\"more-link\">Devam\u0131n\u0131 Oku&#8230;<\/a><\/p>\n","protected":false},"author":2,"featured_media":25666,"comment_status":"open","ping_status":"open","sticky":false,"template":"","format":"standard","meta":[],"categories":[2,3,9],"tags":[],"_links":{"self":[{"href":"https:\/\/akdenizolaygazetesi.com\/index.php?rest_route=\/wp\/v2\/posts\/25665"}],"collection":[{"href":"https:\/\/akdenizolaygazetesi.com\/index.php?rest_route=\/wp\/v2\/posts"}],"about":[{"href":"https:\/\/akdenizolaygazetesi.com\/index.php?rest_route=\/wp\/v2\/types\/post"}],"author":[{"embeddable":true,"href":"https:\/\/akdenizolaygazetesi.com\/index.php?rest_route=\/wp\/v2\/users\/2"}],"replies":[{"embeddable":true,"href":"https:\/\/akdenizolaygazetesi.com\/index.php?rest_route=%2Fwp%2Fv2%2Fcomments&post=25665"}],"version-history":[{"count":1,"href":"https:\/\/akdenizolaygazetesi.com\/index.php?rest_route=\/wp\/v2\/posts\/25665\/revisions"}],"predecessor-version":[{"id":25667,"href":"https:\/\/akdenizolaygazetesi.com\/index.php?rest_route=\/wp\/v2\/posts\/25665\/revisions\/25667"}],"wp:featuredmedia":[{"embeddable":true,"href":"https:\/\/akdenizolaygazetesi.com\/index.php?rest_route=\/wp\/v2\/media\/25666"}],"wp:attachment":[{"href":"https:\/\/akdenizolaygazetesi.com\/index.php?rest_route=%2Fwp%2Fv2%2Fmedia&parent=25665"}],"wp:term":[{"taxonomy":"category","embeddable":true,"href":"https:\/\/akdenizolaygazetesi.com\/index.php?rest_route=%2Fwp%2Fv2%2Fcategories&post=25665"},{"taxonomy":"post_tag","embeddable":true,"href":"https:\/\/akdenizolaygazetesi.com\/index.php?rest_route=%2Fwp%2Fv2%2Ftags&post=25665"}],"curies":[{"name":"wp","href":"https:\/\/api.w.org\/{rel}","templated":true}]}}