{"id":25674,"date":"2023-05-09T13:18:06","date_gmt":"2023-05-09T10:18:06","guid":{"rendered":"http:\/\/akdenizolaygazetesi.com\/?p=25674"},"modified":"2023-05-09T13:18:06","modified_gmt":"2023-05-09T10:18:06","slug":"baskan-yilmaz-engelleri-sevgiyle-asiyoruz","status":"publish","type":"post","link":"https:\/\/akdenizolaygazetesi.com\/?p=25674","title":{"rendered":"BA\u015eKAN YILMAZ; &#8220;ENGELLER\u0130 SEVG\u0130YLE A\u015eIYORUZ&#8221;"},"content":{"rendered":"<p>Toroslar Belediye Ba\u015fkan\u0131 Ats\u0131z Af\u015f\u0131n Y\u0131lmaz, 10-16 May\u0131s Engelliler Haftas\u0131 dolay\u0131s\u0131yla bir mesaj yay\u0131nlayarak, \u00f6zel gereksinimli bireylerin f\u0131rsat verildi\u011finde elde ettikleri ba\u015far\u0131lar\u0131n takdire \u015fayan oldu\u011funu s\u00f6yledi.<\/p>\n<p>Sevgiyle, ho\u015fg\u00f6r\u00fcyle engelsiz bir Toroslar i\u00e7in \u00e7al\u0131\u015ft\u0131klar\u0131n\u0131 belirten Ba\u015fkan Y\u0131lmaz; &#8220;\u00d6zel gereksinimli bireylerimizin ya\u015famlar\u0131n\u0131 kolayla\u015ft\u0131racak, gelece\u011fe umutla ve sevgiyle bakabilmelerini sa\u011flayacak ko\u015fullar\u0131n olu\u015fturulmas\u0131 hepimizin g\u00f6revidir. Unutmamal\u0131y\u0131z ki hepimiz birer engelli aday\u0131y\u0131z. \u00d6nemli olan g\u00f6n\u00fcllerde engel olmas\u0131n&#8221; dedi.<\/p>\n<p>&#8220;HER ZAMAN YANINIZDAYIZ&#8221;<\/p>\n<p>&#8220;E\u011fitimde, sporda, bilimde, k\u00fclt\u00fcrel ve sosyal alanda ortaya koyduklar\u0131 ulusal ve uluslararas\u0131 ba\u015far\u0131lar\u0131yla gurur duydu\u011fumuz engellilerimizin her zaman yanlar\u0131nday\u0131z&#8221; diyen Ba\u015fkan Y\u0131lmaz; &#8220;Onlar\u0131n, toplumsal hayata kat\u0131l\u0131mlar\u0131n\u0131n yan\u0131 s\u0131ra meslek edinip \u00fcretken hale gelmeleri, sa\u011fl\u0131k, e\u011fitim ve ula\u015f\u0131m hizmetlerinden en iyi \u015fekilde yararlanabilmeleri i\u00e7in projeler ve \u00e7al\u0131\u015fmalar ger\u00e7ekle\u015ftirmeye devam edece\u011fiz. Engelli bireylerimizin, yetenek ve becerilerini ortaya \u00e7\u0131kard\u0131\u011f\u0131m\u0131z b\u00fcnyemizdeki Engelliler Akademisi&#8217;ne ve \u00d6zel Sporcular Kursumuza gelen \u00f6zel \u00e7ocuklar\u0131m\u0131z\u0131n, gen\u00e7lerimizin ve ailelerinin y\u00fczlerinin g\u00fcld\u00fc\u011f\u00fcn\u00fc g\u00f6rmek ise en b\u00fcy\u00fck sevincimiz. 10-16 May\u0131s Engelliler Haftas\u0131&#8217;n\u0131n, toplumsal duyarl\u0131l\u0131\u011f\u0131 g\u00fc\u00e7lendirmesi umuduyla t\u00fcm engelli karde\u015flerimize, sa\u011fl\u0131kl\u0131, mutlu ve engelsiz bir ya\u015fam diliyor, fedakar ailelerine sevgi ve sayg\u0131lar\u0131m\u0131 sunuyorum&#8221; \u015feklinde konu\u015ftu.<\/p>\n<p>&#8220;\u00d6ZEL SPORCULARIMIZLA GURUR DUYUYORUZ&#8221;<\/p>\n<p>Toroslar Belediyesi \u00d6zel Sporcular Kursu&#8217;na kat\u0131lan \u00f6zel gereksinimli sporcular\u0131n,  2.  Serhat T\u00fcrker \u00d6zel Sporcular Mersin Atletizm \u0130l \u015eampiyonas\u0131&#8217;nda da b\u00fcy\u00fck ba\u015far\u0131lar elde etti\u011fini kaydeden Ba\u015fkan Y\u0131lmaz; &#8220;Gurur duyuyoruz&#8221; ifadelerini kulland\u0131.<\/p>\n<p>Ba\u015fkan Y\u0131lmaz; &#8220;\u0130l\u00e7emizde ya\u015fayan otizmli, down sendromlu ve mental \u00f6zel bireylerin sosyal hayata daha kolay adapte olmalar\u0131 amac\u0131yla a\u00e7t\u0131\u011f\u0131m\u0131z \u00d6zel Sporcular Kursumuza kat\u0131lan \u00f6zel \u00e7ocuklar\u0131m\u0131z ve gen\u00e7lerimiz, g\u00f6\u011fs\u00fcm\u00fcz\u00fc yine kabartt\u0131. 2. Serhat T\u00fcrker \u00d6zel Sporcular Mersin Atletizm \u0130l \u015eampiyonas\u0131&#8217;nda, G\u00fclle Atma, Cirit Atma, Uzun Atlama, 200 ve 100 metre ko\u015fu kategorilerinde ilk \u00fc\u00e7e giren sporcular\u0131m\u0131z\u0131 tebrik ediyor, ba\u015far\u0131lar\u0131n\u0131n devam\u0131n\u0131 diliyorum. Bu ba\u015far\u0131lar engelleri a\u015fman\u0131n bir g\u00f6stergesidir&#8221; diye konu\u015ftu.<\/p>\n","protected":false},"excerpt":{"rendered":"<p>Toroslar Belediye Ba\u015fkan\u0131 Ats\u0131z Af\u015f\u0131n Y\u0131lmaz, 10-16 May\u0131s Engelliler Haftas\u0131 dolay\u0131s\u0131yla bir mesaj yay\u0131nlayarak, \u00f6zel gereksinimli bireylerin f\u0131rsat verildi\u011finde elde ettikleri ba\u015far\u0131lar\u0131n takdire \u015fayan oldu\u011funu s\u00f6yledi. Sevgiyle, ho\u015fg\u00f6r\u00fcyle engelsiz bir &hellip; <a href=\"https:\/\/akdenizolaygazetesi.com\/?p=25674\" class=\"more-link\">Devam\u0131n\u0131 Oku&#8230;<\/a><\/p>\n","protected":false},"author":2,"featured_media":25675,"comment_status":"open","ping_status":"open","sticky":false,"template":"","format":"standard","meta":[],"categories":[2,3],"tags":[],"_links":{"self":[{"href":"https:\/\/akdenizolaygazetesi.com\/index.php?rest_route=\/wp\/v2\/posts\/25674"}],"collection":[{"href":"https:\/\/akdenizolaygazetesi.com\/index.php?rest_route=\/wp\/v2\/posts"}],"about":[{"href":"https:\/\/akdenizolaygazetesi.com\/index.php?rest_route=\/wp\/v2\/types\/post"}],"author":[{"embeddable":true,"href":"https:\/\/akdenizolaygazetesi.com\/index.php?rest_route=\/wp\/v2\/users\/2"}],"replies":[{"embeddable":true,"href":"https:\/\/akdenizolaygazetesi.com\/index.php?rest_route=%2Fwp%2Fv2%2Fcomments&post=25674"}],"version-history":[{"count":1,"href":"https:\/\/akdenizolaygazetesi.com\/index.php?rest_route=\/wp\/v2\/posts\/25674\/revisions"}],"predecessor-version":[{"id":25676,"href":"https:\/\/akdenizolaygazetesi.com\/index.php?rest_route=\/wp\/v2\/posts\/25674\/revisions\/25676"}],"wp:featuredmedia":[{"embeddable":true,"href":"https:\/\/akdenizolaygazetesi.com\/index.php?rest_route=\/wp\/v2\/media\/25675"}],"wp:attachment":[{"href":"https:\/\/akdenizolaygazetesi.com\/index.php?rest_route=%2Fwp%2Fv2%2Fmedia&parent=25674"}],"wp:term":[{"taxonomy":"category","embeddable":true,"href":"https:\/\/akdenizolaygazetesi.com\/index.php?rest_route=%2Fwp%2Fv2%2Fcategories&post=25674"},{"taxonomy":"post_tag","embeddable":true,"href":"https:\/\/akdenizolaygazetesi.com\/index.php?rest_route=%2Fwp%2Fv2%2Ftags&post=25674"}],"curies":[{"name":"wp","href":"https:\/\/api.w.org\/{rel}","templated":true}]}}