{"id":25686,"date":"2023-05-09T16:49:30","date_gmt":"2023-05-09T13:49:30","guid":{"rendered":"http:\/\/akdenizolaygazetesi.com\/?p=25686"},"modified":"2023-05-09T16:49:30","modified_gmt":"2023-05-09T13:49:30","slug":"rosatom-boli%cc%87vyanin-i%cc%87lk-arastirma-reaktorunun-test-montajini-tamamladi","status":"publish","type":"post","link":"https:\/\/akdenizolaygazetesi.com\/?p=25686","title":{"rendered":"ROSATOM BOLI\u0307VYA\u2019NIN I\u0307LK ARA\u015eTIRMA REAKT\u00d6R\u00dcN\u00dcN TEST MONTAJINI TAMAMLADI"},"content":{"rendered":"<p>Rusya Devlet N\u00fckleer Enerji Kurulu\u015fu Rosatom&#8217;un Bilim Birimi\u2019ne ba\u011fl\u0131 RIAR A.\u015e, Bolivya&#8217;da in\u015fa edilen N\u00fckleer Teknoloji Ara\u015ft\u0131rmalar\u0131 ve Geli\u015ftirme Merkezi\u2019nde (CNTRD) ilk ara\u015ft\u0131rma reakt\u00f6r\u00fcn\u00fcn test montaj\u0131n\u0131 tamamlad\u0131.<\/p>\n<p>El Alta \u015fehrinde deniz seviyesinden 4 bin metre y\u00fcksekte in\u015fa edilen ilk ara\u015ft\u0131rma reakt\u00f6r\u00fcn\u00fcn test montaj\u0131n\u0131n tamamlanmas\u0131 dolay\u0131s\u0131yla t\u00f6ren d\u00fczenlendi. <\/p>\n<p>T\u00f6rende Rosatom temsilcileri ve Bolivya \u00c7okuluslu Devleti&#8217;nin Rusya Federasyonu B\u00fcy\u00fckel\u00e7isi Mar\u00eda Luisa Ramos Urzagaste haz\u0131r bulundu. Bolivya \u00c7okuluslu Yasama Meclisi Temsilciler Meclisi Ba\u015fkan\u0131 Jerges Mercado Suarez t\u00f6rene video konferans arac\u0131l\u0131\u011f\u0131yla kat\u0131ld\u0131.<\/p>\n<p>CNTRD projesi, Bolivya&#8217;da bilim, e\u011fitim, sa\u011fl\u0131k ve tar\u0131m alanlar\u0131nda yeni f\u0131rsatlar yaratacak ve Bolivyal\u0131lar\u0131n ya\u015fam standartlar\u0131n\u0131 iyile\u015ftirecek ileri teknolojileri bir araya getiriyor.<\/p>\n<p>Rosatom Genel M\u00fcd\u00fcr Birinci Yard\u0131mc\u0131s\u0131, Kalk\u0131nma ve Uluslararas\u0131 \u0130\u015f Geli\u015ftirme Direkt\u00f6r\u00fc Kirill Komarov konuya ili\u015fkin olarak, \u201cReakt\u00f6r, \u00e7ok yak\u0131n bir gelecekte Bolivya&#8217;ya do\u011fru yola \u00e7\u0131kacak. Bu y\u0131l i\u00e7inde merkezin sahas\u0131nda kuruluma ba\u015flayaca\u011f\u0131z. K\u0131sa s\u00fcre \u00f6nce siklotron kompleksi faaliyete ge\u00e7ti ve Bolivya sa\u011fl\u0131k hizmetlerinin kapasitesini \u00f6nemli \u00f6l\u00e7\u00fcde artt\u0131rarak son teknoloji radyofarmas\u00f6tikler sa\u011flad\u0131. Bolivyal\u0131lar\u0131n \u015fimdiden projeden faydaland\u0131\u011f\u0131n\u0131 g\u00f6rmekten mutluluk duyuyoruz. Aktif \u015fekilde devam etmesini sa\u011flayaca\u011f\u0131m\u0131z projenin 2025 y\u0131l\u0131nda tamamlanmas\u0131 \u00f6ng\u00f6r\u00fcl\u00fcyor\u201d dedi. <\/p>\n<p>RIAR Direkt\u00f6r\u00fc Alexander Tuzov ise t\u00f6rende yapt\u0131\u011f\u0131 konu\u015fmada \u015funlar\u0131 s\u00f6yledi: \u201cBu projenin ba\u015far\u0131yla hayata ge\u00e7mesi, enstit\u00fcn\u00fcn ola\u011fan\u00fcst\u00fc uzmanl\u0131\u011f\u0131n\u0131 bir kez daha ortaya koymu\u015ftur. \u0130\u00e7 par\u00e7alar\u0131n \u00fcretimi ve de\u011fi\u015ftirilmesine y\u00f6nelik bir teknoloji olan ve 2020 y\u0131l\u0131nda hayata ge\u00e7irilen SM-3 y\u00fcksek ak\u0131m ara\u015ft\u0131rma reakt\u00f6r\u00fcn\u00fcn bir \u00fcst seviyeye \u00e7\u0131kar\u0131lm\u0131\u015f \u00e7ekirde\u011finin geli\u015ftirilmesine y\u00f6nelik b\u00fcy\u00fck \u00f6l\u00e7ekli bu projeyle \u00f6v\u00fcnebiliriz. Bu kez ara\u015ft\u0131rma reakt\u00f6rlerinin geli\u015ftirilmesi ve i\u015fletilmesinde mevcut deneyimimizi ve benzersiz bilgi birikimimizi kulland\u0131k. Rusya ve Bolivya n\u00fckleer bilimi ve teknolojisi i\u00e7in \u00e7ok \u00f6nemli olan bu projede, reakt\u00f6r ara\u015ft\u0131rma kompleksi, tasar\u0131m ve m\u00fchendislik departman\u0131 ve deneysel servis \u00e7al\u0131\u015fanlar\u0131 da dahil olmak \u00fczere enstit\u00fcn\u00fcn \u00e7e\u015fitli b\u00f6l\u00fcmlerinden uzmanlar yer ald\u0131. \u00c7al\u0131\u015fmalar\u0131n y\u00fcksek bilim ve teknoloji d\u00fczeyinde ger\u00e7ekle\u015ftirildi\u011fine \u015f\u00fcphe yok.\u201d<\/p>\n<p>RIAR A.\u015e uzmanlar\u0131 taraf\u0131ndan geli\u015ftirilen reakt\u00f6r tesisi, 50 y\u0131ll\u0131k kullan\u0131m \u00f6mr\u00fcne sahip 200 kW ara\u015ft\u0131rma havuzu tipi su so\u011futmal\u0131 su moderat\u00f6rl\u00fc bir reakt\u00f6r olma \u00f6zelli\u011fi ta\u015f\u0131yor. Test s\u0131ras\u0131nda, tamamlanm\u0131\u015f ekipmanlar\u0131n kalite kontrol\u00fcn\u00fc sa\u011flamak amac\u0131yla yans\u0131t\u0131c\u0131 bloklar, maketler ve yak\u0131t tertibat\u0131 modelleri, kontrol ve koruma \u00e7ubuklar\u0131 ve deneysel kanal t\u00fcplerinin montaj\u0131 da dahil olmak \u00fczere temel proses ekipman\u0131n\u0131n t\u00fcm montaj\u0131 yeniden canland\u0131r\u0131ld\u0131. \u00c7al\u0131\u015fmalar OKBM Afrikantov A.\u015e, GSPI A.\u015e ve Diakont A.\u015e uzmanlar\u0131n\u0131n i\u015f birli\u011fiyle yap\u0131ld\u0131.<\/p>\n<p>Bolivya&#8217;daki ara\u015ft\u0131rma reakt\u00f6r\u00fc tar\u0131m, kirlilik seviyelerini belirlemek amac\u0131yla ekoloji ve yeralt\u0131 ve y\u00fczey sular\u0131n\u0131 incelemek i\u00e7in hidrojeoloji ara\u015ft\u0131rmalar\u0131nda kullan\u0131lmak \u00fczere radyoizotoplar \u00fcretecek. Reakt\u00f6r, n\u00fckleer konusunda \u00f6\u011frenci yeti\u015ftirmek i\u00e7in de ortam sa\u011flayacak.  Bolivyal\u0131 uzmanlar, ara\u015ft\u0131rma reakt\u00f6r\u00fcn\u00fc, jeoloji ve ekolojiden sanat ve adli t\u0131pa kadar \u00e7e\u015fitli alanlarda talep g\u00f6ren n\u00f6tron aktivasyon analizi ile \u00e7e\u015fitli \u00f6rneklerin kimyasal bile\u015fimini incelemekte kullanacak. Bu y\u00f6ntem, bilim insanlar\u0131n\u0131n do\u011fal mineral yataklar\u0131n\u0131, biyolojik \u00f6rneklerin ve eserlerin k\u00f6kenini ve ya\u015f\u0131n\u0131 belirlemelerine, do\u011fal kaynaklar\u0131n verimli kullan\u0131m\u0131 i\u00e7in programlar geli\u015ftirmelerine ve \u00e7evrenin s\u00fcrekli izlenmesine yard\u0131mc\u0131 oluyor. <\/p>\n<p>Ara\u015ft\u0131rma reakt\u00f6r\u00fc ve laboratuvar kompleksine ek olarak CNTRD, y\u0131lda 5.000&#8217;den fazla hastan\u0131n klinik deneyleri i\u00e7in radyofarmas\u00f6tik \u00fcreten bir siklotron tesisi ve g\u0131da g\u00fcvenli\u011fini art\u0131rmak ve raf \u00f6mr\u00fcn\u00fc uzatmak i\u00e7in g\u00fcnde 70 tona kadar tar\u0131msal \u00fcr\u00fcn\u00fc i\u015fleyebilen \u00e7ok ama\u00e7l\u0131 bir \u0131\u015f\u0131nlama merkezi de i\u00e7eriyor.<\/p>\n","protected":false},"excerpt":{"rendered":"<p>Rusya Devlet N\u00fckleer Enerji Kurulu\u015fu Rosatom&#8217;un Bilim Birimi\u2019ne ba\u011fl\u0131 RIAR A.\u015e, Bolivya&#8217;da in\u015fa edilen N\u00fckleer Teknoloji Ara\u015ft\u0131rmalar\u0131 ve Geli\u015ftirme Merkezi\u2019nde (CNTRD) ilk ara\u015ft\u0131rma reakt\u00f6r\u00fcn\u00fcn test montaj\u0131n\u0131 tamamlad\u0131. El Alta \u015fehrinde &hellip; <a href=\"https:\/\/akdenizolaygazetesi.com\/?p=25686\" class=\"more-link\">Devam\u0131n\u0131 Oku&#8230;<\/a><\/p>\n","protected":false},"author":2,"featured_media":25687,"comment_status":"open","ping_status":"open","sticky":false,"template":"","format":"standard","meta":[],"categories":[7,3,11],"tags":[],"_links":{"self":[{"href":"https:\/\/akdenizolaygazetesi.com\/index.php?rest_route=\/wp\/v2\/posts\/25686"}],"collection":[{"href":"https:\/\/akdenizolaygazetesi.com\/index.php?rest_route=\/wp\/v2\/posts"}],"about":[{"href":"https:\/\/akdenizolaygazetesi.com\/index.php?rest_route=\/wp\/v2\/types\/post"}],"author":[{"embeddable":true,"href":"https:\/\/akdenizolaygazetesi.com\/index.php?rest_route=\/wp\/v2\/users\/2"}],"replies":[{"embeddable":true,"href":"https:\/\/akdenizolaygazetesi.com\/index.php?rest_route=%2Fwp%2Fv2%2Fcomments&post=25686"}],"version-history":[{"count":1,"href":"https:\/\/akdenizolaygazetesi.com\/index.php?rest_route=\/wp\/v2\/posts\/25686\/revisions"}],"predecessor-version":[{"id":25688,"href":"https:\/\/akdenizolaygazetesi.com\/index.php?rest_route=\/wp\/v2\/posts\/25686\/revisions\/25688"}],"wp:featuredmedia":[{"embeddable":true,"href":"https:\/\/akdenizolaygazetesi.com\/index.php?rest_route=\/wp\/v2\/media\/25687"}],"wp:attachment":[{"href":"https:\/\/akdenizolaygazetesi.com\/index.php?rest_route=%2Fwp%2Fv2%2Fmedia&parent=25686"}],"wp:term":[{"taxonomy":"category","embeddable":true,"href":"https:\/\/akdenizolaygazetesi.com\/index.php?rest_route=%2Fwp%2Fv2%2Fcategories&post=25686"},{"taxonomy":"post_tag","embeddable":true,"href":"https:\/\/akdenizolaygazetesi.com\/index.php?rest_route=%2Fwp%2Fv2%2Ftags&post=25686"}],"curies":[{"name":"wp","href":"https:\/\/api.w.org\/{rel}","templated":true}]}}