{"id":25695,"date":"2023-05-10T12:36:31","date_gmt":"2023-05-10T09:36:31","guid":{"rendered":"http:\/\/akdenizolaygazetesi.com\/?p=25695"},"modified":"2023-05-10T12:36:31","modified_gmt":"2023-05-10T09:36:31","slug":"tarsusta-kyk-yurtlarinda-kalan-depremzede-cocuklar-buyuksehirin-programlarinda-doyasiya-eglendi","status":"publish","type":"post","link":"https:\/\/akdenizolaygazetesi.com\/?p=25695","title":{"rendered":"TARSUS&#8217;TA KYK YURTLARINDA KALAN DEPREMZEDE \u00c7OCUKLAR, B\u00dcY\u00dcK\u015eEH\u0130R&#8217;\u0130N PROGRAMLARINDA DOYASIYA E\u011eLEND\u0130"},"content":{"rendered":"<p>Mersin B\u00fcy\u00fck\u015fehir Belediyesi K\u00fclt\u00fcr ve Sosyal \u0130\u015fler Dairesi Ba\u015fkanl\u0131\u011f\u0131 taraf\u0131ndan, depremzede ailelerin \u00e7ocuklar\u0131na y\u00f6nelik moral etkinlikleri d\u00fczenleniyor.<\/p>\n<p>Tarsus&#8217;ta Kredi Yurtlar Kurumu&#8217;na (KYK) ait yurtlarda kalan deprem ma\u011fduru ailelerin \u00e7ocuklar\u0131 i\u00e7in ger\u00e7ekle\u015ftirilen etkinliklerde \u00e7ocuklar, doyas\u0131ya e\u011flenme \u015fans\u0131 buldular.<\/p>\n<p>KYK Merkez Bina&#8217;da kalan \u00e7ocuklar i\u00e7in ayr\u0131 ayr\u0131 d\u00fczenlenen etkinlikler kapsam\u0131nda \u00e7\u00f6mlek at\u00f6lyesi, resim \u00e7al\u0131\u015fmas\u0131, geleneksel oyunlar, drama, y\u00fcz boyama ve daha bir\u00e7ok etkinlik ard\u0131 ard\u0131na d\u00fczenlendi.<\/p>\n<p>Palya\u00e7o ve Pamuk Prenses karakterlerinin de yer ald\u0131\u011f\u0131 etkinlikte \u00e7alan m\u00fczik e\u015fli\u011finde, \u00e7ocuklar unutulmaz anlar ya\u015fad\u0131lar. Etkinlikte kad\u0131nlara \u00f6zel haz\u0131rlanan paketlerin da\u011f\u0131t\u0131m\u0131n\u0131n yan\u0131 s\u0131ra, \u00e7ocuklara da \u00e7e\u015fitli ikramlar ve hediyeler verildi.<\/p>\n<p>&#8220;B\u00f6yle bir etkinlik olmas\u0131 \u00e7ok g\u00fczel oldu&#8221;<\/p>\n<p>Y\u0131k\u0131c\u0131 depremler neticesinde ailesiyle birlikte Tarsus&#8217;a gelerek yurtlarda kalmaya ba\u015flayan Meltem Deli, B\u00fcy\u00fck\u015fehir&#8217;in d\u00fczenledi\u011fi etkinlikle moral bulduklar\u0131n\u0131 belirterek, &#8220;\u00c7ocuklara b\u00f6yle etkinlik yap\u0131lmas\u0131 \u00e7ok g\u00fczel oldu. \u00c7\u00fcnk\u00fc \u00e7ocuklar \u00e7ok s\u0131k\u0131l\u0131yor. Benim o\u011flum 10 ya\u015f\u0131nda. S\u00fcrekli &#8216;bir \u015feyler yapal\u0131m&#8217; diye s\u00f6yl\u00fcyor. Bizim de tabi elimizden bir \u015fey gelmiyor, buray\u0131 da bilmiyoruz. Ama \u015fu an b\u00f6yle bir etkinlik olmas\u0131 \u00e7ok g\u00fczel oldu&#8221; dedi.<\/p>\n<p>&#8220;Oyunlar oynad\u0131k, \u00e7ok g\u00fczeldi&#8221;<\/p>\n<p>Arkada\u015flar\u0131yla birlikte etkinli\u011fe kat\u0131lan Ya\u011fmur Bekfilavio\u011flu, doya doya e\u011flendiklerini s\u00f6yleyerek, &#8220;Etkinli\u011finiz \u00e7ok g\u00fczel. Mersin B\u00fcy\u00fck\u015fehir Belediyesi&#8217;ne \u00e7ok \u00e7ok te\u015fekk\u00fcr ederim. \u0130yi ki vars\u0131n\u0131z. Burada daha \u00e7ok arkada\u015f edinmemi sa\u011flad\u0131n\u0131z. Bir\u00e7ok etkinlik getirdiniz. Oyunlar oynad\u0131k, \u00e7ok g\u00fczeldi&#8221; diye konu\u015ftu.<\/p>\n","protected":false},"excerpt":{"rendered":"<p>Mersin B\u00fcy\u00fck\u015fehir Belediyesi K\u00fclt\u00fcr ve Sosyal \u0130\u015fler Dairesi Ba\u015fkanl\u0131\u011f\u0131 taraf\u0131ndan, depremzede ailelerin \u00e7ocuklar\u0131na y\u00f6nelik moral etkinlikleri d\u00fczenleniyor. Tarsus&#8217;ta Kredi Yurtlar Kurumu&#8217;na (KYK) ait yurtlarda kalan deprem ma\u011fduru ailelerin \u00e7ocuklar\u0131 i\u00e7in &hellip; <a href=\"https:\/\/akdenizolaygazetesi.com\/?p=25695\" class=\"more-link\">Devam\u0131n\u0131 Oku&#8230;<\/a><\/p>\n","protected":false},"author":2,"featured_media":25696,"comment_status":"open","ping_status":"open","sticky":false,"template":"","format":"standard","meta":[],"categories":[1,2,3],"tags":[],"_links":{"self":[{"href":"https:\/\/akdenizolaygazetesi.com\/index.php?rest_route=\/wp\/v2\/posts\/25695"}],"collection":[{"href":"https:\/\/akdenizolaygazetesi.com\/index.php?rest_route=\/wp\/v2\/posts"}],"about":[{"href":"https:\/\/akdenizolaygazetesi.com\/index.php?rest_route=\/wp\/v2\/types\/post"}],"author":[{"embeddable":true,"href":"https:\/\/akdenizolaygazetesi.com\/index.php?rest_route=\/wp\/v2\/users\/2"}],"replies":[{"embeddable":true,"href":"https:\/\/akdenizolaygazetesi.com\/index.php?rest_route=%2Fwp%2Fv2%2Fcomments&post=25695"}],"version-history":[{"count":1,"href":"https:\/\/akdenizolaygazetesi.com\/index.php?rest_route=\/wp\/v2\/posts\/25695\/revisions"}],"predecessor-version":[{"id":25697,"href":"https:\/\/akdenizolaygazetesi.com\/index.php?rest_route=\/wp\/v2\/posts\/25695\/revisions\/25697"}],"wp:featuredmedia":[{"embeddable":true,"href":"https:\/\/akdenizolaygazetesi.com\/index.php?rest_route=\/wp\/v2\/media\/25696"}],"wp:attachment":[{"href":"https:\/\/akdenizolaygazetesi.com\/index.php?rest_route=%2Fwp%2Fv2%2Fmedia&parent=25695"}],"wp:term":[{"taxonomy":"category","embeddable":true,"href":"https:\/\/akdenizolaygazetesi.com\/index.php?rest_route=%2Fwp%2Fv2%2Fcategories&post=25695"},{"taxonomy":"post_tag","embeddable":true,"href":"https:\/\/akdenizolaygazetesi.com\/index.php?rest_route=%2Fwp%2Fv2%2Ftags&post=25695"}],"curies":[{"name":"wp","href":"https:\/\/api.w.org\/{rel}","templated":true}]}}