{"id":25698,"date":"2023-05-10T12:37:57","date_gmt":"2023-05-10T09:37:57","guid":{"rendered":"http:\/\/akdenizolaygazetesi.com\/?p=25698"},"modified":"2023-05-10T12:37:57","modified_gmt":"2023-05-10T09:37:57","slug":"gultak-genclerle-sohbet-etti-esnafi-dinledi","status":"publish","type":"post","link":"https:\/\/akdenizolaygazetesi.com\/?p=25698","title":{"rendered":"G\u00dcLTAK; GEN\u00c7LERLE SOHBET ETT\u0130, ESNAFI D\u0130NLED\u0130"},"content":{"rendered":"<p>Halk bulu\u015fmalar\u0131na ara vermeden devam eden Akdeniz Belediye Ba\u015fkan\u0131 M. Mustafa G\u00fcltak; Bar\u0131\u015f, Bah\u00e7e, Mesudiye, Kiremithane, G\u00fcne\u015f ve Hal mahallelerinde esnaf ve vatanda\u015flar\u0131 ziyaret ederek, taleplerini dinledi. Akdeniz\u2019i de\u011fi\u015ftiren projeleri anlatan Ba\u015fkan G\u00fcltak, d\u00f6n\u00fc\u015f\u00fcm\u00fcn s\u00fcrmesi i\u00e7in 14 May\u0131s\u2019ta destek istedi.<br \/>\nG\u00fcn i\u00e7inde Mardin Savurlular Derne\u011fi y\u00f6netimi ve \u00fcyeleriyle de bir araya gelen Ba\u015fkan G\u00fcltak, esnaf ve mahalle sakinlerinin dile getirdi\u011fi talep ve s\u0131k\u0131nt\u0131lar\u0131 dinledi, \u00e7\u00f6z\u00fcm\u00fc i\u00e7in ilgili birim yetkililerine talimat verdi. AK Parti Akdeniz \u0130l\u00e7e Ba\u015fkan\u0131 Emin Gen\u00e7, ba\u015fkan yard\u0131mc\u0131lar\u0131 ve birim m\u00fcd\u00fcrlerinin de e\u015flik etti\u011fi Ba\u015fkan G\u00fcltak; Akdeniz\u2019in de\u011fi\u015fim ve d\u00f6n\u00fc\u015f\u00fcm\u00fcn\u00fcn s\u00fcrmesi, hizmet, proje ve yat\u0131r\u0131mlar\u0131n artarak devam etmesi i\u00e7in 14 May\u0131s\u2019taki genel se\u00e7imlerde de vatanda\u015flardan destek talep etti.<br \/>\nMahalleli gen\u00e7lere \u2018meslek edinin\u2019 \u00e7a\u011fr\u0131s\u0131<br \/>\nGen\u00e7lerle sohbet eden Ba\u015fkan G\u00fcltak, belediyenin farkl\u0131 alanlarda verdi\u011fi meslek edindirme kurslar\u0131na kat\u0131lmalar\u0131 i\u00e7in \u00e7a\u011fr\u0131 yapt\u0131. G\u00f6reve geldi\u011fi ilk g\u00fcnden beri her mahalleye ay\u0131r\u0131m yapmadan hizmet verdi\u011fini vurgulayan Ba\u015fkan G\u00fcltak, 4 y\u0131lda hi\u00e7 kimsenin akl\u0131na gelmeyecek projeleri Akdeniz\u2019e kazand\u0131rd\u0131klar\u0131n\u0131n alt\u0131n\u0131 \u00e7izdi. Hizmetlerden dolay\u0131 memnuniyetlerini dile getiren baz\u0131 vatanda\u015flar da Ba\u015fkan Mustafa G\u00fcltak\u2019a te\u015fekk\u00fcr etti. Ziyaret etti\u011fi her mahallede \u00e7ocuklar\u0131 da unutmayan ve tatl\u0131 ikram eden Ba\u015fkan G\u00fcltak, \u00e7e\u015fitli hediyelerle \u00e7ocuklar\u0131n g\u00f6nl\u00fcn\u00fc kazand\u0131.<br \/>\nSavurlular Derne\u011fi\u2019ni ziyaret\u2026<br \/>\nG\u00fcn i\u00e7inde Mardin Savurlular Derne\u011fi y\u00f6netimi ve \u00fcyeleriyle de bir araya gelen Akdeniz Belediye Ba\u015fkan\u0131 G\u00fcltak; g\u00f6reve gelir gelmez Akdeniz\u2019i de\u011fi\u015ftirmek i\u00e7in hizmet ve proje ata\u011f\u0131na ge\u00e7tiklerinin alt\u0131n\u0131 \u00e7izdi. \u201cHer mahallemize ula\u015ft\u0131k, hemen her vatanda\u015f\u0131m\u0131za dokunduk\u201d diyen Ba\u015fkan G\u00fcltak; belediyeyi, 2019 y\u0131l\u0131nda a\u011f\u0131r bir bor\u00e7 y\u00fck\u00fc ile devrald\u0131klar\u0131n\u0131 hat\u0131rlatarak; \u201c\u0130\u015f\u00e7ilerimizin maa\u015f\u0131 bile d\u00fczenli bir \u015fekilde \u00f6denemiyordu. Maa\u015flar, kayyum d\u00f6nemine d\u00fczenli olarak \u00f6denmeye ba\u015flad\u0131. Biz de g\u00f6reve gelince maa\u015flar\u0131 artt\u0131r\u0131p her ay d\u00fczenli \u00f6dedik, tabi hizmet de verdik\u201d dedi.<br \/>\nS\u00f6zlerini; \u201cBug\u00fcn \u00c7ay Mahallesi\u2019nde kentsel d\u00f6n\u00fc\u015f\u00fcm\u00fc hayata ge\u00e7irdik. M\u00fcmk\u00fcn de\u011fil gibi g\u00f6r\u00fcn\u00fcyordu ama proje bitti ve bug\u00fcn insanlar yeni evlerine yerle\u015fip ya\u015famaya ba\u015flad\u0131\u201d \u015feklinde s\u00fcrd\u00fcren Ba\u015fkan Mustafa G\u00fcltak, \u015f\u00f6yle konu\u015ftu; \u201c\u015eevket S\u00fcmer, G\u00fcne\u015f, Hal, \u00c7ay, \u00c7ilek\u2019te ya\u015fayan insanlar\u0131m\u0131z bizden taziye evi, park, bah\u00e7e, spor alan\u0131 istiyor. Peki, nas\u0131l yapal\u0131m? Evler i\u00e7 i\u00e7e, hi\u00e7 arazi yok. Y\u0131kmadan d\u00fczeltmek m\u00fcmk\u00fcn de\u011fil. 100 y\u0131l da ge\u00e7se b\u00f6yle kal\u0131r. \u0130\u015fte bu nedenle \u00c7ay Mahallesi g\u00fczel bir \u00f6rnektir. Say\u0131n Cumhurba\u015fkan\u0131m\u0131z\u0131n deste\u011fiyle yerinde kentsel d\u00f6n\u00fc\u015f\u00fcm\u00fc bu mahallemizde ba\u015fard\u0131k. Ayn\u0131 \u015fekilde, y\u0131llar i\u00e7inde \u00e7\u00f6k\u00fcnt\u00fc b\u00f6lgesine d\u00f6n\u00fc\u015fen Bar\u0131\u015f Mahallemizde de yerinde kentsel d\u00f6n\u00fc\u015f\u00fcm projesinin ba\u015flamas\u0131n\u0131 sa\u011flad\u0131k ve b\u00f6lgede in\u015faatlar h\u0131zla y\u00fckseliyor.\u201d<\/p>\n","protected":false},"excerpt":{"rendered":"<p>Halk bulu\u015fmalar\u0131na ara vermeden devam eden Akdeniz Belediye Ba\u015fkan\u0131 M. Mustafa G\u00fcltak; Bar\u0131\u015f, Bah\u00e7e, Mesudiye, Kiremithane, G\u00fcne\u015f ve Hal mahallelerinde esnaf ve vatanda\u015flar\u0131 ziyaret ederek, taleplerini dinledi. Akdeniz\u2019i de\u011fi\u015ftiren projeleri &hellip; <a href=\"https:\/\/akdenizolaygazetesi.com\/?p=25698\" class=\"more-link\">Devam\u0131n\u0131 Oku&#8230;<\/a><\/p>\n","protected":false},"author":2,"featured_media":25699,"comment_status":"open","ping_status":"open","sticky":false,"template":"","format":"standard","meta":[],"categories":[1,2,3],"tags":[],"_links":{"self":[{"href":"https:\/\/akdenizolaygazetesi.com\/index.php?rest_route=\/wp\/v2\/posts\/25698"}],"collection":[{"href":"https:\/\/akdenizolaygazetesi.com\/index.php?rest_route=\/wp\/v2\/posts"}],"about":[{"href":"https:\/\/akdenizolaygazetesi.com\/index.php?rest_route=\/wp\/v2\/types\/post"}],"author":[{"embeddable":true,"href":"https:\/\/akdenizolaygazetesi.com\/index.php?rest_route=\/wp\/v2\/users\/2"}],"replies":[{"embeddable":true,"href":"https:\/\/akdenizolaygazetesi.com\/index.php?rest_route=%2Fwp%2Fv2%2Fcomments&post=25698"}],"version-history":[{"count":1,"href":"https:\/\/akdenizolaygazetesi.com\/index.php?rest_route=\/wp\/v2\/posts\/25698\/revisions"}],"predecessor-version":[{"id":25700,"href":"https:\/\/akdenizolaygazetesi.com\/index.php?rest_route=\/wp\/v2\/posts\/25698\/revisions\/25700"}],"wp:featuredmedia":[{"embeddable":true,"href":"https:\/\/akdenizolaygazetesi.com\/index.php?rest_route=\/wp\/v2\/media\/25699"}],"wp:attachment":[{"href":"https:\/\/akdenizolaygazetesi.com\/index.php?rest_route=%2Fwp%2Fv2%2Fmedia&parent=25698"}],"wp:term":[{"taxonomy":"category","embeddable":true,"href":"https:\/\/akdenizolaygazetesi.com\/index.php?rest_route=%2Fwp%2Fv2%2Fcategories&post=25698"},{"taxonomy":"post_tag","embeddable":true,"href":"https:\/\/akdenizolaygazetesi.com\/index.php?rest_route=%2Fwp%2Fv2%2Ftags&post=25698"}],"curies":[{"name":"wp","href":"https:\/\/api.w.org\/{rel}","templated":true}]}}