{"id":25701,"date":"2023-05-10T12:39:16","date_gmt":"2023-05-10T09:39:16","guid":{"rendered":"http:\/\/akdenizolaygazetesi.com\/?p=25701"},"modified":"2023-05-10T12:39:16","modified_gmt":"2023-05-10T09:39:16","slug":"mersinde-silah-egitimi-verildi-2","status":"publish","type":"post","link":"https:\/\/akdenizolaygazetesi.com\/?p=25701","title":{"rendered":"Mersin\u2019de Silah E\u011fitimi Verildi"},"content":{"rendered":"<p>Mersin Orman B\u00f6lge M\u00fcd\u00fcrl\u00fc\u011f\u00fcnde, Ormanlar\u0131n muhafazas\u0131nda aktif g\u00f6revli olan personele da\u011f\u0131t\u0131lan tabancalarla ilgili olarak bak\u0131m, emniyet ve at\u0131\u015f konular\u0131nda e\u011fitim verildi.<\/p>\n<p>Mersin Polis E\u011fitim Merkezi (POMEM) At\u0131\u015f Poligonunda yap\u0131lan e\u011fitime Mersin Orman B\u00f6lge M\u00fcd\u00fcr\u00fc Mustafa Yal\u00e7\u0131n, B\u00f6lge M\u00fcd\u00fcr Yard\u0131mc\u0131s\u0131 Ali Ki\u015fi, Orman Zararl\u0131lar\u0131yla M\u00fccadele \u015eube M\u00fcd\u00fcr\u00fc Veysel \u00d6nen, \u015fube m\u00fchendisleri, i\u015fletme \u015fefleri, orman muhafaza memurlar\u0131 ile di\u011fer silahla te\u00e7hiz edilecek personel kat\u0131ld\u0131.<\/p>\n<p>Mersin Orman B\u00f6lge M\u00fcd\u00fcrl\u00fc\u011f\u00fc \u00e7al\u0131\u015fanlar\u0131, Genel M\u00fcd\u00fcrl\u00fc\u011f\u00fcm\u00fcz\u00fcn emirleri do\u011frultusunda, ormanlar\u0131n muhafazas\u0131nda aktif g\u00f6revli olan personele da\u011f\u0131t\u0131lan tabancalarla ilgili olarak bak\u0131m, emniyet ve at\u0131\u015f konular\u0131nda e\u011fitim ald\u0131lar.<\/p>\n<p>Mersin Polis E\u011fitim Merkezi taraf\u0131ndan iki a\u015famal\u0131 olarak 8-9 May\u0131s tarihleri boyunca 88 ki\u015fiye verilen e\u011fitimler, teorik olarak tabancalar\u0131n tan\u0131t\u0131m\u0131, tabancalar\u0131n \u00f6zellikleri, yasal mevzuat, tabanca s\u00f6kme ve takma uygulamalar\u0131    \u015feklinde verilip ard\u0131ndan, temel at\u0131\u015f e\u011fitimi yap\u0131larak tamamlanm\u0131\u015ft\u0131r.<\/p>\n","protected":false},"excerpt":{"rendered":"<p>Mersin Orman B\u00f6lge M\u00fcd\u00fcrl\u00fc\u011f\u00fcnde, Ormanlar\u0131n muhafazas\u0131nda aktif g\u00f6revli olan personele da\u011f\u0131t\u0131lan tabancalarla ilgili olarak bak\u0131m, emniyet ve at\u0131\u015f konular\u0131nda e\u011fitim verildi. Mersin Polis E\u011fitim Merkezi (POMEM) At\u0131\u015f Poligonunda yap\u0131lan e\u011fitime &hellip; <a href=\"https:\/\/akdenizolaygazetesi.com\/?p=25701\" class=\"more-link\">Devam\u0131n\u0131 Oku&#8230;<\/a><\/p>\n","protected":false},"author":2,"featured_media":25702,"comment_status":"open","ping_status":"open","sticky":false,"template":"","format":"standard","meta":[],"categories":[1,2,3],"tags":[],"_links":{"self":[{"href":"https:\/\/akdenizolaygazetesi.com\/index.php?rest_route=\/wp\/v2\/posts\/25701"}],"collection":[{"href":"https:\/\/akdenizolaygazetesi.com\/index.php?rest_route=\/wp\/v2\/posts"}],"about":[{"href":"https:\/\/akdenizolaygazetesi.com\/index.php?rest_route=\/wp\/v2\/types\/post"}],"author":[{"embeddable":true,"href":"https:\/\/akdenizolaygazetesi.com\/index.php?rest_route=\/wp\/v2\/users\/2"}],"replies":[{"embeddable":true,"href":"https:\/\/akdenizolaygazetesi.com\/index.php?rest_route=%2Fwp%2Fv2%2Fcomments&post=25701"}],"version-history":[{"count":1,"href":"https:\/\/akdenizolaygazetesi.com\/index.php?rest_route=\/wp\/v2\/posts\/25701\/revisions"}],"predecessor-version":[{"id":25703,"href":"https:\/\/akdenizolaygazetesi.com\/index.php?rest_route=\/wp\/v2\/posts\/25701\/revisions\/25703"}],"wp:featuredmedia":[{"embeddable":true,"href":"https:\/\/akdenizolaygazetesi.com\/index.php?rest_route=\/wp\/v2\/media\/25702"}],"wp:attachment":[{"href":"https:\/\/akdenizolaygazetesi.com\/index.php?rest_route=%2Fwp%2Fv2%2Fmedia&parent=25701"}],"wp:term":[{"taxonomy":"category","embeddable":true,"href":"https:\/\/akdenizolaygazetesi.com\/index.php?rest_route=%2Fwp%2Fv2%2Fcategories&post=25701"},{"taxonomy":"post_tag","embeddable":true,"href":"https:\/\/akdenizolaygazetesi.com\/index.php?rest_route=%2Fwp%2Fv2%2Ftags&post=25701"}],"curies":[{"name":"wp","href":"https:\/\/api.w.org\/{rel}","templated":true}]}}