{"id":25704,"date":"2023-05-10T12:43:01","date_gmt":"2023-05-10T09:43:01","guid":{"rendered":"http:\/\/akdenizolaygazetesi.com\/?p=25704"},"modified":"2023-05-10T12:43:01","modified_gmt":"2023-05-10T09:43:01","slug":"gonul-gonuleyiz","status":"publish","type":"post","link":"https:\/\/akdenizolaygazetesi.com\/?p=25704","title":{"rendered":"&#8216;G\u00f6n\u00fcl g\u00f6n\u00fcleyiz&#8217;"},"content":{"rendered":"<p>AK Parti&#8217;nin Millete hizmet i\u00e7in durmadan, yorulmadan \u00e7al\u0131\u015fmaya devam edece\u011fini kaydeden Adalet ve Kalk\u0131nma Partisi Mersin \u0130l Ba\u015fkan\u0131 Adem Aldemir,&#8221; \u00c7\u0131km\u0131\u015f oldu\u011fumuz bu kutlu davada aziz milletimize daha iyi hizmet i\u00e7in gece g\u00fcnd\u00fcz demeden \u00e7almad\u0131k kap\u0131, s\u0131kmad\u0131k el b\u0131rakmayacak \u015fekilde \u00e7al\u0131\u015fmalar\u0131m\u0131za devam ediyoruz.&#8221; dedi.<\/p>\n<p>\u0130l Ba\u015fkan\u0131 Aldemir, 14 May\u0131s Cumhurba\u015fkanl\u0131\u011f\u0131 ve Milletvekili Genel Se\u00e7imlerine k\u0131sa bir s\u00fcre kala AK Parti Mersin Te\u015fkilat\u0131 ve Milletvekili Adaylar\u0131 sahada \u00e7al\u0131\u015fmalar\u0131na h\u0131z kesmeden devam etti\u011fini ifade etti.<\/p>\n<p>Se\u00e7im \u00e7al\u0131\u015fmalar\u0131nda \u00e7almad\u0131k kap\u0131, s\u0131kmad\u0131k el b\u0131rakmayacaklar\u0131n\u0131 vurgulayan AK Parti Mersin Ba\u015fkan\u0131 Adem Aldemir, &#8220;T\u00fcrkiye Y\u00fczy\u0131l\u0131&#8217;n\u0131n mimar\u0131 Cumhur \u0130ttifak\u0131 Aday\u0131m\u0131z olan Liderimiz, Cumhurba\u015fkan\u0131m\u0131z Say\u0131n Recep Tayyip Erdo\u011fan liderli\u011finde AK Parti Mersin Milletvekili Adaylar\u0131m\u0131zla birlikte sahada aziz milletimizle y\u00fcz y\u00fcze, g\u00f6n\u00fcl g\u00f6n\u00fcleyiz.<\/p>\n<p>\u00c7\u0131km\u0131\u015f oldu\u011fumuz bu kutlu davada aziz milletimize daha iyi hizmet i\u00e7in gece g\u00fcnd\u00fcz demeden \u00e7almad\u0131k kap\u0131, s\u0131kmad\u0131k el b\u0131rakmayacak \u015fekilde \u00e7al\u0131\u015fmalar\u0131m\u0131za devam ediyoruz.<\/p>\n<p>Hazine ve Maliye Bakan\u0131m\u0131z Say\u0131n Nureddin Nebati, Mersin&#8217;in ihtiya\u00e7lar\u0131na y\u00f6nelik bir\u00e7ok proje ve yat\u0131r\u0131mlar \u00fczerinde \u00e7al\u0131\u015fmalar yaparak \u015fehrin kalk\u0131nmas\u0131 i\u00e7in \u00f6nemli \u00e7al\u0131\u015fmalar yapmaktad\u0131r.<\/p>\n<p>Saha \u00e7al\u0131\u015fmalar\u0131nda Mersinli hem\u015fehrilerimizin taleplerini alan Say\u0131n Bakan\u0131m\u0131z Nebati \u0130l\u00e7elerimizdeki \u00e7o\u011fu Mahallelerimizin ihtiyac\u0131 olan su sorunu, parke ta\u015f\u0131 ve \u00e7elik sulama borusu sorununu \u00e7\u00f6z\u00fcme kavu\u015fturdu. Limon \u00fcreticilerimizin de sorununu \u00e7\u00f6zd\u00fc.<\/p>\n<p>Mersinli hem\u015fehrilerimizin Say\u0131n Bakan\u0131m\u0131z Nebati&#8217;ye se\u00e7im \u00e7al\u0131\u015fmalar\u0131ndaki ilgisi b\u00fcy\u00fck, onun s\u0131cak g\u00fcl\u00fcmsemesi ve samimi tav\u0131rlar\u0131 Mersinlilerin kalplerinde \u00f6zel bir yer edinmi\u015ftir. Hizmetleri, ba\u015far\u0131lar\u0131 ve Mersin&#8217;e olan duyarl\u0131l\u0131\u011f\u0131yla onlar\u0131 etkilemi\u015f, g\u00fcvenlerini kazanm\u0131\u015ft\u0131r.<\/p>\n<p>Say\u0131n Bakan\u0131m\u0131z Nebati&#8217;nin ba\u015far\u0131l\u0131 \u00e7al\u0131\u015fmalar\u0131, \u015fehrimize olan duyarl\u0131l\u0131\u011f\u0131, \u00e7al\u0131\u015fkanl\u0131\u011f\u0131,samimi olu\u015fu ve s\u00f6z\u00fcnde durmas\u0131 Mersin halk\u0131 taraf\u0131ndan takdirle kar\u015f\u0131lan\u0131yor. <\/p>\n<p>Hazine ve Maliye Bakan\u0131m\u0131z Say\u0131n Nureddin Nebati, Milletvekili Adaylar\u0131 ve AK Parti Mersin Te\u015fkilat\u0131 olarak Mersin&#8217;in kalk\u0131nmas\u0131 i\u00e7in var g\u00fcc\u00fcm\u00fczle \u00e7al\u0131\u015fmaya devam edece\u011fiz.&#8221; diye konu\u015ftu.<\/p>\n","protected":false},"excerpt":{"rendered":"<p>AK Parti&#8217;nin Millete hizmet i\u00e7in durmadan, yorulmadan \u00e7al\u0131\u015fmaya devam edece\u011fini kaydeden Adalet ve Kalk\u0131nma Partisi Mersin \u0130l Ba\u015fkan\u0131 Adem Aldemir,&#8221; \u00c7\u0131km\u0131\u015f oldu\u011fumuz bu kutlu davada aziz milletimize daha iyi hizmet &hellip; <a href=\"https:\/\/akdenizolaygazetesi.com\/?p=25704\" class=\"more-link\">Devam\u0131n\u0131 Oku&#8230;<\/a><\/p>\n","protected":false},"author":2,"featured_media":25705,"comment_status":"open","ping_status":"open","sticky":false,"template":"","format":"standard","meta":[],"categories":[2,3,5],"tags":[],"_links":{"self":[{"href":"https:\/\/akdenizolaygazetesi.com\/index.php?rest_route=\/wp\/v2\/posts\/25704"}],"collection":[{"href":"https:\/\/akdenizolaygazetesi.com\/index.php?rest_route=\/wp\/v2\/posts"}],"about":[{"href":"https:\/\/akdenizolaygazetesi.com\/index.php?rest_route=\/wp\/v2\/types\/post"}],"author":[{"embeddable":true,"href":"https:\/\/akdenizolaygazetesi.com\/index.php?rest_route=\/wp\/v2\/users\/2"}],"replies":[{"embeddable":true,"href":"https:\/\/akdenizolaygazetesi.com\/index.php?rest_route=%2Fwp%2Fv2%2Fcomments&post=25704"}],"version-history":[{"count":1,"href":"https:\/\/akdenizolaygazetesi.com\/index.php?rest_route=\/wp\/v2\/posts\/25704\/revisions"}],"predecessor-version":[{"id":25706,"href":"https:\/\/akdenizolaygazetesi.com\/index.php?rest_route=\/wp\/v2\/posts\/25704\/revisions\/25706"}],"wp:featuredmedia":[{"embeddable":true,"href":"https:\/\/akdenizolaygazetesi.com\/index.php?rest_route=\/wp\/v2\/media\/25705"}],"wp:attachment":[{"href":"https:\/\/akdenizolaygazetesi.com\/index.php?rest_route=%2Fwp%2Fv2%2Fmedia&parent=25704"}],"wp:term":[{"taxonomy":"category","embeddable":true,"href":"https:\/\/akdenizolaygazetesi.com\/index.php?rest_route=%2Fwp%2Fv2%2Fcategories&post=25704"},{"taxonomy":"post_tag","embeddable":true,"href":"https:\/\/akdenizolaygazetesi.com\/index.php?rest_route=%2Fwp%2Fv2%2Ftags&post=25704"}],"curies":[{"name":"wp","href":"https:\/\/api.w.org\/{rel}","templated":true}]}}