{"id":25707,"date":"2023-05-10T15:55:44","date_gmt":"2023-05-10T12:55:44","guid":{"rendered":"http:\/\/akdenizolaygazetesi.com\/?p=25707"},"modified":"2023-05-10T15:55:44","modified_gmt":"2023-05-10T12:55:44","slug":"secer-anamur-halkiyla-bir-araya-geldi","status":"publish","type":"post","link":"https:\/\/akdenizolaygazetesi.com\/?p=25707","title":{"rendered":"SE\u00c7ER ANAMUR HALKIYLA B\u0130R ARAYA GELD\u0130"},"content":{"rendered":"<p>Mersin B\u00fcy\u00fck\u015fehir Belediye Ba\u015fkan\u0131 Vahap Se\u00e7er, Mersin&#8217;i kar\u0131\u015f kar\u0131\u015f gezerek halkla i\u00e7 i\u00e7e olmaya devam ediyor. Bu kapsamda Anamur&#8217;a \u00e7\u0131karma yapan Se\u00e7er, Anamur&#8217;da vatanda\u015f, halk, \u00fcretici, esnaf, muhtarlar, STK ve i\u015f d\u00fcnyas\u0131 ile bir araya geldi.<\/p>\n<p>Anamur ziyaretinde ilk \u00f6nce merkezde esnaf\u0131 ziyaret eden Se\u00e7er, \u00e7ar\u015f\u0131 esnaf\u0131 taraf\u0131ndan sevgi ile kar\u015f\u0131land\u0131. Ba\u015fkan Se\u00e7er&#8217;i &#8220;Memleketin en karizmatik Ba\u015fkan\u0131, ho\u015f geldin&#8221; diyerek kar\u015f\u0131layan bir esnaf, B\u00fcy\u00fck\u015fehir&#8217;in hizmetlerinden \u00f6t\u00fcr\u00fc de te\u015fekk\u00fcrlerini iletti. Bir ba\u015fka esnaf ise Ba\u015fkan Se\u00e7er&#8217;e gaz lambas\u0131 hediye ederek, &#8220;Enerjiniz hi\u00e7 bitmesin&#8221; dile\u011finde bulundu.<\/p>\n<p>Esnaf gezisinin ard\u0131ndan Anamur Ticaret ve Sanayi Odas\u0131&#8217;na (ANTSO) ge\u00e7en Se\u00e7er, burada ANTSO Ba\u015fkan\u0131 Mehmet Tuna, ANTSO Meclis Ba\u015fkan\u0131 Orhun Y\u0131ld\u0131z beraberinde STK, i\u015f d\u00fcnyas\u0131 ve muhtarlar ile bir araya gelerek toplant\u0131 ger\u00e7ekle\u015ftirdi.<\/p>\n<p>&#8220;Ana konumuz tabi ki Anamur&#8221;<br \/>\nBa\u015fkan Vahap Se\u00e7er, ANTSO&#8217;da yapt\u0131\u011f\u0131 konu\u015fmas\u0131nda, hizmet konu\u015facaklar\u0131n\u0131 kaydederek, &#8220;Anamur&#8217;u, Mersin&#8217;i, T\u00fcrkiye&#8217;yi konu\u015faca\u011f\u0131z. \u00d6zellikle ana konumuz tabi ki Anamur ve Anamur&#8217;un ticareti, sanayisi, turizmi, ekonomisi olacak. Bunlar\u0131 de\u011ferlendirip, neler yapabiliriz diye konu\u015faca\u011f\u0131z&#8221; dedi. Ya\u015fanan se\u00e7im s\u00fcreci dolay\u0131s\u0131yla herkesin yo\u011fun zamanlar ge\u00e7irdi\u011fi bir d\u00f6nem oldu\u011funu kaydeden Ba\u015fkan Se\u00e7er, &#8220;\u00dclke g\u00fcndemi de se\u00e7im. Esnaf\u0131 da ticaret erbab\u0131n\u0131 da t\u00fcm kitleleri, vatanda\u015flar\u0131 etkileyen bir durum&#8221; diye konu\u015ftu.<\/p>\n<p>&#8220;Anamur&#8217;da toplamda 34 bin 500 ton asfalt kulland\u0131k&#8221;<br \/>\nAnamur&#8217;un temel beklentilerinden ilkinin yollar oldu\u011funu kaydeden Ba\u015fkan Se\u00e7er, &#8220;Burada toplamda yakla\u015f\u0131k olarak 34 bin 500 ton asfalt kullanarak, \u00f6nemli \u00e7al\u0131\u015fmalara imza att\u0131k. Kalan s\u00fcre i\u00e7erisinde de yine bu \u00e7al\u0131\u015fmalar\u0131m\u0131z devam edecek, durmayacak. Burada eksik kalan caddelerimiz var. Onunla ilgili de \u00e7al\u0131\u015fmalar\u0131m\u0131z\u0131 s\u00fcrd\u00fcrece\u011fiz&#8221; dedi. En \u00f6nemli konular\u0131ndan bir tanesinin de Toptanc\u0131 Sebze ve Meyve Hali konusu oldu\u011funu belirterek konu\u015fmas\u0131n\u0131 s\u00fcrd\u00fcren Ba\u015fkan Se\u00e7er, &#8220;\u00c7\u00fcnk\u00fc tar\u0131m, sera ve \u00f6rt\u00fc alt\u0131 \u00fcreticilik burada lokomotif sekt\u00f6r&#8221; dedi.<\/p>\n<p>&#8220;Anamur \u00f6l\u00e7e\u011finde bir ekonomi i\u00e7in \u00e7ok \u00f6nemli bir hasar&#8221;<br \/>\nAnamur&#8217;da ge\u00e7ti\u011fimiz hafta sonu ya\u015fanan hortum ve f\u0131rt\u0131na afetinde yap\u0131lan hasar tespitleri sonucu 200 milyon lira gibi bir hasar\u0131n ortaya \u00e7\u0131kt\u0131\u011f\u0131n\u0131 dile getiren Se\u00e7er, &#8220;200 milyon da olsa, 150 milyon da olsa, 100 milyon da dolsa Anamur \u00f6l\u00e7e\u011finde bir ekonomi i\u00e7in \u00e7ok \u00f6nemli bir hasar. Ge\u00e7mi\u015f olsun dileklerimi ileteyim. Bizim Tar\u0131m Dairemiz de \u00fcreticilere nas\u0131l katk\u0131 yapabiliriz, bir nebze olsun yaralar\u0131n\u0131 sarabiliriz diye onun de\u011ferlendirmesi i\u00e7inde&#8221; diye konu\u015ftu.<\/p>\n<p>&#8220;\u00c7ok k\u0131sa s\u00fcre i\u00e7erisinde Anamur&#8217;umuza bu hali kazand\u0131raca\u011f\u0131z&#8221;<br \/>\nAnamur Toptanc\u0131 Sebze ve Meyve Hali&#8217;nin uzun s\u00fcredir ihmal edilmi\u015f bir \u00e7al\u0131\u015fma oldu\u011funu ifade ederek, bu kadar de\u011ferli ve ekonomik de\u011feri y\u00fcksek \u00fcr\u00fcnler pazarlayan bir toptanc\u0131 halinin bu kadar \u00e7a\u011f\u0131n d\u0131\u015f\u0131nda kalmas\u0131n\u0131n akla, mant\u0131\u011fa yatk\u0131n olmad\u0131\u011f\u0131n\u0131 kaydeden Se\u00e7er, &#8220;Projesi haz\u0131r. \u00c7ok k\u0131sa bir s\u00fcre i\u00e7erisinde Anamur&#8217;umuza bu hali kazand\u0131raca\u011f\u0131z. Bozyaz\u0131&#8217;da da ayn\u0131 sorun var. Orada tahsis sorunu devam ediyor&#8221; \u015feklinde konu\u015ftu.<\/p>\n<p>&#8220;Mersin&#8217;in siyasi tart\u0131\u015fmalardan ari kalmas\u0131 i\u00e7in her t\u00fcrl\u00fc gayreti sarf ettim&#8221;<br \/>\n\u00d6nceli\u011fin her zaman Mersin oldu\u011funu ve kentin siyasetten ari olmas\u0131 i\u00e7in yo\u011fun \u00e7aba sarf etti\u011fini ifade eden Ba\u015fkan Se\u00e7er, &#8220;B\u00fcrokrasi ile merkezi h\u00fck\u00fcmetle ileti\u015fiminiz s\u0131k\u0131nt\u0131l\u0131 oluyor. Ben, sosyal ili\u015fkilere \u00e7ok \u00f6nem veren bir insan\u0131m. Herkesle gider g\u00f6r\u00fc\u015f\u00fcr\u00fcm; Kald\u0131 ki Cumhurba\u015fkan\u0131&#8217;yla gittim g\u00f6r\u00fc\u015ft\u00fcm. Mersin&#8217;in siyasi tart\u0131\u015fmalardan ari kalmas\u0131 i\u00e7in her t\u00fcrl\u00fc gayreti sarf ettim. Mersin&#8217;in menfaati i\u00e7in kendi menfaatimi zaten tart\u0131\u015fmam bile, yani partimizin menfaatini geri plana atar\u0131z. Bizim anlay\u0131\u015f\u0131m\u0131z budur. \u00d6nce \u00fclke, memleket, sonra partimiz. Partimiz bizim i\u00e7in \u00e7ok de\u011ferlidir, o ayr\u0131 bir \u015fey ama bizim i\u00e7in memlekete hizmet etme arac\u0131d\u0131r&#8221; dedi.<\/p>\n<p>&#8220;Bir imzan\u0131n aylarca, hatta y\u0131llarca ilgili kurumlarda bekledi\u011fini biliyoruz&#8221;<br \/>\nTahsis, kredi ve imza s\u0131k\u0131nt\u0131lar\u0131 ya\u015fad\u0131klar\u0131na da de\u011finen Ba\u015fkan Se\u00e7er, &#8220;Bir imzan\u0131n aylarca, hatta y\u0131llarca ilgili kurumlarda bekledi\u011fini biliyoruz. B\u00fcy\u00fckeceli&#8217;ye yap\u0131lan N\u00fckleer Santral b\u00f6lgesine basit bir ar\u0131tma yapmak i\u00e7in Orman Genel M\u00fcd\u00fcrl\u00fc\u011f\u00fc&#8217;nden &#8216;dan 1 sene tahsis beklenir mi?&#8221; diye konu\u015ftu.<\/p>\n<p>&#8220;Biz mevcut imkanlar\u0131 azami etkili kullan\u0131p \u00e7al\u0131\u015fan bir belediyeyiz&#8221;<br \/>\nFinansal s\u0131k\u0131nt\u0131lara ra\u011fmen Mersin&#8217;in her taraf\u0131na verdi\u011fi hizmeti vatanda\u015f\u0131n g\u00f6rd\u00fc\u011f\u00fcn\u00fc ve be\u011fendi\u011fini s\u00f6yleyen Ba\u015fkan Se\u00e7er, &#8220;Biz Anamur i\u00e7inde ayn\u0131 \u015fekilde davrand\u0131k. Bak\u0131n Yeni\u015fehir il\u00e7esinde bulvara d\u00f6kt\u00fc\u011f\u00fcm\u00fcz malzemeyi, yapt\u0131\u011f\u0131m\u0131z altyap\u0131y\u0131, imalat\u0131m\u0131zdaki kaliteyi Anamur&#8217;a da yapt\u0131k. Ya\u011fmur suyunuzu, altyap\u0131y\u0131 yapt\u0131k. Biz mevcut imkanlar\u0131 azami etkili \u015fekilde kullan\u0131p \u00e7al\u0131\u015fan bir belediyeyiz&#8221; dedi.<\/p>\n<p>&#8220;Anamur&#8217;un insan\u0131na K\u00fclt\u00fcr Merkezi yak\u0131\u015f\u0131r&#8221;<br \/>\nAnamur&#8217;a bir K\u00fclt\u00fcr Merkezi kazand\u0131racaklar\u0131n\u0131n m\u00fcjdesini veren Ba\u015fkan Se\u00e7er, &#8220;Anamur farkl\u0131 sosyo k\u00fclt\u00fcrel yap\u0131ya sahip bir kent. Onun i\u00e7in buran\u0131n gencine, \u00e7ocu\u011funa, ya\u015f alm\u0131\u015f insan\u0131na bir K\u00fclt\u00fcr Merkezi yak\u0131\u015f\u0131r. Projemiz haz\u0131r. Anamur&#8217;un kapasitesine uygun bir K\u00fclt\u00fcr Merkezi temelini bu y\u0131l i\u00e7erisinde, MESK\u0130&#8217;yi bo\u015falt\u0131r bo\u015faltmaz yapaca\u011f\u0131z. Arazi bizim zaten, hi\u00e7 tahsis derdi olmayacak&#8221; diye konu\u015ftu.<\/p>\n<p>B\u00fcy\u00fck\u015fehir Belediyesi olarak sosyal hizmetlere \u00e7ok \u00f6nem ve a\u011f\u0131rl\u0131k verdiklerini belirten Ba\u015fkan Se\u00e7er, &#8220;Anamur&#8217;la ilgili \u00f6zellikle sosyal hizmetlerde yeni hizmete ald\u0131\u011f\u0131m\u0131z \u00f6nemli \u00e7al\u0131\u015fmalar var. Evde Bak\u0131m ve Misafirhane bunlardan baz\u0131s\u0131. Mersin \u015eehir Hastanesi&#8217;nde yatan bir hastan\u0131n, ekonomisi de iyi olmayan yak\u0131n\u0131 il\u00e7eden veya k\u0131rsaldan gelmi\u015fse ya varsa arabas\u0131nda yatacak, ya \u00fccretini \u00f6deyerek bir otelde kalacak, ya da akrabas\u0131n\u0131n yan\u0131nda kalacak. Refakat\u00e7i Evi ile bu sorunu ortadan kald\u0131rd\u0131k. Bu memlekete, fakir ve fukaraya nas\u0131l temas edilece\u011fini biz g\u00f6sterdik&#8221; dedi. <\/p>\n<p>&#8220;Derdimiz sadece yol, k\u00f6pr\u00fc, bina yapmak de\u011fil&#8221;<br \/>\nAnamur&#8217;dan G\u00fclnar&#8217;a, Ayd\u0131nc\u0131k&#8217;tan Silifke&#8217;ye kadar b\u00f6lgelerde, Toroslar\u0131n etekleri denilen yaylalarda okuma oran\u0131n\u0131n y\u00fcksek oldu\u011funa dikkat \u00e7eken Ba\u015fkan Se\u00e7er, &#8220;Her tarafta \u00fccretsiz e\u011fitim \u00f6\u011fretim kurumlar\u0131 a\u00e7t\u0131k ve \u015fu anda 6 bin 500 \u00f6\u011frencimiz var. Bu \u00e7ocuklar\u0131n hepsinin \u00fcniversite s\u0131nav\u0131 giri\u015f \u00fccretlerini biz \u00f6d\u00fcyor ve \u00fcniversiteyi kazand\u0131klar\u0131 ilk y\u0131l e\u011fitim \u00f6\u011frenim yard\u0131m\u0131nda bulunuyoruz.  Bizim derdimiz sadece yol, k\u00f6pr\u00fc, bina yapmak de\u011fil&#8221; diye konu\u015ftu.<\/p>\n<p>&#8220;Her t\u00fcrl\u00fc yat\u0131r\u0131mlarda, B\u00fcy\u00fck\u015fehir olarak i\u015fbirli\u011fi yapmak isteriz&#8221;<br \/>\nANTSO Ba\u015fkan\u0131 ve y\u00f6netim kurulu \u00fcyeleri ile ilk toplant\u0131y\u0131 yapt\u0131klar\u0131n\u0131 ve bundan sonraki s\u00fcre\u00e7te de bir araya geleceklerini belirten Ba\u015fkan Se\u00e7er, &#8220;Ben i\u015f adam\u0131 k\u00f6kenli bir siyaset\u00e7iyim. O y\u00fczden ticaret ve sanayicinin d\u00fcnyas\u0131 bana yabanc\u0131 de\u011fil. Anamur&#8217;da Ticaret ve Sanayi Odas\u0131&#8217;n\u0131n da i\u00e7inde oldu\u011fu her t\u00fcrl\u00fc yat\u0131r\u0131mlarda, B\u00fcy\u00fck\u015fehir Belediyesi olarak i\u015fbirli\u011fi yapmak isteriz. OSB ve k\u00fc\u00e7\u00fck sanayi sitelerinin kurulmas\u0131, esnaflarla ilgili sorunlar\u0131n \u00e7\u00f6z\u00fclmesi konular\u0131nda elimizden geleni yapar\u0131z&#8221; ifadelerini kulland\u0131.<\/p>\n<p>&#8220;Vatanda\u015f\u0131n ya\u015fam alan\u0131na dair ne varsa, sorun olarak kar\u015f\u0131m\u0131zda&#8221;<br \/>\nTicaret ve Sanayi Odas\u0131, Ticaret Borsalar\u0131 ve ESOB&#8217;u \u00e7ok \u00f6nemsedi\u011fini ve \u00f6zellikle bu 3 kurumun, bir kentteki ekonominin lokomotifi ve can damar\u0131 oldu\u011funu vurgulayan Ba\u015fkan Se\u00e7er, &#8220;\u00d6n\u00fcm\u00fczde bir se\u00e7im var. Mutlaka herkes bir tercihte bulunacak. Bir belediye ba\u015fkan\u0131 olarak, bu kurumun \u00e7at\u0131s\u0131 alt\u0131nda tercihlerinize y\u00f6nelik bir pozisyon i\u00e7erisinde yer almam. Bunu parti binas\u0131nda veya mitinglerde, televizyon programlar\u0131nda yapars\u0131n\u0131z. Fakat \u015funa dikkat \u00e7ekmek istiyorum; T\u00fcrkiye&#8217;nin g\u00fcndemi, olmas\u0131 gereken g\u00fcndemin d\u0131\u015f\u0131nda tart\u0131\u015f\u0131l\u0131yor. T\u00fcrkiye&#8217;nin \u015fu anda as\u0131l g\u00fcndemi; ekonomi, yolsuzluklar, adaletsizlik, sa\u011fl\u0131k ve e\u011fitim gibi baz\u0131 hizmet alanlar\u0131nda uygulanan yanl\u0131\u015f politikalar&#8221; dedi.<\/p>\n<p>&#8220;T\u00fcrkiye&#8217;nin neye ihtiyac\u0131 varsa damgay\u0131 ona vurun&#8221;<br \/>\nSiyasi bir gerginlik oldu\u011funu s\u00f6zlerine ekleyen Ba\u015fkan Se\u00e7er, &#8220;Ayr\u0131mc\u0131l\u0131k oldu\u011funun iddias\u0131n\u0131 s\u00f6yledim. Diyorum ki; merkezi h\u00fck\u00fcmetle maalesef bizim b\u00fcrokraside i\u015flerimiz y\u00fcr\u00fcm\u00fcyor. Bu \u00f6nemli bir demokrasi sorunudur. Benim sizden ricam esnaf i\u015f insanlar\u0131 olarak 14 May\u0131s&#8217;ta bu endi\u015felerden ve bu vehimlerden uzak sand\u0131k ba\u015f\u0131na gidin; T\u00fcrkiye&#8217;nin geldi\u011fi noktada neye ihtiyac\u0131 varsa damgay\u0131 ona vurun&#8221; dedi.<\/p>\n<p>&#8220;63 kredi talebimizin 1 tanesi \u015fu ana \u015fu ana kadar ger\u00e7ekle\u015fmedi&#8221;<br \/>\nBa\u015fkan Se\u00e7er, soru-cevap b\u00f6l\u00fcm\u00fcn\u00fcn ard\u0131ndan ise kanalizasyon ve i\u00e7mesuyu gibi konular\u0131na yan\u0131t verdi. \u0130\u00e7mesuyu meselesine ili\u015fkin konu\u015fan Se\u00e7er, &#8220;D\u00fcn MESK\u0130&#8217;nin Genel Kurul&#8217;u vard\u0131. Orada da s\u00f6yledim, 63 kredi talebimizin 1 tanesi \u015fu ana \u015fu ana kadar ger\u00e7ekle\u015fmedi. 1 tanesi ger\u00e7ekle\u015fse duvara asaca\u011f\u0131m hat\u0131ra olarak. Diyece\u011fim ki; &#8216;\u0130ller Bankas\u0131 bu projeye \u015fu kadar milyon hibe ve kredi sa\u011flad\u0131.&#8217; Bunlar MESK\u0130&#8217;nin kendi \u00f6z kaynaklar\u0131 ile yapaca\u011f\u0131 i\u015fler de\u011fil. Ya hibe olacak, ya uzun vadeli para bulacaks\u0131n. 3 sene oldu herhalde, Anamur Belediye Ba\u015fkan\u0131 ve Ayd\u0131nc\u0131k Belediye Ba\u015fkan\u0131 Ferat Aktan da vard\u0131 beraber \u0130ller Bankas\u0131&#8217;na gitti\u011fimizde. O g\u00fcn de \u0130ller Bankas\u0131 Genel M\u00fcd\u00fcr\u00fc sanki bu i\u015fi 1-2 ay i\u00e7inde \u00e7\u00f6zecekmi\u015f gibi konu\u015ftu ama hi\u00e7bir sonu\u00e7 alamad\u0131k. Bu hafta se\u00e7im haftas\u0131. Bu haftadan sonra farkl\u0131 \u015feyler konu\u015fabiliriz. Bir \u015fey diyemiyorum. \u0130ller Bankas\u0131 Genel M\u00fcd\u00fcr\u00fc Telefonuna \u00e7\u0131kmaz m\u0131? Randevu vermez mi? Yapmaz m\u0131? Adamlar b\u00f6yle \u00e7al\u0131\u015f\u0131yor, nas\u0131l edelim? \u00d6zellikle altyap\u0131 konular\u0131nda, b\u00f6yle zorlan\u0131yoruz&#8221; dedi.<\/p>\n<p>Bat\u0131 taraf\u0131 grup yoluna ili\u015fkin gelen talep \u00fczerine de konu\u015fan Ba\u015fkan Se\u00e7er,  hepsinin programlar\u0131 d\u00e2hilinde yer ald\u0131\u011f\u0131n\u0131 kaydetti. Ba\u015fkan Se\u00e7er, &#8221; &#8216;Salavat g\u00fc\u00e7ten do\u011far&#8217; derler ya, aynen b\u00f6yle. Sen bana a\u00e7 kaynaklar\u0131, aman aman, durduramazs\u0131n beni. Bunlar ekstra ciddi paralar harcayaca\u011f\u0131m\u0131z yerler. Ama mevcut grup yollar\u0131n\u0131zla ilgili, benim g\u00f6rev alan\u0131mla ilgili, yapma sorumlulu\u011fumda olan yerlerle ilgili ne derseniz hakl\u0131s\u0131n\u0131z. Eksik varsa biz onu tamamlar\u0131z&#8221; diye konu\u015ftu. Se\u00e7er, hal b\u00f6lgesi ve mezarl\u0131k gibi konularda gelen sorulara da yan\u0131t verdi, \u00e7al\u0131\u015fma arkada\u015flar\u0131 da gelen taleplere ili\u015fkin kat\u0131l\u0131mc\u0131lara bilgi verdi.<\/p>\n","protected":false},"excerpt":{"rendered":"<p>Mersin B\u00fcy\u00fck\u015fehir Belediye Ba\u015fkan\u0131 Vahap Se\u00e7er, Mersin&#8217;i kar\u0131\u015f kar\u0131\u015f gezerek halkla i\u00e7 i\u00e7e olmaya devam ediyor. Bu kapsamda Anamur&#8217;a \u00e7\u0131karma yapan Se\u00e7er, Anamur&#8217;da vatanda\u015f, halk, \u00fcretici, esnaf, muhtarlar, STK ve &hellip; <a href=\"https:\/\/akdenizolaygazetesi.com\/?p=25707\" class=\"more-link\">Devam\u0131n\u0131 Oku&#8230;<\/a><\/p>\n","protected":false},"author":2,"featured_media":25708,"comment_status":"open","ping_status":"open","sticky":false,"template":"","format":"standard","meta":[],"categories":[2,3,5],"tags":[],"_links":{"self":[{"href":"https:\/\/akdenizolaygazetesi.com\/index.php?rest_route=\/wp\/v2\/posts\/25707"}],"collection":[{"href":"https:\/\/akdenizolaygazetesi.com\/index.php?rest_route=\/wp\/v2\/posts"}],"about":[{"href":"https:\/\/akdenizolaygazetesi.com\/index.php?rest_route=\/wp\/v2\/types\/post"}],"author":[{"embeddable":true,"href":"https:\/\/akdenizolaygazetesi.com\/index.php?rest_route=\/wp\/v2\/users\/2"}],"replies":[{"embeddable":true,"href":"https:\/\/akdenizolaygazetesi.com\/index.php?rest_route=%2Fwp%2Fv2%2Fcomments&post=25707"}],"version-history":[{"count":1,"href":"https:\/\/akdenizolaygazetesi.com\/index.php?rest_route=\/wp\/v2\/posts\/25707\/revisions"}],"predecessor-version":[{"id":25709,"href":"https:\/\/akdenizolaygazetesi.com\/index.php?rest_route=\/wp\/v2\/posts\/25707\/revisions\/25709"}],"wp:featuredmedia":[{"embeddable":true,"href":"https:\/\/akdenizolaygazetesi.com\/index.php?rest_route=\/wp\/v2\/media\/25708"}],"wp:attachment":[{"href":"https:\/\/akdenizolaygazetesi.com\/index.php?rest_route=%2Fwp%2Fv2%2Fmedia&parent=25707"}],"wp:term":[{"taxonomy":"category","embeddable":true,"href":"https:\/\/akdenizolaygazetesi.com\/index.php?rest_route=%2Fwp%2Fv2%2Fcategories&post=25707"},{"taxonomy":"post_tag","embeddable":true,"href":"https:\/\/akdenizolaygazetesi.com\/index.php?rest_route=%2Fwp%2Fv2%2Ftags&post=25707"}],"curies":[{"name":"wp","href":"https:\/\/api.w.org\/{rel}","templated":true}]}}