{"id":25710,"date":"2023-05-10T15:57:24","date_gmt":"2023-05-10T12:57:24","guid":{"rendered":"http:\/\/akdenizolaygazetesi.com\/?p=25710"},"modified":"2023-05-10T15:57:24","modified_gmt":"2023-05-10T12:57:24","slug":"enerjisa-dagitim-sirketleri-secim-oncesi-sebeke-bakimlarini-tamamladi","status":"publish","type":"post","link":"https:\/\/akdenizolaygazetesi.com\/?p=25710","title":{"rendered":"Enerjisa da\u011f\u0131t\u0131m \u015firketleri se\u00e7im \u00f6ncesi \u015febeke bak\u0131mlar\u0131n\u0131 tamamlad\u0131"},"content":{"rendered":"<p>T\u00fcrkiye hafta sonu d\u00fczenlenecek Cumhurba\u015fkan\u0131 Se\u00e7imi ve 28. D\u00f6nem Milletvekili Genel Se\u00e7imine haz\u0131rlan\u0131rken, Enerjisa Da\u011f\u0131t\u0131m \u015eirketlerince faaliyet g\u00f6sterilen illerde se\u00e7im s\u00fcrecinde kullan\u0131lacak \u00f6nemli bina ve tesislerin elektrik alt yap\u0131s\u0131nda gerekli bak\u0131mlar yap\u0131ld\u0131, tedbirler devreye al\u0131nd\u0131.<\/p>\n<p>T\u00fcrkiye\u2019de Ba\u015fkent EDA\u015e, Ayeda\u015f ve Toroslar EDA\u015e olmak \u00fczere 3 elektrik da\u011f\u0131t\u0131m b\u00f6lgesindeki 14 ilde hizmet veren Enerjisa Da\u011f\u0131t\u0131m \u015eirketleri\u2019nin \u015eebeke ve Sistem \u0130\u015fletme Direkt\u00f6r\u00fc Nuri Osman \u00c7al\u0131\u015fkan, yakla\u015fan se\u00e7imlere y\u00f6nelik al\u0131nan tedbirler hakk\u0131nda, &#8220;Se\u00e7imlerin elektrikte kesintisiz ve g\u00fcvenilir olarak devam etmesi i\u00e7in elimizden geleni yapmaya \u00e7al\u0131\u015f\u0131yoruz. Se\u00e7im g\u00fcn\u00fc 24 saat esasl\u0131 olarak t\u00fcm arkada\u015flar\u0131m\u0131z sahada ve haz\u0131r olacak. Toplamda 7 bin 700 ki\u015fi ve 2 bin 800 ara\u00e7la se\u00e7im g\u00fcn\u00fc sahalarda ve n\u00f6bet yerlerinde bulunaca\u011f\u0131z&#8221; dedi.<\/p>\n<p>\u00c7al\u0131\u015fkan, T\u00fcrkiye genelinde 20 milyonun \u00fczerindeki n\u00fcfusa hizmet verdiklerini kaydederek, &#8220;Y\u00fcksek Se\u00e7im Kurulu (YSK) ve Enerji ve Tabii Kaynaklar Bakanl\u0131\u011f\u0131yla gerekli ileti\u015fimi sa\u011flad\u0131k, kendileriyle koordinasyon halinde belirlenen 3 da\u011f\u0131t\u0131m b\u00f6lgemizde 544 noktada gerekli tedbirleri ald\u0131k. Buralarda bak\u0131mlar\u0131m\u0131z\u0131 tamamlad\u0131k, gerekli olan bak\u0131mlar\u0131 yapt\u0131ktan sonra ayn\u0131 zamanda buralar\u0131 SCADA (Merkezi Uzaktan Kontrol ve Veri \u0130zleme) sistemi ile uzaktan kontrol edebiliyoruz. SCADA&#8217;lar\u0131n \u00e7al\u0131\u015f\u0131p \u00e7al\u0131\u015fmad\u0131\u011f\u0131na y\u00f6nelik en son elektronik testlerini tamamlad\u0131k&#8221; diye konu\u015ftu.<\/p>\n<p>YSK&#8217;n\u0131n belirledi\u011fi il se\u00e7im kurullar\u0131, oy toplama merkezleri, parti genel merkezleri ve g\u00fcmr\u00fckler, havaalanlar\u0131 gibi noktalarda da gerekli ilave tedbirleri ald\u0131klar\u0131n\u0131 dile getiren \u00c7al\u0131\u015fkan, &#8220;Emniyet Genel M\u00fcd\u00fcrl\u00fc\u011f\u00fcyle ileti\u015fim halindeyiz. Onlar da bize kolluk kuvveti olarak destek verecekler \u00e7\u00fcnk\u00fc bu merkezleri besleyen, da\u011f\u0131t\u0131m merkezlerimiz, indirici merkezler ile trafo binalar\u0131m\u0131zda da bu t\u00fcr tedbirleri de kendilerinin deste\u011fiyle al\u0131yoruz&#8221; dedi.<\/p>\n<p>Da\u011f\u0131t\u0131m b\u00f6lgesinde 1000&#8217;e yak\u0131n jenerat\u00f6r, \u015febekede s\u00fcreklili\u011fi sa\u011flayacak<\/p>\n<p>\u00c7al\u0131\u015fkan, elektrik \u015febekesinde s\u00fcreklili\u011fi sa\u011flamak i\u00e7in \u00e7e\u015fitli kapasitelerde yakla\u015f\u0131k 1000 jenerat\u00f6r temin ettiklerinin alt\u0131n\u0131 \u00e7izerek, bu jenerat\u00f6rlerle se\u00e7imin elektrik \u015febekesinde herhangi bir aksakl\u0131k ya\u015fanmadan ger\u00e7ekle\u015fmesi i\u00e7in \u00e7al\u0131\u015facaklar\u0131n\u0131 s\u00f6yledi.<\/p>\n<p>Deprem b\u00f6lgesindeki elektrik altyap\u0131s\u0131nda yapt\u0131klar\u0131 \u00e7al\u0131\u015fmalara da de\u011finen \u00c7al\u0131\u015fkan, Hatay ile Gaziantep&#8217;in \u0130slahiye ve Nurda\u011f\u0131 il\u00e7elerinde de \u015febekelerin sorunsuz \u00e7al\u0131\u015fabilmesi i\u00e7in buradaki konteynerlere enerji beslemelerini sa\u011flad\u0131klar\u0131n\u0131 s\u00f6yledi.<\/p>\n<p>Ola\u011fan d\u0131\u015f\u0131 durumlarda Mobil SCADA merkezi devreye girecek<\/p>\n<p>\u00c7al\u0131\u015fkan, binalardaki SCADA merkezlerinin ola\u011fan d\u0131\u015f\u0131 nedenlerden etkilenmeleri durumunda Mobil SCADA Kontrol Merkezi&#8217;ni kullanacaklar\u0131n\u0131 ifade etti.<\/p>\n<p>Bir otob\u00fcs i\u00e7ine kurulan SCADA kontrol merkezinin d\u00fcnyada ilk olma \u00f6zelli\u011fi ta\u015f\u0131d\u0131\u011f\u0131n\u0131 vurgulayan \u00c7al\u0131\u015fkan, binalar\u0131n afet veya ola\u011fan d\u0131\u015f\u0131 nedenlerden etkilenmeleri durumunda mobil merkezle \u015febekenin tamam\u0131n\u0131 izleyebileceklerini ve y\u00f6netebileceklerini dile getirdi.<\/p>\n<p>Ar\u0131zalara sahadan canl\u0131 ba\u011flant\u0131yla m\u00fcdahale ediliyor<\/p>\n<p>Ar\u0131zaya sahadaki ekiplerle canl\u0131 g\u00f6r\u00fcnt\u00fc \u00fczerinden m\u00fcdahale edilmesini sa\u011flayan &#8220;G\u00f6r\u00fcnt\u00fcl\u00fc Teyit Sistemi&#8221;ne de de\u011finen \u00c7al\u0131\u015fkan, se\u00e7im ya da afet durumlar\u0131nda, sahadaki ekiplerin yapt\u0131klar\u0131 bak\u0131mlar\u0131 ekrandan canl\u0131 olarak izleyebildiklerini aktard\u0131.<\/p>\n<p>S\u00f6z konusu sistemle se\u00e7im zaman\u0131nda sahada bulunan ekiplerin de canl\u0131 olarak izlenebilece\u011fini aktaran \u00c7al\u0131\u015fkan, &#8220;Bu cihazlar her \u00e7al\u0131\u015fan personelde bulunuyor. \u015eu anda ekiplerimizdeki arkada\u015flarda bu cihazlardan 5 bin 500 tane mevcut.&#8221; dedi.<\/p>\n<p>Enerjisa Da\u011f\u0131t\u0131m \u015eirketleri, Ba\u015fkent EDA\u015e ile Ankara, Bart\u0131n, \u00c7ank\u0131r\u0131, Karab\u00fck, Kastamonu, K\u0131r\u0131kkale ve Zonguldak\u2019ta, Ayeda\u015f ile \u0130stanbul Anadolu Yakas\u0131nda, Toroslar EDA\u015e ile Adana, Gaziantep, Hatay, Kilis, Mersin ve Osmaniye illerinde \u00e7al\u0131\u015fmalar\u0131n\u0131 s\u00fcrd\u00fcr\u00fcyor.<\/p>\n","protected":false},"excerpt":{"rendered":"<p>T\u00fcrkiye hafta sonu d\u00fczenlenecek Cumhurba\u015fkan\u0131 Se\u00e7imi ve 28. D\u00f6nem Milletvekili Genel Se\u00e7imine haz\u0131rlan\u0131rken, Enerjisa Da\u011f\u0131t\u0131m \u015eirketlerince faaliyet g\u00f6sterilen illerde se\u00e7im s\u00fcrecinde kullan\u0131lacak \u00f6nemli bina ve tesislerin elektrik alt yap\u0131s\u0131nda gerekli &hellip; <a href=\"https:\/\/akdenizolaygazetesi.com\/?p=25710\" class=\"more-link\">Devam\u0131n\u0131 Oku&#8230;<\/a><\/p>\n","protected":false},"author":2,"featured_media":25711,"comment_status":"open","ping_status":"open","sticky":false,"template":"","format":"standard","meta":[],"categories":[2,3,5],"tags":[],"_links":{"self":[{"href":"https:\/\/akdenizolaygazetesi.com\/index.php?rest_route=\/wp\/v2\/posts\/25710"}],"collection":[{"href":"https:\/\/akdenizolaygazetesi.com\/index.php?rest_route=\/wp\/v2\/posts"}],"about":[{"href":"https:\/\/akdenizolaygazetesi.com\/index.php?rest_route=\/wp\/v2\/types\/post"}],"author":[{"embeddable":true,"href":"https:\/\/akdenizolaygazetesi.com\/index.php?rest_route=\/wp\/v2\/users\/2"}],"replies":[{"embeddable":true,"href":"https:\/\/akdenizolaygazetesi.com\/index.php?rest_route=%2Fwp%2Fv2%2Fcomments&post=25710"}],"version-history":[{"count":1,"href":"https:\/\/akdenizolaygazetesi.com\/index.php?rest_route=\/wp\/v2\/posts\/25710\/revisions"}],"predecessor-version":[{"id":25712,"href":"https:\/\/akdenizolaygazetesi.com\/index.php?rest_route=\/wp\/v2\/posts\/25710\/revisions\/25712"}],"wp:featuredmedia":[{"embeddable":true,"href":"https:\/\/akdenizolaygazetesi.com\/index.php?rest_route=\/wp\/v2\/media\/25711"}],"wp:attachment":[{"href":"https:\/\/akdenizolaygazetesi.com\/index.php?rest_route=%2Fwp%2Fv2%2Fmedia&parent=25710"}],"wp:term":[{"taxonomy":"category","embeddable":true,"href":"https:\/\/akdenizolaygazetesi.com\/index.php?rest_route=%2Fwp%2Fv2%2Fcategories&post=25710"},{"taxonomy":"post_tag","embeddable":true,"href":"https:\/\/akdenizolaygazetesi.com\/index.php?rest_route=%2Fwp%2Fv2%2Ftags&post=25710"}],"curies":[{"name":"wp","href":"https:\/\/api.w.org\/{rel}","templated":true}]}}