{"id":25725,"date":"2023-05-11T13:27:52","date_gmt":"2023-05-11T10:27:52","guid":{"rendered":"http:\/\/akdenizolaygazetesi.com\/?p=25725"},"modified":"2023-05-11T13:27:52","modified_gmt":"2023-05-11T10:27:52","slug":"2022-yilinda-proje-ve-uluslararasi-yayin-sahibi-ogretim-elemanlari-duzenlenen-taltif-toreni-ile-tesekkur-belgelerini-aldi","status":"publish","type":"post","link":"https:\/\/akdenizolaygazetesi.com\/?p=25725","title":{"rendered":"2022 Y\u0131l\u0131nda Proje ve Uluslararas\u0131 Yay\u0131n Sahibi \u00d6\u011fretim Elemanlar\u0131 D\u00fczenlenen Taltif T\u00f6reni \u0130le Te\u015fekk\u00fcr Belgelerini Ald\u0131"},"content":{"rendered":"<p>2022 y\u0131l\u0131 i\u00e7erisinde proje ve uluslararas\u0131 indeksli dergilerde yay\u0131n\u0131 bulanan \u00f6\u011fretim elemanlar\u0131m\u0131za y\u00f6nelik d\u00fczenlenen &#8220;Taltif T\u00f6reni&#8221;, \u00dcniversitemiz Prof. Dr. U\u011fur Oral K\u00fclt\u00fcr Merkezinde 10 May\u0131s Sal\u0131 g\u00fcn\u00fc ger\u00e7ekle\u015ftirildi.<\/p>\n<p>T\u00f6rene, Rekt\u00f6r\u00fcm\u00fcz Prof. Dr. Erol Ya\u015far, Rekt\u00f6r Yard\u0131mc\u0131lar\u0131m\u0131z Prof. Dr. Mehmet \u0130smail Ya\u011fc\u0131, Prof. Dr. Ahmet Hakan \u00d6zt\u00fcrk ve Prof. Dr. Mehmet \u00c7a\u011fr\u0131 \u00c7etin, Rekt\u00f6r Dan\u0131\u015fmalar\u0131m\u0131z Prof. Dr. Ayla \u00d6zer, Prof. Dr. Tu\u011fba Yanpar Yelken, Prof. Dr. Erdal Baykan ve Prof. Dr. \u0130lker Fatih Kara ile fak\u00fclte, y\u00fcksekokul, meslek y\u00fcksekokulu ve di\u011fer birim y\u00f6neticileri, \u00e7ok say\u0131da akademik ve idari personel kat\u0131ld\u0131.<\/p>\n<p>Sayg\u0131 duru\u015funda bulunulmas\u0131 ve \u0130stiklal Mar\u015f\u0131m\u0131z\u0131n okunmas\u0131yla ba\u015flayan t\u00f6ren \u00dcniversitemiz Devlet Konservatuvar\u0131 \u00f6\u011fretim eleman\u0131 M\u00fcnif Akal\u0131n \u015fefli\u011finde \u00f6\u011frenci orkestram\u0131z\u0131n ger\u00e7ekle\u015ftirdi\u011fi m\u00fczik dinletisi ile devam etti <\/p>\n<p>T\u00f6rende konu\u015fan Rekt\u00f6r\u00fcm\u00fcz Prof. Dr. Erol Ya\u015far, Mersin \u00dcniversitesi ailesini bir arada g\u00f6rmekten dolay\u0131 \u00e7ok mutlu oldu\u011funu ifade ederek; &#8220;Tabi ki her \u015feyden \u00f6nce, ya\u015fad\u0131\u011f\u0131m\u0131z elim deprem felaketi nedeniyle kaybetti\u011fimiz vatanda\u015flar\u0131m\u0131z\u0131 bir kez daha rahmetle anarken; t\u00fcm vatanda\u015flar\u0131m\u0131za da ba\u015fsa\u011fl\u0131\u011f\u0131, sab\u0131r ve ge\u00e7mi\u015f olsun dileklerimi iletmek istiyorum.  Ya\u015fad\u0131\u011f\u0131m\u0131z bu s\u00fcre\u00e7 g\u00f6stermi\u015ftir ki; bilim ve ak\u0131l ile insano\u011flunun var olma \u00e7abas\u0131 ve m\u00fccadelesi, daima artarak devam edecektir. Bu \u00e7aba, bizleri daha iyiye ve daha g\u00fczele ula\u015fmam\u0131z konusunda zorlayan temel unsurlardan biridir. Bu bak\u0131mdan daha iyiye ve ileriye ula\u015fmak ad\u0131na yap\u0131lan en \u00f6nemli yat\u0131r\u0131m, insana yap\u0131lan yat\u0131r\u0131md\u0131r. \u0130nsana yap\u0131lan yat\u0131r\u0131m\u0131n temel amac\u0131 ise; Gazi Mustafa Kemal Atat\u00fcrk&#8217;\u00fcn s\u00f6z\u00fcnden hareketle, &#8220;Fikri H\u00fcr, Vicdan\u0131 H\u00fcr&#8221; bireyler yeti\u015ftirmektir.&#8221; dedi.<\/p>\n<p>&#8220;Akademik Ba\u015far\u0131y\u0131 G\u00f6r\u00fcn\u00fcr K\u0131lmak ve \u00c7al\u0131\u015fanlar\u0131m\u0131z\u0131 Akademik Katk\u0131lar\u0131ndan Dolay\u0131 Onurland\u0131rmak \u0130\u00e7in D\u00fczenli Olarak Taltif T\u00f6renleri D\u00fczenleyece\u011fiz&#8221; <\/p>\n<p>Bu ama\u00e7 do\u011frultusunda insan yeti\u015ftirme s\u00fcrecinde \u00fcniversitelere deyim yerindeyse hayati bir g\u00f6rev d\u00fc\u015ft\u00fc\u011f\u00fcn\u00fc belirten \u00dcniversitemiz Rekt\u00f6r\u00fc Prof. Dr. Erol Ya\u015far, &#8220;\u00dcniversiteler, bulundu\u011fu il ba\u015fta olmak \u00fczere, b\u00f6lgesi, \u00fclkesi ve insanl\u0131\u011f\u0131n bilimsel ve k\u00fclt\u00fcrel miras\u0131na katk\u0131lar sunmak gibi evrensel ama\u00e7lara hizmet eden kurumlard\u0131r. Bu ba\u011flamda, Mersin \u00dcniversitesinin; \u015fehrimiz ve b\u00f6lgemiz i\u00e7in bir lokomotif olma fonksiyonunun fark\u0131nda olarak, b\u00f6lgemizin geli\u015fimine nas\u0131l ve hangi alanlarda katk\u0131 sunabilece\u011fine ili\u015fkin s\u00fcrekli bir aray\u0131\u015f i\u00e7erisinde oldu\u011fumuzu ifade etmek isterim. Yine belirtmek isterim ki, bilginin ve akl\u0131n \u00fcss\u00fc olan \u00fcniversitemizi bu do\u011frultuda geli\u015ftirmek, liyakati esas alan ve performans\u0131 \u00f6d\u00fcllendiren bir \u00fcniversite k\u00fclt\u00fcr\u00fc yaratmak ve herkesin kendini de\u011ferli hissetti\u011fi bir \u00fcniversite ekosistemini olu\u015fturmak temel hedefimizdir.&#8221; \u015feklinde konu\u015ftu.<\/p>\n<p>\u00dcniversitemizin 1992 y\u0131l\u0131ndan bu yana personel ve fiziki imkanlar a\u00e7\u0131s\u0131ndan olduk\u00e7a b\u00fcy\u00fcd\u00fc\u011f\u00fcn\u00fc s\u00f6yleyen Rekt\u00f6r\u00fcm\u00fcz Prof. Dr. Erol Ya\u015far, &#8220;\u00dcniversitemizi t\u00fcm personelimizin deste\u011fiyle gelece\u011fe \u00e7ok daha g\u00fc\u00e7l\u00fc bir \u015fekilde ta\u015f\u0131yaca\u011f\u0131m\u0131za ve lay\u0131k oldu\u011fu yere ula\u015ft\u0131raca\u011f\u0131m\u0131za y\u00fcrekten inan\u0131yorum. Bundan sonra da akademik ba\u015far\u0131y\u0131 g\u00f6r\u00fcn\u00fcr k\u0131lmak ve \u00e7al\u0131\u015fanlar\u0131m\u0131z\u0131 akademik katk\u0131lar\u0131ndan dolay\u0131 onurland\u0131rmak i\u00e7in d\u00fczenli olarak taltif t\u00f6renlerimizi her y\u0131l\u0131n Aral\u0131k ay\u0131nda ger\u00e7ekle\u015ftirece\u011fiz. Bu t\u00f6renleri, \u015fahs\u0131m ad\u0131na sade akademik ba\u015far\u0131n\u0131n takdir edilmesi i\u00e7in de\u011fil; Mersin \u00dcniversitesi Ailesi olarak bir araya gelmemiz a\u00e7\u0131s\u0131ndan da \u00f6nemli merasimler olarak g\u00f6r\u00fcyorum. Bu vesile ile katk\u0131lar\u0131ndan dolay\u0131 bir kez daha Mersin \u00dcniversitesi Ailesine te\u015fekk\u00fcrlerimi sunarken, taltif t\u00f6reninde belge alan t\u00fcm \u00f6\u011fretim elemanlar\u0131m\u0131z\u0131 en i\u00e7ten duygular\u0131mla kutluyorum.&#8221; ifadelerini kulland\u0131.<\/p>\n<p>Rekt\u00f6r\u00fcm\u00fcz Prof. Dr. Erol Ya\u015far&#8217;\u0131n konu\u015fmalar\u0131n\u0131n ard\u0131ndan t\u00f6ren kapsam\u0131nda; 2022 y\u0131l\u0131 i\u00e7erisinde tamamlanm\u0131\u015f uluslararas\u0131 ve ulusal projelerde g\u00f6rev alan \u00f6\u011fretim elemanlar\u0131m\u0131za ve \u00f6\u011frencilerimize, uluslararas\u0131 bilimsel dergilerde yay\u0131n\u0131 bulunan ve \u00fcniversitemizin \u00e7e\u015fitli birimlerinde \u00fcst d\u00fczey y\u00f6neticilik yapan \u00f6\u011fretim elemanlar\u0131m\u0131za, uluslararas\u0131 bilimsel dergilerde yay\u0131n\u0131 bulunan \u00f6\u011fretim elemanlar\u0131m\u0131za, akademik y\u00fckselme ger\u00e7ekle\u015ftiren ve atanan \u00f6\u011fretim \u00fcyelerine ve yine 2022 y\u0131l\u0131nda emekli olan akademik ve idari personelimize plaket takdimi ger\u00e7ekle\u015ftirildi.<\/p>\n<p>2022 y\u0131l\u0131 Akademik Taltif T\u00f6reni, d\u00fczenlenen kokteyl sonras\u0131nda sona erdi.<\/p>\n","protected":false},"excerpt":{"rendered":"<p>2022 y\u0131l\u0131 i\u00e7erisinde proje ve uluslararas\u0131 indeksli dergilerde yay\u0131n\u0131 bulanan \u00f6\u011fretim elemanlar\u0131m\u0131za y\u00f6nelik d\u00fczenlenen &#8220;Taltif T\u00f6reni&#8221;, \u00dcniversitemiz Prof. Dr. U\u011fur Oral K\u00fclt\u00fcr Merkezinde 10 May\u0131s Sal\u0131 g\u00fcn\u00fc ger\u00e7ekle\u015ftirildi. T\u00f6rene, Rekt\u00f6r\u00fcm\u00fcz &hellip; <a href=\"https:\/\/akdenizolaygazetesi.com\/?p=25725\" class=\"more-link\">Devam\u0131n\u0131 Oku&#8230;<\/a><\/p>\n","protected":false},"author":2,"featured_media":25726,"comment_status":"open","ping_status":"open","sticky":false,"template":"","format":"standard","meta":[],"categories":[2,3],"tags":[],"_links":{"self":[{"href":"https:\/\/akdenizolaygazetesi.com\/index.php?rest_route=\/wp\/v2\/posts\/25725"}],"collection":[{"href":"https:\/\/akdenizolaygazetesi.com\/index.php?rest_route=\/wp\/v2\/posts"}],"about":[{"href":"https:\/\/akdenizolaygazetesi.com\/index.php?rest_route=\/wp\/v2\/types\/post"}],"author":[{"embeddable":true,"href":"https:\/\/akdenizolaygazetesi.com\/index.php?rest_route=\/wp\/v2\/users\/2"}],"replies":[{"embeddable":true,"href":"https:\/\/akdenizolaygazetesi.com\/index.php?rest_route=%2Fwp%2Fv2%2Fcomments&post=25725"}],"version-history":[{"count":1,"href":"https:\/\/akdenizolaygazetesi.com\/index.php?rest_route=\/wp\/v2\/posts\/25725\/revisions"}],"predecessor-version":[{"id":25727,"href":"https:\/\/akdenizolaygazetesi.com\/index.php?rest_route=\/wp\/v2\/posts\/25725\/revisions\/25727"}],"wp:featuredmedia":[{"embeddable":true,"href":"https:\/\/akdenizolaygazetesi.com\/index.php?rest_route=\/wp\/v2\/media\/25726"}],"wp:attachment":[{"href":"https:\/\/akdenizolaygazetesi.com\/index.php?rest_route=%2Fwp%2Fv2%2Fmedia&parent=25725"}],"wp:term":[{"taxonomy":"category","embeddable":true,"href":"https:\/\/akdenizolaygazetesi.com\/index.php?rest_route=%2Fwp%2Fv2%2Fcategories&post=25725"},{"taxonomy":"post_tag","embeddable":true,"href":"https:\/\/akdenizolaygazetesi.com\/index.php?rest_route=%2Fwp%2Fv2%2Ftags&post=25725"}],"curies":[{"name":"wp","href":"https:\/\/api.w.org\/{rel}","templated":true}]}}