{"id":25737,"date":"2023-05-12T12:23:08","date_gmt":"2023-05-12T09:23:08","guid":{"rendered":"http:\/\/akdenizolaygazetesi.com\/?p=25737"},"modified":"2023-05-12T12:23:08","modified_gmt":"2023-05-12T09:23:08","slug":"milli-egitim-bakanligimizdan-gonullu-ogretmenlerimize-plaket","status":"publish","type":"post","link":"https:\/\/akdenizolaygazetesi.com\/?p=25737","title":{"rendered":"M\u0130LL\u0130 E\u011e\u0130T\u0130M BAKANLI\u011eIMIZDAN G\u00d6N\u00dcLL\u00dc \u00d6\u011eRETMENLER\u0130M\u0130ZE PLAKET"},"content":{"rendered":"<p>\u0130l Milli E\u011fitim M\u00fcd\u00fcrl\u00fc\u011f\u00fcm\u00fcze ba\u011fl\u0131 kurum ve okullarda g\u00f6rev yapan 253 g\u00f6n\u00fcll\u00fc personel ve \u00f6\u011fretmenimize; Suphi \u00d6ner \u00d6\u011fretmen Evi&#8217;nde d\u00fczenlenen t\u00f6renle Asr\u0131n Felaketinde arama kurtarma-, \u00e7ad\u0131r kurma,  yard\u0131mlar\u0131n tasnif ve da\u011f\u0131t\u0131m\u0131, \u00e7ad\u0131r y\u00f6netimi konular\u0131nda yapm\u0131\u015f olduklar\u0131 \u00f6zverili \u00e7al\u0131\u015fmalardan dolay\u0131 Milli E\u011fitim Bakanl\u0131\u011f\u0131m\u0131z taraf\u0131ndan g\u00f6nderilen plaketler, \u0130l Milli E\u011fitim M\u00fcd\u00fcr\u00fcm\u00fcz Say\u0131n Adem KOCA taraf\u0131ndan takdim edildi.<\/p>\n<p>\u0130l Milli E\u011fitim M\u00fcd\u00fcr\u00fcm\u00fcz Say\u0131n Adem KOCA, &#8220;06 \u015eubat 2023 tarihinde millet\u00e7e ya\u015fad\u0131\u011f\u0131m\u0131z elim afette yaralar\u0131 sarmak i\u00e7in devletimiz ve milletimizle omuz omuza verdik. Milli E\u011fitim camiam\u0131z personeliyle, \u00f6\u011fretmeniyle sahada ihtiya\u00e7 duyulan her alanda devletimizin ve milletimizin yan\u0131nda oldu. Milli E\u011fitim Bakanl\u0131\u011f\u0131m\u0131z taraf\u0131ndan, Asr\u0131n Felaketi&#8217; nde g\u00f6n\u00fcll\u00fc olan personel ve \u00f6\u011fretmenlerimize te\u015fekk\u00fcr\u00fcn\u00fcn bir ifadesi olarak haz\u0131rlanan bu plaketleri \u00e7ok k\u0131ymetli meslekta\u015flar\u0131ma takdim etmekten onur duyuyorum. Milletini hi\u00e7bir ko\u015fulda yaln\u0131z b\u0131rakmayan t\u00fcm meslekta\u015flar\u0131ma, personelimize en kalbi duygular\u0131mla bir kez daha te\u015fekk\u00fcr ediyorum. Biz birlik olduk\u00e7a her t\u00fcrl\u00fc zorlu\u011fun \u00fcstesinden gelebilir, en zorlu ko\u015fullarda bile \u00fclkemizi aya\u011fa kald\u0131rabiliriz. Allah milletimize bir daha b\u00f6yle bir ac\u0131 ya\u015fatmas\u0131n, birli\u011fimize dirli\u011fimize zeval vermesin.&#8221; dedi.<\/p>\n","protected":false},"excerpt":{"rendered":"<p>\u0130l Milli E\u011fitim M\u00fcd\u00fcrl\u00fc\u011f\u00fcm\u00fcze ba\u011fl\u0131 kurum ve okullarda g\u00f6rev yapan 253 g\u00f6n\u00fcll\u00fc personel ve \u00f6\u011fretmenimize; Suphi \u00d6ner \u00d6\u011fretmen Evi&#8217;nde d\u00fczenlenen t\u00f6renle Asr\u0131n Felaketinde arama kurtarma-, \u00e7ad\u0131r kurma, yard\u0131mlar\u0131n tasnif ve &hellip; <a href=\"https:\/\/akdenizolaygazetesi.com\/?p=25737\" class=\"more-link\">Devam\u0131n\u0131 Oku&#8230;<\/a><\/p>\n","protected":false},"author":2,"featured_media":25738,"comment_status":"open","ping_status":"open","sticky":false,"template":"","format":"standard","meta":[],"categories":[2,3],"tags":[],"_links":{"self":[{"href":"https:\/\/akdenizolaygazetesi.com\/index.php?rest_route=\/wp\/v2\/posts\/25737"}],"collection":[{"href":"https:\/\/akdenizolaygazetesi.com\/index.php?rest_route=\/wp\/v2\/posts"}],"about":[{"href":"https:\/\/akdenizolaygazetesi.com\/index.php?rest_route=\/wp\/v2\/types\/post"}],"author":[{"embeddable":true,"href":"https:\/\/akdenizolaygazetesi.com\/index.php?rest_route=\/wp\/v2\/users\/2"}],"replies":[{"embeddable":true,"href":"https:\/\/akdenizolaygazetesi.com\/index.php?rest_route=%2Fwp%2Fv2%2Fcomments&post=25737"}],"version-history":[{"count":1,"href":"https:\/\/akdenizolaygazetesi.com\/index.php?rest_route=\/wp\/v2\/posts\/25737\/revisions"}],"predecessor-version":[{"id":25739,"href":"https:\/\/akdenizolaygazetesi.com\/index.php?rest_route=\/wp\/v2\/posts\/25737\/revisions\/25739"}],"wp:featuredmedia":[{"embeddable":true,"href":"https:\/\/akdenizolaygazetesi.com\/index.php?rest_route=\/wp\/v2\/media\/25738"}],"wp:attachment":[{"href":"https:\/\/akdenizolaygazetesi.com\/index.php?rest_route=%2Fwp%2Fv2%2Fmedia&parent=25737"}],"wp:term":[{"taxonomy":"category","embeddable":true,"href":"https:\/\/akdenizolaygazetesi.com\/index.php?rest_route=%2Fwp%2Fv2%2Fcategories&post=25737"},{"taxonomy":"post_tag","embeddable":true,"href":"https:\/\/akdenizolaygazetesi.com\/index.php?rest_route=%2Fwp%2Fv2%2Ftags&post=25737"}],"curies":[{"name":"wp","href":"https:\/\/api.w.org\/{rel}","templated":true}]}}