{"id":25740,"date":"2023-05-12T12:44:22","date_gmt":"2023-05-12T09:44:22","guid":{"rendered":"http:\/\/akdenizolaygazetesi.com\/?p=25740"},"modified":"2023-05-12T12:44:22","modified_gmt":"2023-05-12T09:44:22","slug":"toroslar-belediyesinden-ilkokula-baslayacak-cocuklara-metropolitan-testi","status":"publish","type":"post","link":"https:\/\/akdenizolaygazetesi.com\/?p=25740","title":{"rendered":"TOROSLAR BELED\u0130YES\u0130NDEN, \u0130LKOKULA BA\u015eLAYACAK \u00c7OCUKLARA &#8220;METROPOL\u0130TAN TEST\u0130&#8221;"},"content":{"rendered":"<p>Toroslar Belediyesi, ilkokula ba\u015flayacak olan \u00e7ocuklara y\u00f6nelik her y\u0131l \u00fccretsiz uygulad\u0131\u011f\u0131 &#8220;Metropolitan Okul Olgunlu\u011fu Testi&#8217;ni&#8221; bu y\u0131l da ba\u015flatt\u0131.<\/p>\n<p>Toroslar Belediye Ba\u015fkan\u0131 Ats\u0131z Af\u015f\u0131n Y\u0131lmaz; &#8220;\u00c7ocuklar\u0131m\u0131z bizim gelece\u011fimiz. Onlar\u0131n e\u011fitim hayatlar\u0131na katk\u0131da bulunmaya devam edece\u011fiz&#8221; dedi.<\/p>\n<p>\u00c7OCU\u011eUM OKULA HAZIR MI?<\/p>\n<p>Toroslar Kad\u0131n ve \u00c7ocuk Dan\u0131\u015fma Merkezi&#8217;nin alan\u0131nda uzman psikologlar\u0131 taraf\u0131ndan 5-6 ya\u015f grubundaki \u00e7ocuklara birebir uygulanan test ile \u00e7ocuklar\u0131n\u0131n okula haz\u0131r olup olmad\u0131\u011f\u0131n\u0131 merak eden ebeveynlere destek veriliyor.<\/p>\n<p>Belediye psikologlar\u0131, il\u00e7enin e\u011fitim kurumlar\u0131ndan Mevlana Anaokulu&#8217;nun minik \u00f6\u011frencileriyle bir araya gelerek, Metropolitan Okul Olgunlu\u011fu Testi&#8217;ni uygulad\u0131.<\/p>\n<p>\u00c7ocuklar\u0131n\u0131n okul i\u00e7in gereken olgunlu\u011fa ne \u00f6l\u00e7\u00fcde haz\u0131r oldu\u011funu merak eden aileler, Yunus Emre K\u00fclt\u00fcr Merkezi&#8217;nde bulunan Toroslar Kad\u0131n ve \u00c7ocuk Dan\u0131\u015fma Merkezi&#8217;ne ba\u015fvurabilirler.<\/p>\n<p>BA\u015eKAN YILMAZ; &#8220;\u00c7OCUKLARIMIZ, EN KIYMETL\u0130LER\u0130M\u0130Z&#8221;<\/p>\n<p>Toroslar Belediye Ba\u015fkan\u0131 Ats\u0131z Af\u015f\u0131n Y\u0131lmaz, \u00e7ocuklar\u0131 gelece\u011fe haz\u0131rlayacak \u00e7al\u0131\u015fmalara \u00f6nem verdiklerini belirterek; &#8220;Gelece\u011fimizin umudu olan \u00e7ocuklar\u0131m\u0131z\u0131n e\u011fitim s\u00fcre\u00e7lerini, geli\u015fimlerini \u00f6nemsiyoruz. Onlar\u0131n yan\u0131nda olmaya devam edece\u011fiz. \u00c7ocuklar\u0131n\u0131n ilkokula haz\u0131r olup olmad\u0131\u011f\u0131n\u0131 merak eden aileler, Toroslar Kad\u0131n ve \u00c7ocuk Dan\u0131\u015fma Merkezimizdeki uzman psikologlar\u0131m\u0131zla g\u00f6r\u00fc\u015febilirler&#8221; diye konu\u015ftu.<\/p>\n","protected":false},"excerpt":{"rendered":"<p>Toroslar Belediyesi, ilkokula ba\u015flayacak olan \u00e7ocuklara y\u00f6nelik her y\u0131l \u00fccretsiz uygulad\u0131\u011f\u0131 &#8220;Metropolitan Okul Olgunlu\u011fu Testi&#8217;ni&#8221; bu y\u0131l da ba\u015flatt\u0131. Toroslar Belediye Ba\u015fkan\u0131 Ats\u0131z Af\u015f\u0131n Y\u0131lmaz; &#8220;\u00c7ocuklar\u0131m\u0131z bizim gelece\u011fimiz. Onlar\u0131n e\u011fitim &hellip; <a href=\"https:\/\/akdenizolaygazetesi.com\/?p=25740\" class=\"more-link\">Devam\u0131n\u0131 Oku&#8230;<\/a><\/p>\n","protected":false},"author":2,"featured_media":25741,"comment_status":"open","ping_status":"open","sticky":false,"template":"","format":"standard","meta":[],"categories":[2,3,5],"tags":[],"_links":{"self":[{"href":"https:\/\/akdenizolaygazetesi.com\/index.php?rest_route=\/wp\/v2\/posts\/25740"}],"collection":[{"href":"https:\/\/akdenizolaygazetesi.com\/index.php?rest_route=\/wp\/v2\/posts"}],"about":[{"href":"https:\/\/akdenizolaygazetesi.com\/index.php?rest_route=\/wp\/v2\/types\/post"}],"author":[{"embeddable":true,"href":"https:\/\/akdenizolaygazetesi.com\/index.php?rest_route=\/wp\/v2\/users\/2"}],"replies":[{"embeddable":true,"href":"https:\/\/akdenizolaygazetesi.com\/index.php?rest_route=%2Fwp%2Fv2%2Fcomments&post=25740"}],"version-history":[{"count":1,"href":"https:\/\/akdenizolaygazetesi.com\/index.php?rest_route=\/wp\/v2\/posts\/25740\/revisions"}],"predecessor-version":[{"id":25742,"href":"https:\/\/akdenizolaygazetesi.com\/index.php?rest_route=\/wp\/v2\/posts\/25740\/revisions\/25742"}],"wp:featuredmedia":[{"embeddable":true,"href":"https:\/\/akdenizolaygazetesi.com\/index.php?rest_route=\/wp\/v2\/media\/25741"}],"wp:attachment":[{"href":"https:\/\/akdenizolaygazetesi.com\/index.php?rest_route=%2Fwp%2Fv2%2Fmedia&parent=25740"}],"wp:term":[{"taxonomy":"category","embeddable":true,"href":"https:\/\/akdenizolaygazetesi.com\/index.php?rest_route=%2Fwp%2Fv2%2Fcategories&post=25740"},{"taxonomy":"post_tag","embeddable":true,"href":"https:\/\/akdenizolaygazetesi.com\/index.php?rest_route=%2Fwp%2Fv2%2Ftags&post=25740"}],"curies":[{"name":"wp","href":"https:\/\/api.w.org\/{rel}","templated":true}]}}