{"id":25743,"date":"2023-05-12T12:45:44","date_gmt":"2023-05-12T09:45:44","guid":{"rendered":"http:\/\/akdenizolaygazetesi.com\/?p=25743"},"modified":"2023-05-12T12:45:44","modified_gmt":"2023-05-12T09:45:44","slug":"baskan-secer-bir-iktidar-21-yildan-sonra-umut-olamaz","status":"publish","type":"post","link":"https:\/\/akdenizolaygazetesi.com\/?p=25743","title":{"rendered":"BA\u015eKAN SE\u00c7ER: &#8220;B\u0130R \u0130KT\u0130DAR 21 YILDAN SONRA UMUT OLAMAZ&#8221;"},"content":{"rendered":"<p>Mersin B\u00fcy\u00fck\u015fehir Belediye Ba\u015fkan\u0131 Vahap Se\u00e7er, Mersin Mu\u015flular Derne\u011fi&#8217;ni ziyaret etti. Ziyarette Ba\u015fkan Se\u00e7er&#8217;in yan\u0131 s\u0131ra Cumhuriyet Halk Partisi (CHP) Toroslar \u0130l\u00e7e Ba\u015fkan\u0131 Cumali Akba\u015f, CHP B\u00fcy\u00fck\u015fehir Belediyesi Meclis \u00dcyesi Hasan \u00d6zalp \u00d6nal, Mersin Milletvekili Aday\u0131 G\u00fclcan K\u0131\u015f ve Emre Y\u0131lmaz dernek \u00fcyeleri, Mu\u015flu vatanda\u015flar ve Muhtarlar yer ald\u0131.<\/p>\n<p>Mu\u015f \u0130li ve \u0130l\u00e7eleri Yard\u0131mla\u015fma ve Dayan\u0131\u015fma Derne\u011fi&#8217;ne daha \u00f6nce de geldi\u011fini belirten Ba\u015fkan Se\u00e7er, o zamanlar Mu\u015flular\u0131n siyasete, mevcut iktidara ve oy verdikleri partiye bak\u0131\u015flar\u0131n\u0131n \u015fu ankinden farkl\u0131 oldu\u011funu belirterek, &#8220;\u00d6zellikle son birka\u00e7 y\u0131ld\u0131r bir de\u011fi\u015fim g\u00f6rd\u00fc\u011f\u00fcm\u00fc s\u00f6yleyebilirim&#8221; dedi.<\/p>\n<p>&#8220;Siyasette; dini, inanc\u0131, milliyeti, milliyet\u00e7ili\u011fi kullanmak do\u011fru de\u011fil&#8221;<br \/>\nMersin&#8217;de ya\u015fanan de\u011fi\u015fimin T\u00fcrkiye genelinde de ya\u015fanmas\u0131 gerekti\u011fini belirten Ba\u015fkan Se\u00e7er, g\u00f6rev s\u00fcreleri boyunca ayr\u0131mc\u0131l\u0131k yapmad\u0131klar\u0131n\u0131n alt\u0131n\u0131 \u00e7izdi. Siyasette hem\u015fericilik yapman\u0131n do\u011fru olmad\u0131\u011f\u0131n\u0131 belirten Se\u00e7er, &#8220;Siyasette; dini, inanc\u0131, milliyeti, milliyet\u00e7ili\u011fi kullanmak do\u011fru de\u011fil&#8221; diye konu\u015ftu. Mersin&#8217;in farkl\u0131 nedenlerle kente g\u00f6\u00e7 edenlerle b\u00fcy\u00fcd\u00fc\u011f\u00fcn\u00fc ifade eden Ba\u015fkan Se\u00e7er, &#8220;Burada  milliyet\u00e7ilik taslayamay\u0131z. Etnik milliyet\u00e7ili\u011fi do\u011fru bulmam. Bir belediye ba\u015fkan\u0131n\u0131n milliyet\u00e7ilik yapmas\u0131, K\u00fcrd\u00fc, T\u00fcrk\u00fc Arab\u0131, \u00c7erkesi ay\u0131rmas\u0131, mezhep ayr\u0131m\u0131 yapmas\u0131 ho\u015funuza gider mi? Gitmez. CHP&#8217;li Belediye Ba\u015fkan\u0131 bunu Mersin&#8217;de yapm\u0131yorsa, T\u00fcrkiye&#8217;de de se\u00e7ece\u011fimiz CHP&#8217;nin Genel Ba\u015fkan\u0131 hi\u00e7 yapmaz&#8221; dedi.<\/p>\n<p>Ba\u015fkan Se\u00e7er, CHP Genel Ba\u015fkan\u0131 Kemal K\u0131l\u0131\u00e7daro\u011flu&#8217;nun ayr\u0131mc\u0131l\u0131k yap\u0131lmamas\u0131 ve kul hakk\u0131na tenezz\u00fcl edilmemesi do\u011frultusunda 2 \u00f6nemli nasihat\u0131 oldu\u011funu hat\u0131rlatarak, vatanda\u015flar\u0131n, 14 May\u0131s&#8217;ta sand\u0131\u011fa giderek ho\u015funa gitmeyen \u015feyleri de\u011fi\u015ftirmesi gerekti\u011fini s\u00f6yledi.<\/p>\n<p>&#8220;Millet k\u00f6r, sa\u011f\u0131r, cahil de\u011fil. Bir de\u011fi\u015fime ihtiya\u00e7 var&#8221;<br \/>\nAyr\u0131mc\u0131l\u0131k yap\u0131lmas\u0131ndan son derece rahats\u0131z oldu\u011funu ifade eden Ba\u015fkan Se\u00e7er, &#8220;\u0130nsanlar\u0131n a\u015fa\u011f\u0131lanmas\u0131ndan, insanlara hayk\u0131r\u0131lmas\u0131ndan, \u00e7emkirmesinden, parmak sallanmas\u0131ndan, hakaret edilmesinden \u00e7ok rahats\u0131z\u0131m. B\u00f6yle siyaset olmaz. Yolsuzluk, israf, \u00e7ok ciddi iddialar var. Millet k\u00f6r, sa\u011f\u0131r, cahil de\u011fil. Bir de\u011fi\u015fime ihtiya\u00e7 var&#8221; diye konu\u015ftu.<\/p>\n<p>31 Mart se\u00e7imlerinin ard\u0131ndan insanlar\u0131n CHP&#8217;li belediyelerin ne kadar do\u011fru hizmetler ger\u00e7ekle\u015ftirdi\u011fini g\u00f6rd\u00fc\u011f\u00fcn\u00fc s\u00f6yleyen Ba\u015fkan Se\u00e7er, kimsenin CHP&#8217;den ve Millet \u0130ttifak\u0131 Cumhurba\u015fkan\u0131 Aday\u0131 Kemal K\u0131l\u0131\u00e7daro\u011flu&#8217;ndan yana endi\u015fesi olmamas\u0131 gerekti\u011fini kaydetti. Se\u00e7er, &#8220;Bir\u00e7o\u011funuz bug\u00fcne kadar CHP&#8217;ye oy vermemi\u015f olabilirsiniz. Ama sizlerde g\u00f6rd\u00fcn\u00fcz ki CHP&#8217;liler insanlar\u0131 seviyor, say\u0131yor, hizmet etmek i\u00e7in gecesini g\u00fcnd\u00fcz\u00fcne kat\u0131yor. Bunu; Mersin&#8217;de \u0130stanbul&#8217;da, Adana&#8217;da, Ankara&#8217;da, Antalya&#8217;da.. Her yerde g\u00f6rd\u00fcn\u00fcz. Emin olabilirsiniz ki T\u00fcrkiye&#8217;yi de bu \u015fekilde y\u00f6netece\u011fiz, hizmet edece\u011fiz&#8221; \u015feklinde konu\u015ftu.<\/p>\n<p>&#8220;Vatan\u0131n\u0131 seven adam kul hakk\u0131 yemez, israf etmez, huzuru bozmaz&#8221;<br \/>\nBelediye Ba\u015fkan\u0131 olarak bir\u00e7ok engelleme ve tuzaklarla kar\u015f\u0131la\u015ft\u0131\u011f\u0131n\u0131 ancak hi\u00e7bir zaman halk\u0131n kar\u015f\u0131s\u0131na ge\u00e7ip &#8216;Param\u0131z, pulumuz yok. Engelleniyoruz, hizmet yapam\u0131yoruz&#8217; diye serzeni\u015fte bulunmad\u0131\u011f\u0131n\u0131 dile getiren Ba\u015fkan Se\u00e7er, &#8220;Sanki benden fazla vatan\u0131 seviyorlar, benden fazla milliyet\u00e7iler. Ya arkada\u015f b\u0131rak\u0131n bu i\u015fleri. Vatan\u0131n\u0131 seven adam kul hakk\u0131 yemez, israf etmez, 85 milyonda ayr\u0131m yapmaz, huzuru bozmaz. Hi\u00e7bir \u015feyden \u00e7ekinmedik d\u00fc\u015f\u00fcncelerimizi s\u00f6yledik, kimseye hakaret etmeden s\u00f6yledik&#8221; ifadelerini kulland\u0131.<\/p>\n<p>&#8220;Bir iktidar 21 y\u0131ldan sonra umut olamaz&#8221;<br \/>\nT\u00fcrkiye&#8217;de tak\u0131m tutarcas\u0131na siyasi parti taraftarl\u0131\u011f\u0131 yap\u0131ld\u0131\u011f\u0131na ve bunun yanl\u0131\u015f oldu\u011funa dikkat \u00e7eken Se\u00e7er, \u015funlar\u0131 kaydetti:<br \/>\n&#8220;Bu se\u00e7imde farkl\u0131 bir tercih yapmak T\u00fcrkiye&#8217;nin \u00f6n\u00fcn\u00fc a\u00e7mak laz\u0131m. 21 y\u0131l \u00e7ok uzun s\u00fcre, 21 y\u0131lda hangi iktidar olursa olsun yapabilece\u011fini yapard\u0131. Bir iktidar 21 y\u0131ldan sonra umut olamaz. Biz b\u00fct\u00fcnle\u015ftirece\u011fiz. Hi\u00e7 kimse CHP&#8217;den daha vatansever de\u011fildir. B\u00f6yle bir yar\u0131\u015f\u0131 da reddederiz. Herkes vatan\u0131n\u0131 sever. Onun i\u00e7in 14 May\u0131s&#8217;ta sand\u0131\u011fa gitti\u011finizde ba\u015fkan\u0131n\u0131z olarak sizden \u015funu istiyorum; akl\u0131n\u0131z\u0131, fikrinizi, zekan\u0131z\u0131 ve vicdan\u0131n\u0131z\u0131 i\u015fletin, g\u00f6t\u00fcr\u00fcn oyunuzu verin. Mersin&#8217;de CHP&#8217;li bir belediye y\u00f6netimi var. Biz neysek, sizlere nas\u0131l muamele ediyorsak, Genel Ba\u015fkan\u0131m\u0131z ya da CHP&#8217;li bir bakan\u0131n tavr\u0131, davran\u0131\u015f\u0131 ayn\u0131 olacakt\u0131r. Bunun da garantisi biziz.&#8221;<\/p>\n<p>K\u0131\u015f: &#8220;\u00dclkemizi nas\u0131l bir zihniyetle y\u00f6netece\u011fimizi 4 y\u0131lda sizlere g\u00f6stermek istedik&#8221;<br \/>\nCHP Mersin Milletvekili Aday\u0131 G\u00fclcan K\u0131\u015f, Mersin&#8217;in g\u00f6\u00e7lerle kurulan ve b\u00fcy\u00fcyen bir kent oldu\u011funu belirterek, kozmopolit yap\u0131s\u0131na dikkat \u00e7ekti. K\u0131\u015f, &#8220;Farkl\u0131l\u0131klar\u0131m\u0131z bir dinamizm ve de\u011fer kazand\u0131r\u0131yor. Bunlar\u0131 korudu\u011fumuz s\u00fcrece emin olun o \u015fehrin huzuru, mutlulu\u011fu ebedi olarak devam edecektir. Biz bunu Mersin B\u00fcy\u00fck\u015fehir Belediye Ba\u015fkan\u0131m Vahap Se\u00e7er&#8217;in \u00f6nc\u00fcl\u00fc\u011f\u00fcnde Mersin&#8217;de yaratmaya \u00e7al\u0131\u015ft\u0131\u011f\u0131m\u0131z huzuru ve mutlulu\u011fu, birlik ve beraberli\u011fi, ayr\u0131\u015ft\u0131rmadan, \u00f6tekile\u015ftirmeden, her yere e\u015fit hizmet g\u00f6t\u00fcrme k\u00fclt\u00fcr\u00fcn\u00fc, \u00fclkemizi nas\u0131l bir zihniyetle y\u00f6netece\u011fimizi 4 y\u0131lda sizlere g\u00f6stermek istedik&#8221; dedi.<\/p>\n<p>Y\u0131lmaz: &#8220;14 May\u0131sta yeni bir hikayenin ba\u015flang\u0131c\u0131n\u0131 yapmak istiyoruz&#8221;<br \/>\nCHP Parti Meclisi \u00dcyesi ve Mersin Milletvekili Aday\u0131 Emre Y\u0131lmaz ise konu\u015fmas\u0131nda 31 Mart se\u00e7imlerinde Mersin&#8217;e bahar\u0131 getirdiklerini, bu hikayenin 14 May\u0131s&#8217;ta da devam etmesini istediklerini s\u00f6yledi. Y\u0131lmaz, &#8220;Mersinde g\u00f6rd\u00fc\u011f\u00fcn\u00fcz \u00fczere yine hi\u00e7bir ayr\u0131m g\u00f6zetmeksizin her yer hizmet al\u0131yor. Bizler bu hikayenin devam\u0131 olarak 14 May\u0131sta yeni bir hikayenin ba\u015flang\u0131c\u0131n\u0131 yapmak istiyoruz. Say\u0131n Genel Ba\u015fkan\u0131m\u0131z 13. Cumhurba\u015fkan\u0131 Aday\u0131m\u0131z Kemal K\u0131l\u0131\u00e7daro\u011flu, bir yuvarlak masa etraf\u0131nda T\u00fcrkiye&#8217;nin t\u00fcm renklerini, t\u00fcm gruplar\u0131n\u0131n temsiliyetini temsil ediyor. Sizlerin de kendisini o masada hissedece\u011fi, birbirimizle kavga etmeden, tart\u0131\u015fmadan, bir arada ya\u015famay\u0131 savundu\u011fumuz bir hikaye yazmak istiyoruz bundan sonraki s\u00fcre\u00e7te. \u0130\u015fte bu sebeple sizlerin de 14 May\u0131s&#8217;ta yeni bir bahara destek olman\u0131z\u0131 istiyoruz&#8221; ifadelerini kulland\u0131.<\/p>\n<p>Mersin B\u00fcy\u00fck\u015fehir Belediyesi Meclis \u00dcyesi Hasan \u00d6zalp \u00d6nal&#8217;da Ba\u015fkan Se\u00e7er&#8217;in Mersin&#8217;in her yerine e\u015fit hizmet verdi\u011fine vurgu yaparak &#8220;Mersin gibi bir T\u00fcrkiye istiyorsak, T\u00fcrkiye&#8217;nin Mersin gibi y\u00f6netilmesini istiyorsak Say\u0131n Vahap Ba\u015fkan\u0131m nezdinde CHP&#8217;ye ve Kemal K\u0131l\u0131\u00e7daro\u011flu&#8217;na oy istiyoruz&#8221; dedi.<\/p>\n<p>Mu\u015f \u0130li ve \u0130l\u00e7eleri Yard\u0131mla\u015fma ve Dayan\u0131\u015fma Derne\u011fi Ba\u015fkan\u0131 Necat \u00d6zkan ise, Ba\u015fkan Vahap se\u00e7er&#8217;in Mu\u015flulara her zaman destek oldu\u011funu belirterek &#8220;B\u00fcy\u00fck\u015fehir Belediye olarak vermi\u015f olduklar\u0131 bu destekten dolay\u0131 te\u015fekk\u00fcr ediyorum. B\u00fct\u00fcn arkada\u015flar\u0131m\u0131z bilir, ben dernekte hi\u00e7bir siyasi partiye destek istemedim. Ama bizlere verilen hakk\u0131n kar\u015f\u0131l\u0131\u011f\u0131n\u0131 da vermenizi istiyorum&#8221; diye konu\u015ftu. <\/p>\n","protected":false},"excerpt":{"rendered":"<p>Mersin B\u00fcy\u00fck\u015fehir Belediye Ba\u015fkan\u0131 Vahap Se\u00e7er, Mersin Mu\u015flular Derne\u011fi&#8217;ni ziyaret etti. Ziyarette Ba\u015fkan Se\u00e7er&#8217;in yan\u0131 s\u0131ra Cumhuriyet Halk Partisi (CHP) Toroslar \u0130l\u00e7e Ba\u015fkan\u0131 Cumali Akba\u015f, CHP B\u00fcy\u00fck\u015fehir Belediyesi Meclis \u00dcyesi &hellip; <a href=\"https:\/\/akdenizolaygazetesi.com\/?p=25743\" class=\"more-link\">Devam\u0131n\u0131 Oku&#8230;<\/a><\/p>\n","protected":false},"author":2,"featured_media":25744,"comment_status":"open","ping_status":"open","sticky":false,"template":"","format":"standard","meta":[],"categories":[2,3,5],"tags":[],"_links":{"self":[{"href":"https:\/\/akdenizolaygazetesi.com\/index.php?rest_route=\/wp\/v2\/posts\/25743"}],"collection":[{"href":"https:\/\/akdenizolaygazetesi.com\/index.php?rest_route=\/wp\/v2\/posts"}],"about":[{"href":"https:\/\/akdenizolaygazetesi.com\/index.php?rest_route=\/wp\/v2\/types\/post"}],"author":[{"embeddable":true,"href":"https:\/\/akdenizolaygazetesi.com\/index.php?rest_route=\/wp\/v2\/users\/2"}],"replies":[{"embeddable":true,"href":"https:\/\/akdenizolaygazetesi.com\/index.php?rest_route=%2Fwp%2Fv2%2Fcomments&post=25743"}],"version-history":[{"count":1,"href":"https:\/\/akdenizolaygazetesi.com\/index.php?rest_route=\/wp\/v2\/posts\/25743\/revisions"}],"predecessor-version":[{"id":25745,"href":"https:\/\/akdenizolaygazetesi.com\/index.php?rest_route=\/wp\/v2\/posts\/25743\/revisions\/25745"}],"wp:featuredmedia":[{"embeddable":true,"href":"https:\/\/akdenizolaygazetesi.com\/index.php?rest_route=\/wp\/v2\/media\/25744"}],"wp:attachment":[{"href":"https:\/\/akdenizolaygazetesi.com\/index.php?rest_route=%2Fwp%2Fv2%2Fmedia&parent=25743"}],"wp:term":[{"taxonomy":"category","embeddable":true,"href":"https:\/\/akdenizolaygazetesi.com\/index.php?rest_route=%2Fwp%2Fv2%2Fcategories&post=25743"},{"taxonomy":"post_tag","embeddable":true,"href":"https:\/\/akdenizolaygazetesi.com\/index.php?rest_route=%2Fwp%2Fv2%2Ftags&post=25743"}],"curies":[{"name":"wp","href":"https:\/\/api.w.org\/{rel}","templated":true}]}}