{"id":25752,"date":"2023-05-12T12:50:36","date_gmt":"2023-05-12T09:50:36","guid":{"rendered":"http:\/\/akdenizolaygazetesi.com\/?p=25752"},"modified":"2023-05-12T12:50:36","modified_gmt":"2023-05-12T09:50:36","slug":"akdeniz-belediye-baskani-gultak-hayati-paylasmak-icin-hicbir-engel-yok","status":"publish","type":"post","link":"https:\/\/akdenizolaygazetesi.com\/?p=25752","title":{"rendered":"AKDEN\u0130Z BELED\u0130YE BA\u015eKANI G\u00dcLTAK; \u201cHAYATI PAYLA\u015eMAK \u0130\u00c7\u0130N H\u0130\u00c7B\u0130R ENGEL YOK\u201d"},"content":{"rendered":"<p>Akdeniz Belediye Ba\u015fkan\u0131 M. Mustafa G\u00fcltak, Akdeniz \u00d6zel E\u011fitim Anaokulu \u00f6\u011frencileri, \u00f6\u011fretmenleri ile velilerinin, \u201c10-16 May\u0131s Engelliler Haftas\u0131\u201d dolay\u0131s\u0131yla \u201cPayla\u015fmak \u0130\u00e7in Engel Yok\u201d slogan\u0131yla d\u00fczenledi\u011fi etkinli\u011fe kat\u0131larak \u00f6zel \u00e7ocuklar ve ebeveynlerinin heyecan\u0131na ortak oldu. \u00d6zel \u00e7ocuklar ve ailelerinin her zaman yan\u0131nda olduklar\u0131n\u0131 vurgulayan Ba\u015fkan G\u00fcltak, \u201cEn b\u00fcy\u00fck engel sevgisizliktir. \u0130nsan, y\u00fcre\u011fiyle hareket etti\u011finde, hayat\u0131 payla\u015ft\u0131\u011f\u0131nda \u00f6n\u00fcnde hi\u00e7bir engel duramaz\u201d dedi.<br \/>\nAkdeniz Belediyesi\u2019nin de katk\u0131lar\u0131yla ger\u00e7ekle\u015fen etkinli\u011fe Akdeniz \u0130l\u00e7e Milli E\u011fitim M\u00fcd\u00fcr\u00fc \u00c2dem \u015eim\u015fek, K\u00fclt\u00fcr ve Sosyal \u0130\u015fler M\u00fcd\u00fcr\u00fc Ali U\u00e7ar, Okul M\u00fcd\u00fcr\u00fc Ayd\u0131n B\u00fct\u00fcnay, Nusratiye Mahalle Muhtar\u0131 Mehmet Dindar, sivil toplum \u00f6rg\u00fct\u00fc temsilcileri, \u00f6\u011fretmenler, \u00f6\u011frenciler ve velileri kat\u0131ld\u0131. Miniklerin dair haz\u0131rlad\u0131\u011f\u0131 resim ve el i\u015fi sergisini gezen Ba\u015fkan G\u00fcltak, kad\u0131nlar\u0131n el eme\u011fi g\u00f6z nuru \u00fcr\u00fcnler sergiledi\u011fi stantlar\u0131 ziyaret edip hediyelikler sat\u0131n ald\u0131. Miniklerle oyunlar oynay\u0131p etkinlikleri izleyen Ba\u015fkan G\u00fcltak, fark\u0131ndal\u0131k yaratmak ad\u0131na \u00e7ocuklarla birlikte g\u00f6ky\u00fcz\u00fcne balonlar u\u00e7urdu.<br \/>\n\u201cKafan\u0131zdaki engelleri ortadan kald\u0131rd\u0131\u011f\u0131n\u0131zda \u00f6n\u00fcn\u00fczde hi\u00e7bir engel kalmaz\u201d<br \/>\nSayg\u0131 Duru\u015fu ve \u0130stiklal Mar\u015f\u0131\u2019n\u0131n okunmas\u0131yla ba\u015flayan etkinlikte bir konu\u015fma yapan Ba\u015fkan G\u00fcltak, ger\u00e7ek engelin d\u00fc\u015f\u00fcncede oldu\u011funun alt\u0131n\u0131 \u00e7izerek; \u201cHer zaman s\u00f6yledi\u011fim \u00fczere en b\u00fcy\u00fck engel sevgisizliktir. Dolay\u0131s\u0131yla kafan\u0131zdaki, akl\u0131n\u0131zdaki engelleri ortadan kald\u0131rd\u0131\u011f\u0131n\u0131zda \u00f6n\u00fcn\u00fczde hi\u00e7bir engel de kalmaz. \u0130nsan, y\u00fcre\u011fiyle hareket etti\u011finde \u00f6n\u00fcnde hi\u00e7bir engel duramaz\u201d ifadelerini kulland\u0131.<br \/>\nBelediye olarak, hayata katt\u0131klar\u0131 \u00e7e\u015fitli faaliyet ve projelerle engelli bireyler ve ailelerinin her zaman yan\u0131nda olduklar\u0131n\u0131n alt\u0131n\u0131 \u00e7izen Ba\u015fkan G\u00fcltak, gelecek hafta i\u00e7inde belediyenin katk\u0131lar\u0131yla okulun \u00f6\u011frencileri ile velilerinin kat\u0131laca\u011f\u0131 bir gezi d\u00fczenlenece\u011fini de ifade ederek; \u201c\u00c7\u00fcnk\u00fc belediyecilik sadece asfalt, kald\u0131r\u0131m, altyap\u0131, \u00fcstyap\u0131 yapmak de\u011fildir. Bizim sosyal, k\u00fclt\u00fcrel projelerimiz de var. Bu noktada Akdeniz\u2019de gen\u00e7lerimizin e\u011fitimine y\u00f6nelik bir\u00e7ok \u00e7al\u0131\u015fma yapt\u0131k\u201d dedi.<br \/>\n\u201cAkdeniz de\u011fi\u015fiyor, g\u00fczelle\u015fiyor ve y\u00fckseliyor\u201d<br \/>\n\u201cE\u011fitime \u00f6zellikle \u00f6nem veriyoruz. G\u00f6reve geldi\u011fimiz g\u00fcnden bu yana dokunmad\u0131\u011f\u0131m\u0131z okulumuz kalmad\u0131\u201d diyen Ba\u015fkan G\u00fcltak; \u015f\u00f6yle konu\u015ftu; \u201cAkdeniz s\u0131n\u0131rlar\u0131nda bir et\u00fct merkezi yoktu. \u0130lk et\u00fct merkezini biz a\u00e7t\u0131k. \u0130nternet \u00fczerinden dijital e\u011fitim portallar\u0131 da kurduk. Gen\u00e7lerimiz istedikleri anda ve yerde \u00fcniversite s\u0131nav\u0131na haz\u0131rlanabiliyor. Metropol G\u00f6kdelen binas\u0131 29\u2019uncu kat\u0131nda bulunan \u2018T\u00fcrkiye\u2019nin en haval\u0131\u2019 et\u00fct merkezi sayesinde bir\u00e7ok \u00e7ocu\u011fumuz \u00fcniversite kazan\u0131p diledikleri b\u00f6l\u00fcmlere yerle\u015fti.<br \/>\nBiz; Akdeniz\u2019de \u00e7ocuklar\u0131m\u0131z\u0131 ve annelerimizi, uyu\u015fturucu ve ter\u00f6r belas\u0131ndan kurtard\u0131k. \u00c7ocuklar\u0131m\u0131z art\u0131k okuyor ve i\u015f sahibi oluyor. Kad\u0131nlar da mahalle k\u00fclt\u00fcr evlerimizle birlikte e\u011fitim al\u0131yor, meslek sahibi oluyor. Ayr\u0131ca kursiyer kad\u0131nlar\u0131 \u00fclkemizin farkl\u0131 tarihi ve turistik \u015fehirlerine gezilere g\u00f6t\u00fcr\u00fcyoruz. Bu hizmet ve projelerin hi\u00e7biri daha \u00f6nce yoktu. Akdeniz h\u0131zla g\u00fczelle\u015fiyor ve y\u00fckseliyor.\u201d<br \/>\nKonu\u015fmalar\u0131n ard\u0131ndan protokol \u00fcyeleri, Akdeniz \u00d6zel E\u011fitim Anaokulu \u00f6\u011frencisi \u00e7ocuklar\u0131n haz\u0131rlad\u0131\u011f\u0131 renkli g\u00f6steriyi izledi. <\/p>\n","protected":false},"excerpt":{"rendered":"<p>Akdeniz Belediye Ba\u015fkan\u0131 M. Mustafa G\u00fcltak, Akdeniz \u00d6zel E\u011fitim Anaokulu \u00f6\u011frencileri, \u00f6\u011fretmenleri ile velilerinin, \u201c10-16 May\u0131s Engelliler Haftas\u0131\u201d dolay\u0131s\u0131yla \u201cPayla\u015fmak \u0130\u00e7in Engel Yok\u201d slogan\u0131yla d\u00fczenledi\u011fi etkinli\u011fe kat\u0131larak \u00f6zel \u00e7ocuklar ve &hellip; <a href=\"https:\/\/akdenizolaygazetesi.com\/?p=25752\" class=\"more-link\">Devam\u0131n\u0131 Oku&#8230;<\/a><\/p>\n","protected":false},"author":2,"featured_media":25753,"comment_status":"open","ping_status":"open","sticky":false,"template":"","format":"standard","meta":[],"categories":[1,2,3,5],"tags":[],"_links":{"self":[{"href":"https:\/\/akdenizolaygazetesi.com\/index.php?rest_route=\/wp\/v2\/posts\/25752"}],"collection":[{"href":"https:\/\/akdenizolaygazetesi.com\/index.php?rest_route=\/wp\/v2\/posts"}],"about":[{"href":"https:\/\/akdenizolaygazetesi.com\/index.php?rest_route=\/wp\/v2\/types\/post"}],"author":[{"embeddable":true,"href":"https:\/\/akdenizolaygazetesi.com\/index.php?rest_route=\/wp\/v2\/users\/2"}],"replies":[{"embeddable":true,"href":"https:\/\/akdenizolaygazetesi.com\/index.php?rest_route=%2Fwp%2Fv2%2Fcomments&post=25752"}],"version-history":[{"count":1,"href":"https:\/\/akdenizolaygazetesi.com\/index.php?rest_route=\/wp\/v2\/posts\/25752\/revisions"}],"predecessor-version":[{"id":25754,"href":"https:\/\/akdenizolaygazetesi.com\/index.php?rest_route=\/wp\/v2\/posts\/25752\/revisions\/25754"}],"wp:featuredmedia":[{"embeddable":true,"href":"https:\/\/akdenizolaygazetesi.com\/index.php?rest_route=\/wp\/v2\/media\/25753"}],"wp:attachment":[{"href":"https:\/\/akdenizolaygazetesi.com\/index.php?rest_route=%2Fwp%2Fv2%2Fmedia&parent=25752"}],"wp:term":[{"taxonomy":"category","embeddable":true,"href":"https:\/\/akdenizolaygazetesi.com\/index.php?rest_route=%2Fwp%2Fv2%2Fcategories&post=25752"},{"taxonomy":"post_tag","embeddable":true,"href":"https:\/\/akdenizolaygazetesi.com\/index.php?rest_route=%2Fwp%2Fv2%2Ftags&post=25752"}],"curies":[{"name":"wp","href":"https:\/\/api.w.org\/{rel}","templated":true}]}}