{"id":25755,"date":"2023-05-12T17:06:35","date_gmt":"2023-05-12T14:06:35","guid":{"rendered":"http:\/\/akdenizolaygazetesi.com\/?p=25755"},"modified":"2023-05-12T17:06:35","modified_gmt":"2023-05-12T14:06:35","slug":"yenisehir-belediyesi-kente-yesil-alanlar-kazandiriyor","status":"publish","type":"post","link":"https:\/\/akdenizolaygazetesi.com\/?p=25755","title":{"rendered":"Yeni\u015fehir Belediyesi kente ye\u015fil alanlar kazand\u0131r\u0131yor"},"content":{"rendered":"<p>Mersin Yeni\u015fehir Belediyesi, 50. Y\u0131l Mahallesi\u2019nde 5 bin metrekarelik alandan olu\u015fan \u0130\u00e7el Soroptimist Kul\u00fcb\u00fc Atat\u00fcrk Park\u0131&#8217;n\u0131 hizmete a\u00e7t\u0131. Park\u0131n a\u00e7\u0131l\u0131\u015f\u0131n\u0131 ger\u00e7ekle\u015ftiren Ba\u015fkan Abdullah \u00d6zyi\u011fit, \u201c\u00c7ocuklar\u0131m\u0131z\u0131n bol bol e\u011flenmesi,hem\u015fehrilerimizin rahat bir nefes alabilmesi amac\u0131yla Yeni\u015fehir\u2019imize ye\u015fil alanlar kazand\u0131rmaya devam ediyoruz.\u201d dedi.<br \/>\nMersin Yeni\u015fehir Belediyesi kent genelinde bulunan parklar\u0131n bak\u0131m ve onar\u0131m\u0131n\u0131 yaparken, ye\u015fil alanlar\u0131 artt\u0131rmak amac\u0131yla da \u00e7al\u0131\u015fmalar\u0131n\u0131 aral\u0131ks\u0131z bir \u015fekilde s\u00fcrd\u00fcr\u00fcyor. Son olarak 50. Y\u0131l Mahallesi 27218 sokakta hizmete a\u00e7\u0131lan Yeni\u015fehir Belediyesi \u0130\u00e7el Soroptimist Kul\u00fcb\u00fc Atat\u00fcrk Park\u0131\u2019nda oyun gruplar\u0131 ve spor alanlar\u0131 da yap\u0131ld\u0131. Parka ayr\u0131ca basketbol sahas\u0131 da kuruldu. \u0130\u00e7el Soroptimist Kul\u00fcb\u00fc\u2019n\u00fcn destekleriyle yap\u0131lan park, 50. Y\u0131l Mahallesi sakinlerini de mutlu etti. Yeni\u015fehir Belediyesi, il\u00e7e halk\u0131n\u0131n bir araya gelmesini sa\u011flayacak sosyal ya\u015fam alanlar\u0131 olu\u015fturuyor.<br \/>\nPark\u0131n a\u00e7\u0131l\u0131\u015f\u0131na Yeni\u015fehir Belediye Ba\u015fkan\u0131 Abdullah \u00d6zyi\u011fit\u2019in yan\u0131 s\u0131ra \u0130\u00e7el Soroptimist Kul\u00fcb\u00fc Ba\u015fkan\u0131 Ye\u015fim Antmen,Yeni\u015fehir Belediye Meclis \u00dcyeleri, 50. Y\u0131l Mahalle Muhtar\u0131 Nergiz \u00d6zcan ve mahalle sakinleri kat\u0131ld\u0131.<br \/>\nBa\u015fkan \u00d6zyi\u011fit, \u201cEl birli\u011fiyle \u00e7ok \u00f6nemli i\u015flere imza att\u0131k\u201d<br \/>\nA\u00e7\u0131l\u0131\u015fta konu\u015fma yapan Yeni\u015fehir Belediye Ba\u015fkan\u0131 Abdullah \u00d6zyi\u011fit, \u015fu ifadeleri kulland\u0131: \u201c50.Y\u0131l Mahallemizde \u00e7ok g\u00fczel bir park\u0131n a\u00e7\u0131l\u0131\u015f\u0131n\u0131 ger\u00e7ekle\u015ftiriyoruz. Bizim temel anlay\u0131\u015f\u0131m\u0131z belediyecilikte \u00f6n a\u00e7mak, birlikte i\u015f yapmak, \u00e7orbada herkesin tuzu olmas\u0131n\u0131 sa\u011flamak.  Bunu ger\u00e7ekle\u015ftirirken, kimin ne kadar katk\u0131 sundu\u011funun hi\u00e7 bir \u00f6nemi yok yeter ki g\u00f6nl\u00fcn\u00fc koysun, o bizim i\u00e7in \u00e7ok k\u0131ymetli. El birli\u011fiyle \u00e7ok \u00f6nemli i\u015flere imza att\u0131\u011f\u0131m\u0131z\u0131 s\u00f6yleyebilirim. 2021 y\u0131l\u0131nda hizmete a\u00e7t\u0131\u011f\u0131m\u0131z T\u00fcrkiye\u2019nin en g\u00fczel g\u00fcnd\u00fcz bak\u0131mevi yine b\u00f6yle bir imece ile ortaya \u00e7\u0131kt\u0131.  Hem\u015fehrilerimizin talebi \u00e7ok oldu, ikinci BETEM\u2019i Eyl\u00fcl ay\u0131nda ikincisini hizmete a\u00e7aca\u011f\u0131z, in\u015faat\u0131 devam ediyor.  Park\u0131m\u0131za, Yeni\u015fehir belediyesi Soroptimist Kul\u00fcb\u00fc Atat\u00fcrk Park\u0131 ismini verdik. Bu g\u00fczel isme lay\u0131k \u00e7al\u0131\u015fal\u0131m. Ulu \u00d6nderimizin g\u00f6sterdi\u011fi yolda ilerleyelim ve birlikte ba\u015faral\u0131m. 14 May\u0131s\u2019tan sonra gelecek g\u00fczel g\u00fcnler \u00e7ocuklar\u0131m\u0131z\u0131n olsun.  Bu s\u00fcrece emek veren ba\u015fta Ye\u015fim Antmen ba\u015fkan\u0131ma ve onun \u00e7al\u0131\u015fma arkada\u015flar\u0131na, ba\u011f\u0131\u015f\u00e7\u0131 dostlar\u0131m\u0131za ve Yeni\u015fehir Belediyesi \u00e7al\u0131\u015fanlar\u0131na \u00e7ok te\u015fekk\u00fcr ediyorum.B\u00f6yle g\u00fczel ve ayd\u0131nl\u0131k bir park\u0131n kazand\u0131r\u0131lmas\u0131 k\u0131ymetli bir i\u015f, in\u015fallah T\u00fcrkiye\u2019mizin gelece\u011fi de b\u00f6yle g\u00fczel ve ayd\u0131nl\u0131k olur.\u201d<br \/>\nAntmen, \u201cBirlikte g\u00fczel bir ya\u015fam alan\u0131 olu\u015ftural\u0131m istedik\u201d<br \/>\n \u0130\u00e7el Soroptimist Kul\u00fcb\u00fc Ba\u015fkan\u0131 Ye\u015fim Antmen ise \u201cMersin\u2019de \u0130\u00e7el Soroptimist Kul\u00fcb\u00fc 52 ya\u015f\u0131nda. Hedefimiz kad\u0131nlar\u0131n ve k\u0131z \u00e7ocuklar\u0131n\u0131n ekonomik anlamda, k\u00fclt\u00fcrel anlamda geli\u015fmelerini temel hak ve \u00f6zg\u00fcrl\u00fcklerine kavu\u015fmalar\u0131n\u0131 desteklemek ama ayn\u0131 zamanda bizler \u00e7evresine duyarl\u0131, do\u011faya ve do\u011fan\u0131n kaynaklar\u0131na duyarl\u0131 bir \u00f6rg\u00fct\u00fcz. Biz soroptimistler istedik ki 52 y\u0131ld\u0131r \u00e7al\u0131\u015fma y\u00fcr\u00fctt\u00fc\u011f\u00fcm\u00fcz bu \u015fehre kal\u0131c\u0131 eserler b\u0131rakal\u0131m. Bu u\u011furda Ba\u015fkan\u0131m\u0131z Abdullah \u00d6zyi\u011fit bize her t\u00fcrl\u00fc deste\u011fi verdi. Kendisine \u00e7ok \u00e7ok te\u015fekk\u00fcr ediyoruz. Birlikte g\u00fczel bir ya\u015fam alan\u0131 olu\u015ftural\u0131m istedik. Biz burada halk\u0131m\u0131zla birlikte etkinlikler, \u00f6zel g\u00fcn kutlamalar\u0131 yapaca\u011f\u0131z. \u00d6zel g\u00fcnlerimizi payla\u015faca\u011f\u0131z. Umar\u0131m bu u\u011furda g\u00fczel birliktelikler yapaca\u011f\u0131z. Bize bu yolda her t\u00fcrl\u00fc deste\u011fi veren Say\u0131n Abdullah \u00d6zyi\u011fit\u2019e ve de\u011ferli ba\u011f\u0131\u015f\u00e7\u0131lar\u0131m\u0131za \u00e7ok \u00e7ok te\u015fekk\u00fcr ediyoruz.\u201ddiye konu\u015ftu.<\/p>\n","protected":false},"excerpt":{"rendered":"<p>Mersin Yeni\u015fehir Belediyesi, 50. Y\u0131l Mahallesi\u2019nde 5 bin metrekarelik alandan olu\u015fan \u0130\u00e7el Soroptimist Kul\u00fcb\u00fc Atat\u00fcrk Park\u0131&#8217;n\u0131 hizmete a\u00e7t\u0131. Park\u0131n a\u00e7\u0131l\u0131\u015f\u0131n\u0131 ger\u00e7ekle\u015ftiren Ba\u015fkan Abdullah \u00d6zyi\u011fit, \u201c\u00c7ocuklar\u0131m\u0131z\u0131n bol bol e\u011flenmesi,hem\u015fehrilerimizin rahat bir &hellip; <a href=\"https:\/\/akdenizolaygazetesi.com\/?p=25755\" class=\"more-link\">Devam\u0131n\u0131 Oku&#8230;<\/a><\/p>\n","protected":false},"author":2,"featured_media":25756,"comment_status":"open","ping_status":"open","sticky":false,"template":"","format":"standard","meta":[],"categories":[2,3],"tags":[],"_links":{"self":[{"href":"https:\/\/akdenizolaygazetesi.com\/index.php?rest_route=\/wp\/v2\/posts\/25755"}],"collection":[{"href":"https:\/\/akdenizolaygazetesi.com\/index.php?rest_route=\/wp\/v2\/posts"}],"about":[{"href":"https:\/\/akdenizolaygazetesi.com\/index.php?rest_route=\/wp\/v2\/types\/post"}],"author":[{"embeddable":true,"href":"https:\/\/akdenizolaygazetesi.com\/index.php?rest_route=\/wp\/v2\/users\/2"}],"replies":[{"embeddable":true,"href":"https:\/\/akdenizolaygazetesi.com\/index.php?rest_route=%2Fwp%2Fv2%2Fcomments&post=25755"}],"version-history":[{"count":1,"href":"https:\/\/akdenizolaygazetesi.com\/index.php?rest_route=\/wp\/v2\/posts\/25755\/revisions"}],"predecessor-version":[{"id":25757,"href":"https:\/\/akdenizolaygazetesi.com\/index.php?rest_route=\/wp\/v2\/posts\/25755\/revisions\/25757"}],"wp:featuredmedia":[{"embeddable":true,"href":"https:\/\/akdenizolaygazetesi.com\/index.php?rest_route=\/wp\/v2\/media\/25756"}],"wp:attachment":[{"href":"https:\/\/akdenizolaygazetesi.com\/index.php?rest_route=%2Fwp%2Fv2%2Fmedia&parent=25755"}],"wp:term":[{"taxonomy":"category","embeddable":true,"href":"https:\/\/akdenizolaygazetesi.com\/index.php?rest_route=%2Fwp%2Fv2%2Fcategories&post=25755"},{"taxonomy":"post_tag","embeddable":true,"href":"https:\/\/akdenizolaygazetesi.com\/index.php?rest_route=%2Fwp%2Fv2%2Ftags&post=25755"}],"curies":[{"name":"wp","href":"https:\/\/api.w.org\/{rel}","templated":true}]}}