{"id":25759,"date":"2023-05-12T17:08:40","date_gmt":"2023-05-12T14:08:40","guid":{"rendered":"http:\/\/akdenizolaygazetesi.com\/?p=25759"},"modified":"2023-05-12T17:08:40","modified_gmt":"2023-05-12T14:08:40","slug":"baskan-yilmaz-anneler-gununu-kutladi","status":"publish","type":"post","link":"https:\/\/akdenizolaygazetesi.com\/?p=25759","title":{"rendered":"BA\u015eKAN YILMAZ, ANNELER G\u00dcN\u00dc&#8217;N\u00dc KUTLADI"},"content":{"rendered":"<p>Toroslar Belediye Ba\u015fkan\u0131 Ats\u0131z Af\u015f\u0131n Y\u0131lmaz, Anneler G\u00fcn\u00fc dolay\u0131s\u0131yla bir mesaj yay\u0131nlayarak, t\u00fcm annelerin Anneler G\u00fcn\u00fc&#8217;n\u00fc kutlad\u0131.<\/p>\n<p>D\u00fcnyada anne sevgisinin yerine konabilecek ba\u015fka bir de\u011fer olmad\u0131\u011f\u0131n\u0131 belirten Ba\u015fkan Y\u0131lmaz;  &#8220;Fedak\u00e2rl\u0131\u011f\u0131n, merhametin, sabr\u0131n ve kar\u015f\u0131l\u0131ks\u0131z sevginin timsali olan annelerimizi bir g\u00fcn de\u011fil, herg\u00fcn sevelim ve k\u0131ymetini bilelim&#8221; dedi.<\/p>\n<p>&#8220;Annelerimiz, gelenek ve de\u011ferlerimizin ya\u015fat\u0131lmas\u0131 ve gelece\u011fe ta\u015f\u0131nmas\u0131n\u0131n en \u00f6nemli g\u00fcvencesidir&#8221; diyen Ba\u015fkan Y\u0131lmaz; &#8220;T\u00fcrk milletinin zor zamanlar\u0131nda ve nice kahramanl\u0131k destanlar\u0131nda; fedak\u00e2r ve cefak\u00e2r anneler ile onlar\u0131n yeti\u015ftirdi\u011fi kahraman evlatlar\u0131n\u0131n izi vard\u0131r. Bizler, ba\u015f\u0131m\u0131z\u0131n tac\u0131 annelerimize lay\u0131k evlatlar oldu\u011fumuz s\u00fcrece a\u015famayaca\u011f\u0131m\u0131z hi\u00e7bir engel yoktur. Annelere verebilece\u011fimiz en g\u00fczel hediye, sa\u011fl\u0131kla, huzurla, mutlulukla ve g\u00fcven i\u00e7inde ya\u015fayabilecekleri bir d\u00fcnya. Bu duygu ve d\u00fc\u015f\u00fcncelerle; ba\u015fta \u015fehit annelerimiz olmak \u00fczere t\u00fcm annelerimizin ve anne adaylar\u0131n\u0131n Anneler G\u00fcn\u00fc&#8217;n\u00fc en i\u00e7ten dileklerimle kutluyor, ebediyete intikal etmi\u015f annelerimize Allah&#8217;tan rahmet diliyorum&#8221; diye konu\u015ftu.<\/p>\n<p> &#8220;B\u0130Z, B\u00dcY\u00dcK B\u0130R A\u0130LEY\u0130Z&#8221;<\/p>\n<p>T\u00fcrk toplumunun temel ta\u015f\u0131n\u0131n aile oldu\u011funu belirten Ba\u015fkan Y\u0131lmaz, ailedeki sevgi ve g\u00fcven ortam\u0131n\u0131n mutlu bireylerin yeti\u015fmesi a\u00e7\u0131s\u0131ndan \u00f6nemli oldu\u011funa vurgu yaparak; &#8220;48 bran\u015ftaki Teknik ve Mesleki E\u011fitim kurslar\u0131m\u0131z (TORTEK), psikolojik ve sosyal dan\u0131\u015fmanl\u0131k hizmeti verdi\u011fimiz Kad\u0131n ve \u00c7ocuk Dan\u0131\u015fma Merkezimiz, Kariyer Merkezimiz, \u00fccretsiz d\u00fczenledi\u011fimiz k\u00fclt\u00fcr, sanat, spor kurslar\u0131m\u0131z ve bir\u00e7ok projemizle kad\u0131nlar\u0131m\u0131z\u0131n yan\u0131nda olduk ve olmaya devam ediyoruz. \u00c7\u00fcnk\u00fc biz b\u00fcy\u00fck bir aileyiz.  Kad\u0131nlara yap\u0131lan yat\u0131r\u0131m\u0131n gelece\u011fe yap\u0131lan yat\u0131r\u0131m oldu\u011funu d\u00fc\u015f\u00fcn\u00fcyoruz. Gelecek nesillere daha g\u00fczel bir Toroslar, Mersin ve T\u00fcrkiye b\u0131rakaca\u011f\u0131z in\u015fallah&#8221; ifadelerini kulland\u0131.<\/p>\n","protected":false},"excerpt":{"rendered":"<p>Toroslar Belediye Ba\u015fkan\u0131 Ats\u0131z Af\u015f\u0131n Y\u0131lmaz, Anneler G\u00fcn\u00fc dolay\u0131s\u0131yla bir mesaj yay\u0131nlayarak, t\u00fcm annelerin Anneler G\u00fcn\u00fc&#8217;n\u00fc kutlad\u0131. D\u00fcnyada anne sevgisinin yerine konabilecek ba\u015fka bir de\u011fer olmad\u0131\u011f\u0131n\u0131 belirten Ba\u015fkan Y\u0131lmaz; &#8220;Fedak\u00e2rl\u0131\u011f\u0131n, &hellip; <a href=\"https:\/\/akdenizolaygazetesi.com\/?p=25759\" class=\"more-link\">Devam\u0131n\u0131 Oku&#8230;<\/a><\/p>\n","protected":false},"author":2,"featured_media":25760,"comment_status":"open","ping_status":"open","sticky":false,"template":"","format":"standard","meta":[],"categories":[2,3],"tags":[],"_links":{"self":[{"href":"https:\/\/akdenizolaygazetesi.com\/index.php?rest_route=\/wp\/v2\/posts\/25759"}],"collection":[{"href":"https:\/\/akdenizolaygazetesi.com\/index.php?rest_route=\/wp\/v2\/posts"}],"about":[{"href":"https:\/\/akdenizolaygazetesi.com\/index.php?rest_route=\/wp\/v2\/types\/post"}],"author":[{"embeddable":true,"href":"https:\/\/akdenizolaygazetesi.com\/index.php?rest_route=\/wp\/v2\/users\/2"}],"replies":[{"embeddable":true,"href":"https:\/\/akdenizolaygazetesi.com\/index.php?rest_route=%2Fwp%2Fv2%2Fcomments&post=25759"}],"version-history":[{"count":1,"href":"https:\/\/akdenizolaygazetesi.com\/index.php?rest_route=\/wp\/v2\/posts\/25759\/revisions"}],"predecessor-version":[{"id":25761,"href":"https:\/\/akdenizolaygazetesi.com\/index.php?rest_route=\/wp\/v2\/posts\/25759\/revisions\/25761"}],"wp:featuredmedia":[{"embeddable":true,"href":"https:\/\/akdenizolaygazetesi.com\/index.php?rest_route=\/wp\/v2\/media\/25760"}],"wp:attachment":[{"href":"https:\/\/akdenizolaygazetesi.com\/index.php?rest_route=%2Fwp%2Fv2%2Fmedia&parent=25759"}],"wp:term":[{"taxonomy":"category","embeddable":true,"href":"https:\/\/akdenizolaygazetesi.com\/index.php?rest_route=%2Fwp%2Fv2%2Fcategories&post=25759"},{"taxonomy":"post_tag","embeddable":true,"href":"https:\/\/akdenizolaygazetesi.com\/index.php?rest_route=%2Fwp%2Fv2%2Ftags&post=25759"}],"curies":[{"name":"wp","href":"https:\/\/api.w.org\/{rel}","templated":true}]}}