{"id":25762,"date":"2023-05-12T17:09:56","date_gmt":"2023-05-12T14:09:56","guid":{"rendered":"http:\/\/akdenizolaygazetesi.com\/?p=25762"},"modified":"2023-05-12T17:09:56","modified_gmt":"2023-05-12T14:09:56","slug":"baskan-ozyigitten-annelere-bahar-sizinle-bir-baska-guzel-olacak","status":"publish","type":"post","link":"https:\/\/akdenizolaygazetesi.com\/?p=25762","title":{"rendered":"Ba\u015fkan \u00d6zyi\u011fit\u2019ten annelere \u201cBahar sizinle bir ba\u015fka g\u00fczel olacak\u201d"},"content":{"rendered":"<p>Mersin Yeni\u015fehir Belediye Ba\u015fkan\u0131 Abdullah \u00d6zyi\u011fit, 14 May\u0131s Anneler G\u00fcn\u00fc nedeniyle G\u00fcvenevler Mahallesi\u2019nde kad\u0131nlara lavanta hediye etti, g\u00fcnlerini kutlad\u0131.  Ba\u015fkan \u00d6zyi\u011fit, 14 May\u0131s\u2019ta yap\u0131lacak se\u00e7imlerde kad\u0131nlara sand\u0131\u011fa gitme \u00e7a\u011fr\u0131s\u0131nda da bulundu.<br \/>\nYeni\u015fehir Belediye Ba\u015fkan\u0131 Abdullah \u00d6zyi\u011fit, G\u00fcvenevler Mahallesi\u2019nde kad\u0131nlarla bir araya geldi. Forum AVM\u2019yi gezerek kad\u0131nlara lavanta hediye eden Ba\u015fkan \u00d6zyi\u011fit, 14 May\u0131s Anneler G\u00fcn\u00fc\u2019n\u00fc kutlad\u0131.  \u201cSevgi, \u00f6zveri ve fedakarl\u0131kla bizi b\u00fcy\u00fcten, g\u00fc\u00e7l\u00fc ve ilham verici annelerimiz. Onlar, bizim ilk \u00f6\u011fretmenlerimiz, s\u0131k\u0131 s\u0131k\u0131ya tutundu\u011fumuz umut \u0131\u015f\u0131klar\u0131m\u0131z. Annelerimiz g\u00fc\u00e7l\u00fc, fedakar ve sevgi dolu varl\u0131\u011f\u0131yla, gelece\u011fimizi \u015fekillendiriyor.\u201d ifadelerini kullanan Ba\u015fkan Abdullah \u00d6zyi\u011fit, anneleri i\u015faret ederek \u201cYeni\u015fehir\u2019de bahar sizinle bir ba\u015fka g\u00fczel olacak\u201d dedi. <\/p>\n","protected":false},"excerpt":{"rendered":"<p>Mersin Yeni\u015fehir Belediye Ba\u015fkan\u0131 Abdullah \u00d6zyi\u011fit, 14 May\u0131s Anneler G\u00fcn\u00fc nedeniyle G\u00fcvenevler Mahallesi\u2019nde kad\u0131nlara lavanta hediye etti, g\u00fcnlerini kutlad\u0131. Ba\u015fkan \u00d6zyi\u011fit, 14 May\u0131s\u2019ta yap\u0131lacak se\u00e7imlerde kad\u0131nlara sand\u0131\u011fa gitme \u00e7a\u011fr\u0131s\u0131nda da &hellip; <a href=\"https:\/\/akdenizolaygazetesi.com\/?p=25762\" class=\"more-link\">Devam\u0131n\u0131 Oku&#8230;<\/a><\/p>\n","protected":false},"author":2,"featured_media":25763,"comment_status":"open","ping_status":"open","sticky":false,"template":"","format":"standard","meta":[],"categories":[2,3,5],"tags":[],"_links":{"self":[{"href":"https:\/\/akdenizolaygazetesi.com\/index.php?rest_route=\/wp\/v2\/posts\/25762"}],"collection":[{"href":"https:\/\/akdenizolaygazetesi.com\/index.php?rest_route=\/wp\/v2\/posts"}],"about":[{"href":"https:\/\/akdenizolaygazetesi.com\/index.php?rest_route=\/wp\/v2\/types\/post"}],"author":[{"embeddable":true,"href":"https:\/\/akdenizolaygazetesi.com\/index.php?rest_route=\/wp\/v2\/users\/2"}],"replies":[{"embeddable":true,"href":"https:\/\/akdenizolaygazetesi.com\/index.php?rest_route=%2Fwp%2Fv2%2Fcomments&post=25762"}],"version-history":[{"count":1,"href":"https:\/\/akdenizolaygazetesi.com\/index.php?rest_route=\/wp\/v2\/posts\/25762\/revisions"}],"predecessor-version":[{"id":25764,"href":"https:\/\/akdenizolaygazetesi.com\/index.php?rest_route=\/wp\/v2\/posts\/25762\/revisions\/25764"}],"wp:featuredmedia":[{"embeddable":true,"href":"https:\/\/akdenizolaygazetesi.com\/index.php?rest_route=\/wp\/v2\/media\/25763"}],"wp:attachment":[{"href":"https:\/\/akdenizolaygazetesi.com\/index.php?rest_route=%2Fwp%2Fv2%2Fmedia&parent=25762"}],"wp:term":[{"taxonomy":"category","embeddable":true,"href":"https:\/\/akdenizolaygazetesi.com\/index.php?rest_route=%2Fwp%2Fv2%2Fcategories&post=25762"},{"taxonomy":"post_tag","embeddable":true,"href":"https:\/\/akdenizolaygazetesi.com\/index.php?rest_route=%2Fwp%2Fv2%2Ftags&post=25762"}],"curies":[{"name":"wp","href":"https:\/\/api.w.org\/{rel}","templated":true}]}}