{"id":25765,"date":"2023-05-12T17:11:09","date_gmt":"2023-05-12T14:11:09","guid":{"rendered":"http:\/\/akdenizolaygazetesi.com\/?p=25765"},"modified":"2023-05-12T17:11:09","modified_gmt":"2023-05-12T14:11:09","slug":"akdeniz-belediye-baskani-gultak-esnaf-ve-yore-derneklerini-ziyaret-etti","status":"publish","type":"post","link":"https:\/\/akdenizolaygazetesi.com\/?p=25765","title":{"rendered":"AKDEN\u0130Z BELED\u0130YE BA\u015eKANI G\u00dcLTAK; ESNAF VE Y\u00d6RE DERNEKLER\u0130N\u0130 Z\u0130YARET ETT\u0130"},"content":{"rendered":"<p>Akdeniz Belediye Ba\u015fkan\u0131 M. Mustafa G\u00fcltak, ara vermeden s\u00fcrd\u00fcrd\u00fc\u011f\u00fc esnaf, vatanda\u015f ve y\u00f6re dernekleri bulu\u015fmalar\u0131 kapsam\u0131nda bu kez de \u00dc\u00e7 Ocak, Yeni Mahalle, \u00c7ilek ve \u00d6zg\u00fcrl\u00fck mahallelerini ziyaret etti, il\u00e7e sakinlerinin taleplerini dinledi.<br \/>\nHer ya\u015ftan vatanda\u015f\u0131n yo\u011fun ilgisi ve sevgi g\u00f6sterisiyle kar\u015f\u0131lanan Ba\u015fkan G\u00fcltak, Akdeniz\u2019i de\u011fi\u015ftiren hizmet ve projelerin s\u00fcrmesi i\u00e7in 14 May\u0131s Pazar g\u00fcn\u00fc yap\u0131lacak se\u00e7imlerde vatanda\u015flar\u0131n deste\u011fini istedi.<br \/>\nYeni Mahalle se\u00e7im ofisi a\u00e7\u0131ld\u0131<br \/>\nBa\u015fkan G\u00fcltak, g\u00fcn i\u00e7erisinde AK Parti Mersin Milletvekili Aday\u0131 Havva Sibel S\u00f6ylemez ile birlikte Yeni Mahalle\u2019de bulunan se\u00e7im ofisinin a\u00e7\u0131l\u0131\u015f\u0131na da kat\u0131ld\u0131. Adeta bir miting havas\u0131nda ve co\u015fku i\u00e7inde ger\u00e7ekle\u015fen bulu\u015fmaya y\u00fczlerce vatanda\u015f kat\u0131ld\u0131. Harmanl\u0131lar Derne\u011fi y\u00f6netimi ve \u00fcyeleriyle de bir araya gelen Akdeniz Belediye Ba\u015fkan\u0131 G\u00fcltak; AK Parti Mersin Milletvekili Aday\u0131 Ali \u0130hsan G\u00f6k ile birlikte Erkenekliler Derne\u011fi\u2019ni de ziyaret ederek vatanda\u015flarla bir araya geldi.<br \/>\nYeni Mahalle Muhtar\u0131 Habib Aks\u0131n ve mahalle sakinleriyle de bulu\u015fan Ba\u015fkan Mustafa G\u00fcltak, esnaf\u0131 ziyaret etti. Esnafa bol kazan\u00e7 dileyen Ba\u015fkan G\u00fcltak, 14 May\u0131s Pazar g\u00fcn\u00fc yap\u0131lacak se\u00e7imlerde desteklerini istedi. Ba\u015fkan G\u00fcltak, mahalleli gen\u00e7lerin iste\u011fini de k\u0131rmad\u0131, oyunlar\u0131na ve sohbetlerine ortak oldu.<br \/>\n\u00dc\u00e7 Ocak Mahalle Muhtar\u0131 Mehmet G\u00fcndo\u011fdu, \u00c7ilek Mahallesi Muhtar\u0131 Selim Tomak\u2019\u0131 da ziyaret eden Ba\u015fkan G\u00fcltak, ard\u0131ndan mahalledeki semt pazarlar\u0131n\u0131 gezdi, esnaf ve vatanda\u015flarla sohbet etti. Ba\u015fkan G\u00fcltak, her zaman oldu\u011fu gibi \u00e7ocuklar\u0131 yine unutmad\u0131, verdi\u011fi hediyelerle onlar\u0131n da g\u00f6nl\u00fcn\u00fc kazand\u0131. <\/p>\n","protected":false},"excerpt":{"rendered":"<p>Akdeniz Belediye Ba\u015fkan\u0131 M. Mustafa G\u00fcltak, ara vermeden s\u00fcrd\u00fcrd\u00fc\u011f\u00fc esnaf, vatanda\u015f ve y\u00f6re dernekleri bulu\u015fmalar\u0131 kapsam\u0131nda bu kez de \u00dc\u00e7 Ocak, Yeni Mahalle, \u00c7ilek ve \u00d6zg\u00fcrl\u00fck mahallelerini ziyaret etti, il\u00e7e &hellip; <a href=\"https:\/\/akdenizolaygazetesi.com\/?p=25765\" class=\"more-link\">Devam\u0131n\u0131 Oku&#8230;<\/a><\/p>\n","protected":false},"author":2,"featured_media":25766,"comment_status":"open","ping_status":"open","sticky":false,"template":"","format":"standard","meta":[],"categories":[2,3,5],"tags":[],"_links":{"self":[{"href":"https:\/\/akdenizolaygazetesi.com\/index.php?rest_route=\/wp\/v2\/posts\/25765"}],"collection":[{"href":"https:\/\/akdenizolaygazetesi.com\/index.php?rest_route=\/wp\/v2\/posts"}],"about":[{"href":"https:\/\/akdenizolaygazetesi.com\/index.php?rest_route=\/wp\/v2\/types\/post"}],"author":[{"embeddable":true,"href":"https:\/\/akdenizolaygazetesi.com\/index.php?rest_route=\/wp\/v2\/users\/2"}],"replies":[{"embeddable":true,"href":"https:\/\/akdenizolaygazetesi.com\/index.php?rest_route=%2Fwp%2Fv2%2Fcomments&post=25765"}],"version-history":[{"count":1,"href":"https:\/\/akdenizolaygazetesi.com\/index.php?rest_route=\/wp\/v2\/posts\/25765\/revisions"}],"predecessor-version":[{"id":25767,"href":"https:\/\/akdenizolaygazetesi.com\/index.php?rest_route=\/wp\/v2\/posts\/25765\/revisions\/25767"}],"wp:featuredmedia":[{"embeddable":true,"href":"https:\/\/akdenizolaygazetesi.com\/index.php?rest_route=\/wp\/v2\/media\/25766"}],"wp:attachment":[{"href":"https:\/\/akdenizolaygazetesi.com\/index.php?rest_route=%2Fwp%2Fv2%2Fmedia&parent=25765"}],"wp:term":[{"taxonomy":"category","embeddable":true,"href":"https:\/\/akdenizolaygazetesi.com\/index.php?rest_route=%2Fwp%2Fv2%2Fcategories&post=25765"},{"taxonomy":"post_tag","embeddable":true,"href":"https:\/\/akdenizolaygazetesi.com\/index.php?rest_route=%2Fwp%2Fv2%2Ftags&post=25765"}],"curies":[{"name":"wp","href":"https:\/\/api.w.org\/{rel}","templated":true}]}}