{"id":25769,"date":"2023-05-15T13:05:54","date_gmt":"2023-05-15T10:05:54","guid":{"rendered":"http:\/\/akdenizolaygazetesi.com\/?p=25769"},"modified":"2023-05-15T13:05:54","modified_gmt":"2023-05-15T10:05:54","slug":"once-yuruyus-yaptilar-ardindan-eglendiler","status":"publish","type":"post","link":"https:\/\/akdenizolaygazetesi.com\/?p=25769","title":{"rendered":"\u00d6NCE Y\u00dcR\u00dcY\u00dc\u015e YAPTILAR ARDINDAN E\u011eLEND\u0130LER"},"content":{"rendered":"<p>Mersin B\u00fcy\u00fck\u015fehir Belediyesi Kad\u0131n ve Aile Hizmetleri Daire Ba\u015fkanl\u0131\u011f\u0131 &#8216;Anneler G\u00fcn\u00fc&#8217;n\u00fc, &#8216;Do\u011fa Bizi \u00c7a\u011f\u0131r\u0131yor&#8217; etkinli\u011fi ile kutlad\u0131. 155 anne, \u00e7ocuk ve baban\u0131n kat\u0131ld\u0131\u011f\u0131 gezi, \u00c7aml\u0131yayla \u0130l\u00e7esi Dar\u0131p\u0131nar\u0131 Mahallesi s\u0131n\u0131rlar\u0131 i\u00e7erisinde yer alan Karage\u00e7it G\u00f6leti&#8217;ne ger\u00e7ekle\u015ftirildi.<\/p>\n<p>Ormanl\u0131k alan i\u00e7erisinde yer alan 7,5 km uzunlu\u011fundaki y\u00fcr\u00fcy\u00fc\u015f parkurunda do\u011fa ile i\u00e7 i\u00e7e bir y\u00fcr\u00fcy\u00fc\u015f ger\u00e7ekle\u015ftiren anneler, y\u00fcr\u00fcy\u00fc\u015f sonras\u0131nda Karage\u00e7it G\u00f6leti etraf\u0131nda bulunan mesire alan\u0131nda bir yandan dinlenirken di\u011fer yandan da e\u011flenmeye devam ettiler.<\/p>\n<p>&#8220;\u00c7ok g\u00fczel bir g\u00fcn ge\u00e7irdik&#8221;<br \/>\nGeziye kat\u0131lan Y\u00fcksel Tun\u00e7 \u00c7elebi, Mersin B\u00fcy\u00fck\u015fehir Belediyesi taraf\u0131ndan daha \u00f6nce d\u00fczenlenen farkl\u0131 gezilere kat\u0131ld\u0131\u011f\u0131n\u0131 ve \u00e7ok memnun kald\u0131\u011f\u0131n\u0131 belirterek &#8220;\u00c7ok g\u00fczel bir g\u00fcn ge\u00e7irdik hep birlikte. Anneler G\u00fcn\u00fc&#8217;ne arma\u011fan olmas\u0131 ayr\u0131ca g\u00fczel oldu bizler i\u00e7in. B\u00fcy\u00fck\u015fehir Belediyesi&#8217;nin do\u011fa ile kad\u0131n\u0131, do\u011fa ile insan\u0131 bulu\u015fturmas\u0131 ger\u00e7ekten \u00e7ok g\u00fczel bir d\u00fc\u015f\u00fcnce. Sevgili Ba\u015fkan\u0131m\u0131z Vahap Se\u00e7er&#8217;e ger\u00e7ekten s\u0131rf bu davran\u0131\u015f\u0131, bu etkinli\u011fi i\u00e7in b\u00fct\u00fcn kad\u0131nlar\u0131n ad\u0131na te\u015fekk\u00fcr ediyorum&#8221; dedi.<\/p>\n<p>&#8220;\u00c7ok mutlu olduk&#8221;<br \/>\nGeziye kat\u0131lan Rabia I\u015f\u0131k ise daha \u00f6nce d\u00fczenlenen gezileri ka\u00e7\u0131rd\u0131\u011f\u0131n\u0131 ve bu geziye kat\u0131ld\u0131\u011f\u0131 i\u00e7in \u00e7ok mutlu oldu\u011funu s\u00f6yleyerek, &#8220;G\u00fczel bir grup ile geldik. \u00c7ok te\u015fekk\u00fcr ediyoruz, \u00e7ok mutlu olduk. \u00c7ok g\u00fczel yerler g\u00f6rd\u00fck sayenizde in\u015fallah devam\u0131n\u0131 da g\u00f6r\u00fcr\u00fcz&#8221; diye konu\u015ftu. Parkurun yorucu ve zor oldu\u011funu dile getiren I\u015f\u0131k, &#8220;\u00c7evre \u00e7ok g\u00fczeldi. Ya\u011fmurda ya\u011fm\u0131\u015ft\u0131 serin bir hava vard\u0131. Sevindik, y\u00fcr\u00fcy\u00fc\u015f iyi geldi, yorgunlu\u011fumuzu unuttuk&#8221; \u015feklinde konu\u015ftu.<\/p>\n<p>Anne, anneanne ve babaanne oldu\u011funu belirten I\u015f\u0131k, t\u00fcm annelerin ve kad\u0131nlar\u0131n anneler g\u00fcn\u00fcn kutlayarak, kad\u0131nlar\u0131n torunlar\u0131 ve \u00e7ocuklar\u0131 ile mutlu ve huzurlu bir \u00fclkede ya\u015famalar\u0131n\u0131 istediklerini s\u00f6yledi. Gezi, Karage\u00e7it G\u00f6leti civar\u0131nda bulunan mesire alan\u0131nda d\u00fczenlenen e\u011flencelerin ard\u0131ndan sona erdi.<\/p>\n","protected":false},"excerpt":{"rendered":"<p>Mersin B\u00fcy\u00fck\u015fehir Belediyesi Kad\u0131n ve Aile Hizmetleri Daire Ba\u015fkanl\u0131\u011f\u0131 &#8216;Anneler G\u00fcn\u00fc&#8217;n\u00fc, &#8216;Do\u011fa Bizi \u00c7a\u011f\u0131r\u0131yor&#8217; etkinli\u011fi ile kutlad\u0131. 155 anne, \u00e7ocuk ve baban\u0131n kat\u0131ld\u0131\u011f\u0131 gezi, \u00c7aml\u0131yayla \u0130l\u00e7esi Dar\u0131p\u0131nar\u0131 Mahallesi s\u0131n\u0131rlar\u0131 i\u00e7erisinde &hellip; <a href=\"https:\/\/akdenizolaygazetesi.com\/?p=25769\" class=\"more-link\">Devam\u0131n\u0131 Oku&#8230;<\/a><\/p>\n","protected":false},"author":2,"featured_media":25770,"comment_status":"open","ping_status":"open","sticky":false,"template":"","format":"standard","meta":[],"categories":[2,3],"tags":[],"_links":{"self":[{"href":"https:\/\/akdenizolaygazetesi.com\/index.php?rest_route=\/wp\/v2\/posts\/25769"}],"collection":[{"href":"https:\/\/akdenizolaygazetesi.com\/index.php?rest_route=\/wp\/v2\/posts"}],"about":[{"href":"https:\/\/akdenizolaygazetesi.com\/index.php?rest_route=\/wp\/v2\/types\/post"}],"author":[{"embeddable":true,"href":"https:\/\/akdenizolaygazetesi.com\/index.php?rest_route=\/wp\/v2\/users\/2"}],"replies":[{"embeddable":true,"href":"https:\/\/akdenizolaygazetesi.com\/index.php?rest_route=%2Fwp%2Fv2%2Fcomments&post=25769"}],"version-history":[{"count":1,"href":"https:\/\/akdenizolaygazetesi.com\/index.php?rest_route=\/wp\/v2\/posts\/25769\/revisions"}],"predecessor-version":[{"id":25771,"href":"https:\/\/akdenizolaygazetesi.com\/index.php?rest_route=\/wp\/v2\/posts\/25769\/revisions\/25771"}],"wp:featuredmedia":[{"embeddable":true,"href":"https:\/\/akdenizolaygazetesi.com\/index.php?rest_route=\/wp\/v2\/media\/25770"}],"wp:attachment":[{"href":"https:\/\/akdenizolaygazetesi.com\/index.php?rest_route=%2Fwp%2Fv2%2Fmedia&parent=25769"}],"wp:term":[{"taxonomy":"category","embeddable":true,"href":"https:\/\/akdenizolaygazetesi.com\/index.php?rest_route=%2Fwp%2Fv2%2Fcategories&post=25769"},{"taxonomy":"post_tag","embeddable":true,"href":"https:\/\/akdenizolaygazetesi.com\/index.php?rest_route=%2Fwp%2Fv2%2Ftags&post=25769"}],"curies":[{"name":"wp","href":"https:\/\/api.w.org\/{rel}","templated":true}]}}