{"id":25775,"date":"2023-05-15T13:09:12","date_gmt":"2023-05-15T10:09:12","guid":{"rendered":"http:\/\/akdenizolaygazetesi.com\/?p=25775"},"modified":"2023-05-15T13:09:12","modified_gmt":"2023-05-15T10:09:12","slug":"akdenizde-asfalt-ve-kaldirim-yenileme-calismalari-suruyor","status":"publish","type":"post","link":"https:\/\/akdenizolaygazetesi.com\/?p=25775","title":{"rendered":"AKDEN\u0130Z\u2019DE ASFALT VE KALDIRIM YEN\u0130LEME \u00c7ALI\u015eMALARI S\u00dcR\u00dcYOR"},"content":{"rendered":"<p>Akdeniz Belediyesi, il\u00e7enin \u00fcst yap\u0131s\u0131n\u0131 yenileyip kentin \u00e7ehresini de\u011fi\u015ftirmeye, b\u00f6ylelikle \u0130L\u00c7E SAK\u0130N\u0130 vatanda\u015flar\u0131n g\u00fcnl\u00fck ya\u015fam\u0131n\u0131 kolayla\u015ft\u0131rmaya devam ediyor.<br \/>\nAkdeniz Belediyesi Fen \u0130\u015fleri M\u00fcd\u00fcrl\u00fc\u011f\u00fc, haz\u0131rlad\u0131\u011f\u0131 plan ve program kapsam\u0131nda uzak yak\u0131n demeden il\u00e7eye ba\u011fl\u0131 mahallelerde asfalt yama, kilit ta\u015f\u0131, kald\u0131r\u0131m ve bord\u00fcr yenileme hizmetine h\u0131z verdi. Bu kapsamda M\u00fcfide \u0130lhan, Mahmudiye, Karacailyas, G\u00fcndo\u011fdu, \u015eevket S\u00fcmer, Hal ve Siteler mahallelerine \u00e7\u0131karma yapan ekipler, farkl\u0131 onlarca sokakta asfalt yama, kilit ta\u015f\u0131 tamiri, kald\u0131r\u0131m ve bord\u00fcr d\u00f6\u015feme \u00e7al\u0131\u015fmas\u0131 ger\u00e7ekle\u015ftirdi.<br \/>\nFen i\u015fleri ekipleri, Mahmudiye Mahallesi\u2019nde de \u00e7\u00f6ken bir yola mucur doldurma \u00e7al\u0131\u015fmas\u0131 ger\u00e7ekle\u015ftirip vatanda\u015flar\u0131n ya\u015fad\u0131\u011f\u0131 s\u0131k\u0131nt\u0131y\u0131 ortadan kald\u0131rd\u0131. Mahallelerinin sokaklar\u0131n\u0131 de\u011fi\u015ftiren hummal\u0131 \u00e7al\u0131\u015fmalara tan\u0131k olan vatanda\u015flar, Akdeniz Belediye M. Mustafa G\u00fcltak ve fen i\u015fleri ekiplerine te\u015fekk\u00fcr etti.<br \/>\n\u00d6te yandan, gerek fen i\u015fleri ekiplerince belirlenen b\u00f6lgelerde, gerekse mahalle muhtarlar\u0131 ve vatanda\u015flar\u0131n talebi \u00fczerine asfalt yama, kald\u0131r\u0131m, kilit ta\u015f\u0131 ve bord\u00fcr yenileme hizmeti il\u00e7e genelinde devam edecek. <\/p>\n","protected":false},"excerpt":{"rendered":"<p>Akdeniz Belediyesi, il\u00e7enin \u00fcst yap\u0131s\u0131n\u0131 yenileyip kentin \u00e7ehresini de\u011fi\u015ftirmeye, b\u00f6ylelikle \u0130L\u00c7E SAK\u0130N\u0130 vatanda\u015flar\u0131n g\u00fcnl\u00fck ya\u015fam\u0131n\u0131 kolayla\u015ft\u0131rmaya devam ediyor. Akdeniz Belediyesi Fen \u0130\u015fleri M\u00fcd\u00fcrl\u00fc\u011f\u00fc, haz\u0131rlad\u0131\u011f\u0131 plan ve program kapsam\u0131nda uzak yak\u0131n &hellip; <a href=\"https:\/\/akdenizolaygazetesi.com\/?p=25775\" class=\"more-link\">Devam\u0131n\u0131 Oku&#8230;<\/a><\/p>\n","protected":false},"author":2,"featured_media":25776,"comment_status":"open","ping_status":"open","sticky":false,"template":"","format":"standard","meta":[],"categories":[2,3],"tags":[],"_links":{"self":[{"href":"https:\/\/akdenizolaygazetesi.com\/index.php?rest_route=\/wp\/v2\/posts\/25775"}],"collection":[{"href":"https:\/\/akdenizolaygazetesi.com\/index.php?rest_route=\/wp\/v2\/posts"}],"about":[{"href":"https:\/\/akdenizolaygazetesi.com\/index.php?rest_route=\/wp\/v2\/types\/post"}],"author":[{"embeddable":true,"href":"https:\/\/akdenizolaygazetesi.com\/index.php?rest_route=\/wp\/v2\/users\/2"}],"replies":[{"embeddable":true,"href":"https:\/\/akdenizolaygazetesi.com\/index.php?rest_route=%2Fwp%2Fv2%2Fcomments&post=25775"}],"version-history":[{"count":1,"href":"https:\/\/akdenizolaygazetesi.com\/index.php?rest_route=\/wp\/v2\/posts\/25775\/revisions"}],"predecessor-version":[{"id":25777,"href":"https:\/\/akdenizolaygazetesi.com\/index.php?rest_route=\/wp\/v2\/posts\/25775\/revisions\/25777"}],"wp:featuredmedia":[{"embeddable":true,"href":"https:\/\/akdenizolaygazetesi.com\/index.php?rest_route=\/wp\/v2\/media\/25776"}],"wp:attachment":[{"href":"https:\/\/akdenizolaygazetesi.com\/index.php?rest_route=%2Fwp%2Fv2%2Fmedia&parent=25775"}],"wp:term":[{"taxonomy":"category","embeddable":true,"href":"https:\/\/akdenizolaygazetesi.com\/index.php?rest_route=%2Fwp%2Fv2%2Fcategories&post=25775"},{"taxonomy":"post_tag","embeddable":true,"href":"https:\/\/akdenizolaygazetesi.com\/index.php?rest_route=%2Fwp%2Fv2%2Ftags&post=25775"}],"curies":[{"name":"wp","href":"https:\/\/api.w.org\/{rel}","templated":true}]}}