{"id":25781,"date":"2023-05-16T13:24:27","date_gmt":"2023-05-16T10:24:27","guid":{"rendered":"http:\/\/akdenizolaygazetesi.com\/?p=25781"},"modified":"2023-05-16T13:24:27","modified_gmt":"2023-05-16T10:24:27","slug":"toroslar-belediyesinin-anneler-gunune-ozel-yetistirdigi-kadife-cicekleri-sahiplerine-ulastirildi","status":"publish","type":"post","link":"https:\/\/akdenizolaygazetesi.com\/?p=25781","title":{"rendered":"TOROSLAR BELED\u0130YES\u0130N\u0130N ANNELER G\u00dcN\u00dc&#8217;NE \u00d6ZEL YET\u0130\u015eT\u0130RD\u0130\u011e\u0130 KAD\u0130FE \u00c7\u0130\u00c7EKLER\u0130, SAH\u0130PLER\u0130NE ULA\u015eTIRILDI"},"content":{"rendered":"<p>Toroslar Belediye Ba\u015fkan\u0131 Ats\u0131z Af\u015f\u0131n Y\u0131lmaz, her y\u0131l May\u0131s ay\u0131n\u0131n ikinci Pazar g\u00fcn\u00fc kutlanan Anneler G\u00fcn\u00fc&#8217;nde yine anneleri sevindirdi.<\/p>\n<p>Toroslar Belediyesinin Park ve Bah\u00e7eler M\u00fcd\u00fcrl\u00fc\u011f\u00fc seras\u0131nda \u00f6zenle yeti\u015ftirilen reng\u00e2renk kadife \u00e7i\u00e7ekler, il\u00e7enin d\u00f6rt bir yan\u0131nda annelere ve anne adaylar\u0131na hediye edildi.<\/p>\n<p>\u00c7i\u00e7eklerini alan anneler ise bu \u00f6zel g\u00fcnde kendilerini unutmayan Toroslar Belediye Ba\u015fkan\u0131 Ats\u0131z Af\u015f\u0131n Y\u0131lmaz&#8217;a te\u015fekk\u00fcr etti.<\/p>\n<p>&#8220;HAKLARINI H\u0130\u00c7B\u0130R ZAMAN \u00d6DEYEMEY\u0130Z&#8221;<\/p>\n<p> &#8220;Cennet analar\u0131n ayaklar\u0131 alt\u0131ndad\u0131r&#8221; hadisine at\u0131fta bulunan Toroslar Belediye Ba\u015fkan\u0131 Ats\u0131z Af\u015f\u0131n Y\u0131lmaz ise; &#8220;Evlad\u0131n\u0131, sevgisi, merhameti ve fedak\u00e2rl\u0131\u011f\u0131yla narin bir \u00e7i\u00e7ek gibi b\u00fcy\u00fcten annelerimizdir. Toroslar Belediyesi olarak her y\u0131l seram\u0131zda \u00f6zenle yeti\u015ftirdi\u011fimiz kadife \u00e7i\u00e7eklerimizi bu y\u0131l da annelerimize ula\u015ft\u0131rarak, minnettarl\u0131\u011f\u0131m\u0131z\u0131 ifade ettik. Haklar\u0131n\u0131 hi\u00e7bir zaman \u00f6deyemeyece\u011fimiz annelerimiz, bizim i\u00e7in sadece bir g\u00fcn de\u011fil ya\u015fam\u0131m\u0131z boyunca en de\u011ferli varl\u0131klar\u0131m\u0131zd\u0131r. Ba\u015f\u0131m\u0131z\u0131n tac\u0131 annelerimize sa\u011fl\u0131k, mutluluk ve esenlikler diliyorum&#8221; diye konu\u015ftu.<\/p>\n","protected":false},"excerpt":{"rendered":"<p>Toroslar Belediye Ba\u015fkan\u0131 Ats\u0131z Af\u015f\u0131n Y\u0131lmaz, her y\u0131l May\u0131s ay\u0131n\u0131n ikinci Pazar g\u00fcn\u00fc kutlanan Anneler G\u00fcn\u00fc&#8217;nde yine anneleri sevindirdi. Toroslar Belediyesinin Park ve Bah\u00e7eler M\u00fcd\u00fcrl\u00fc\u011f\u00fc seras\u0131nda \u00f6zenle yeti\u015ftirilen reng\u00e2renk kadife &hellip; <a href=\"https:\/\/akdenizolaygazetesi.com\/?p=25781\" class=\"more-link\">Devam\u0131n\u0131 Oku&#8230;<\/a><\/p>\n","protected":false},"author":2,"featured_media":25782,"comment_status":"open","ping_status":"open","sticky":false,"template":"","format":"standard","meta":[],"categories":[2,3],"tags":[],"_links":{"self":[{"href":"https:\/\/akdenizolaygazetesi.com\/index.php?rest_route=\/wp\/v2\/posts\/25781"}],"collection":[{"href":"https:\/\/akdenizolaygazetesi.com\/index.php?rest_route=\/wp\/v2\/posts"}],"about":[{"href":"https:\/\/akdenizolaygazetesi.com\/index.php?rest_route=\/wp\/v2\/types\/post"}],"author":[{"embeddable":true,"href":"https:\/\/akdenizolaygazetesi.com\/index.php?rest_route=\/wp\/v2\/users\/2"}],"replies":[{"embeddable":true,"href":"https:\/\/akdenizolaygazetesi.com\/index.php?rest_route=%2Fwp%2Fv2%2Fcomments&post=25781"}],"version-history":[{"count":1,"href":"https:\/\/akdenizolaygazetesi.com\/index.php?rest_route=\/wp\/v2\/posts\/25781\/revisions"}],"predecessor-version":[{"id":25783,"href":"https:\/\/akdenizolaygazetesi.com\/index.php?rest_route=\/wp\/v2\/posts\/25781\/revisions\/25783"}],"wp:featuredmedia":[{"embeddable":true,"href":"https:\/\/akdenizolaygazetesi.com\/index.php?rest_route=\/wp\/v2\/media\/25782"}],"wp:attachment":[{"href":"https:\/\/akdenizolaygazetesi.com\/index.php?rest_route=%2Fwp%2Fv2%2Fmedia&parent=25781"}],"wp:term":[{"taxonomy":"category","embeddable":true,"href":"https:\/\/akdenizolaygazetesi.com\/index.php?rest_route=%2Fwp%2Fv2%2Fcategories&post=25781"},{"taxonomy":"post_tag","embeddable":true,"href":"https:\/\/akdenizolaygazetesi.com\/index.php?rest_route=%2Fwp%2Fv2%2Ftags&post=25781"}],"curies":[{"name":"wp","href":"https:\/\/api.w.org\/{rel}","templated":true}]}}