{"id":25784,"date":"2023-05-16T13:25:50","date_gmt":"2023-05-16T10:25:50","guid":{"rendered":"http:\/\/akdenizolaygazetesi.com\/?p=25784"},"modified":"2023-05-16T13:25:50","modified_gmt":"2023-05-16T10:25:50","slug":"bu-yili-yuzde-93-22lik-yuksek-bir-oranla-tamamlamis-oluyoruz","status":"publish","type":"post","link":"https:\/\/akdenizolaygazetesi.com\/?p=25784","title":{"rendered":"&#8220;Bu y\u0131l\u0131 y\u00fczde 93.22&#8217;lik y\u00fcksek bir oranla tamamlam\u0131\u015f oluyoruz&#8221;"},"content":{"rendered":"<p>Mersin B\u00fcy\u00fck\u015fehir Belediyesi 2023 Y\u0131l\u0131 May\u0131s Ay\u0131 Ola\u011fan Meclis Toplant\u0131s\u0131 2. Birle\u015fimi,  Mersin B\u00fcy\u00fck\u015fehir Belediye Ba\u015fkan\u0131 Vahap Se\u00e7er ba\u015fkanl\u0131\u011f\u0131nda ger\u00e7ekle\u015ftirildi. Meclis toplant\u0131s\u0131nda, Birimlerden Gelen 1 ve Komisyonlara Havale Edilen 9 madde olmak \u00fczere, toplam 10 madde g\u00f6r\u00fc\u015f\u00fcld\u00fc.<br \/>\nBa\u015fkan Se\u00e7er, ge\u00e7ti\u011fimiz g\u00fcnlerde ger\u00e7ekle\u015fen  Cumhurba\u015fkan\u0131 ve 28. D\u00f6nem Milletvekili Genel Se\u00e7imleri&#8217;nin Mersin&#8217;e ve t\u00fcm T\u00fcrkiye&#8217;ye hay\u0131rl\u0131 olmas\u0131n\u0131 diledi.<\/p>\n<p>12-18 May\u0131s Hem\u015fireler Haftas\u0131 ve 14 May\u0131s D\u00fcnya Eczac\u0131l\u0131k G\u00fcn\u00fc dolay\u0131s\u0131yla hem\u015fireler ve eczac\u0131lar\u0131n g\u00fcnlerini kutlayan Se\u00e7er, &#8220;&#8216;Herkes i\u00e7in sa\u011fl\u0131k&#8217; ilkesini benimseyen, b\u00fcy\u00fck bir sab\u0131r, emek ve fedak\u00e2rl\u0131kla \u00e7al\u0131\u015fan hem hem\u015firelerimize ve eczac\u0131lar\u0131m\u0131za \u015f\u00fckranlar\u0131m\u0131z\u0131 sunuyorum.&#8221; dedi. 14 May\u0131s \u00c7ift\u00e7iler G\u00fcn\u00fc ile ilgili de konu\u015fan Se\u00e7er, &#8220;Topra\u011f\u0131n bereketini \u00fcretime ve zenginli\u011fe d\u00f6n\u00fc\u015ft\u00fcrmek i\u00e7in b\u00fcy\u00fck bir emekle topra\u011f\u0131 i\u015fleyen, \u00fcretimin her kademesinde \u00e7al\u0131\u015fan ve elde etti\u011fi \u00fcr\u00fcne de\u011fer katarak bize de\u011fer sunan b\u00fct\u00fcn \u00e7ift\u00e7ilerimizin 14 May\u0131s \u00c7ift\u00e7iler G\u00fcn\u00fc&#8217;n\u00fc kutluyor, bereketli bir \u00fcr\u00fcn sezonu ge\u00e7irmelerini temenni ediyorum&#8221; diye konu\u015ftu. Se\u00e7er konu\u015fmas\u0131nda, t\u00fcm annelerin de Anneler G\u00fcn\u00fc&#8217;n\u00fc kutlad\u0131.<\/p>\n<p>Gen\u00e7lik haftas\u0131nda B\u00fcy\u00fck\u015fehir&#8217;den dolu dolu etkinlikler<br \/>\n19 May\u0131s Atat\u00fcrk&#8217;\u00fc Anma Gen\u00e7lik ve Spor Bayram\u0131 kapsam\u0131nda B\u00fcy\u00fck\u015fehir&#8217;in kent genelinde bir dizi etkinlik ger\u00e7ekle\u015ftirece\u011fini belirten Se\u00e7er, hafta boyunca s\u00fcrecek olan programlara b\u00fct\u00fcn gen\u00e7leri davet etti. Se\u00e7er, &#8220;\u0130l\u00e7elerimizden de gen\u00e7lerimizin bu etkinliklere kat\u0131l\u0131m\u0131n\u0131 sa\u011flamak i\u00e7in otob\u00fcslerimiz sefer yapacaklar. Sosyal medya hesaplar\u0131ndan belediyemizin bu etkinliklerle ilgili program\u0131 ve otob\u00fcslerimizin hareket noktas\u0131n\u0131 ve saatini \u00f6\u011frenebilirler&#8221; ifadelerini kulland\u0131.<\/p>\n<p>&#8220;Bu y\u0131l\u0131 y\u00fczde 93.22&#8217;lik y\u00fcksek bir oranla tamamlam\u0131\u015f oluyoruz&#8221;<br \/>\nB\u00fcy\u00fck\u015fehir&#8217;in 2022 Mal\u0131 Y\u0131l\u0131 Kesin Hesab\u0131 ile ilgili veriler de payla\u015fan Ba\u015fkan Se\u00e7er, &#8220;2022 y\u0131l\u0131 kesin hesap ger\u00e7ekle\u015fme oran\u0131m\u0131z; b\u00fct\u00e7e giderleri ger\u00e7ekle\u015fme oran\u0131m\u0131z y\u00fczde 92.71, b\u00fct\u00e7e gelirleri ger\u00e7ekle\u015fme oran\u0131m\u0131z y\u00fczde 93.22. B\u00fct\u00e7e giderlerinin y\u0131llara g\u00f6re ger\u00e7ekle\u015fme oran\u0131; 2019 y\u0131l\u0131nda y\u00fczde 66.03, 2020 y\u0131l\u0131nda y\u00fczde 71.83, 2021 y\u0131l\u0131nda y\u00fczde 99.70 ve bu y\u0131lda y\u00fczde 92.71. Y\u00f6netime geldi\u011fimizden beri anlaml\u0131 bir y\u00fckselme var. 2021 y\u0131l\u0131nda da pik yapm\u0131\u015f. Bu y\u0131l da iki ek b\u00fct\u00e7e yapmam\u0131za, stabil bir y\u0131l olmamas\u0131na ve ekonomik istikrar\u0131n sa\u011flanamamas\u0131na ra\u011fmen b\u00f6yle bir oranla y\u0131l\u0131 tamamlam\u0131\u015f\u0131z. Ba\u015far\u0131l\u0131 bir oran. B\u00fct\u00e7e gelirlerinin ekonomik s\u0131n\u0131fland\u0131r\u0131lmas\u0131 y\u0131llara g\u00f6re ger\u00e7ekle\u015fme oranlar\u0131m\u0131z; 2019 y\u0131l\u0131nda y\u00fczde 74.33, 2020&#8217;de y\u00fczde 88.55, 2021 y\u0131l\u0131nda y\u00fczde 99.82 olarak ger\u00e7ekle\u015fmi\u015f. Bu y\u0131l\u0131 da ek b\u00fct\u00e7elere ra\u011fmen y\u00fczde 93.22&#8217;lik y\u00fcksek bir oranla tamamlam\u0131\u015f oluyoruz&#8221; dedi.<\/p>\n<p>&#8216;Tarsus Tarihi Kent Merkezi Koruma ve Canland\u0131rma Projesi&#8217;ne ili\u015fkin Mersin \u00dcniversitesi ile yap\u0131lacak protokolle ilgili madde hakk\u0131nda bilgilendirme yapan Ba\u015fkan Se\u00e7er, &#8220;Et\u00fct ve Projeler Dairesi, tarihi kent merkezi ile ilgili yapt\u0131\u011f\u0131 \u00e7al\u0131\u015fmalarda Mersin \u00dcniversitesi&#8217;nden akademik dan\u0131\u015fmanl\u0131k almak istiyor. Dolay\u0131s\u0131yla biz bunu bir s\u00f6zle\u015fme \u00e7er\u00e7evesinde hukuki ve resmi bir zemine oturturuz. Bununla ilgili Mersin \u00dcniversitesi ile bilgi al\u0131\u015fveri\u015finde bulunmak i\u00e7in bir protokol yapmam\u0131z gerekiyor. Tarsus&#8217;a bug\u00fcne kadar dokunulmam\u0131\u015f, biz de dokunal\u0131m dedik. Mersin&#8217;in tarihi Kent Merkezi&#8217;ne nas\u0131l dokunduysak oraya da dokunal\u0131m. Tarsus&#8217;un tarihi kent merkezi ile ilgili global bir bilimsel \u00e7al\u0131\u015fma ba\u015flat\u0131yoruz. Tarsus&#8217;un b\u00fct\u00fcn caddelerinde prestij cadde yap\u0131m i\u015flemleri de ba\u015fl\u0131yor&#8221; ifadelerine yer verdi.<\/p>\n<p>Mersin B\u00fcy\u00fck\u015fehir Belediyesi 2023 Y\u0131l\u0131 May\u0131s Ay\u0131 Ola\u011fan Meclis Toplant\u0131s\u0131 2. Birle\u015fimi, ilgili maddenin oy birli\u011fi ile komisyona havale edilmesinin ard\u0131ndan sona erdi.<\/p>\n","protected":false},"excerpt":{"rendered":"<p>Mersin B\u00fcy\u00fck\u015fehir Belediyesi 2023 Y\u0131l\u0131 May\u0131s Ay\u0131 Ola\u011fan Meclis Toplant\u0131s\u0131 2. Birle\u015fimi, Mersin B\u00fcy\u00fck\u015fehir Belediye Ba\u015fkan\u0131 Vahap Se\u00e7er ba\u015fkanl\u0131\u011f\u0131nda ger\u00e7ekle\u015ftirildi. Meclis toplant\u0131s\u0131nda, Birimlerden Gelen 1 ve Komisyonlara Havale Edilen 9 &hellip; <a href=\"https:\/\/akdenizolaygazetesi.com\/?p=25784\" class=\"more-link\">Devam\u0131n\u0131 Oku&#8230;<\/a><\/p>\n","protected":false},"author":2,"featured_media":25785,"comment_status":"open","ping_status":"open","sticky":false,"template":"","format":"standard","meta":[],"categories":[8,2,3],"tags":[],"_links":{"self":[{"href":"https:\/\/akdenizolaygazetesi.com\/index.php?rest_route=\/wp\/v2\/posts\/25784"}],"collection":[{"href":"https:\/\/akdenizolaygazetesi.com\/index.php?rest_route=\/wp\/v2\/posts"}],"about":[{"href":"https:\/\/akdenizolaygazetesi.com\/index.php?rest_route=\/wp\/v2\/types\/post"}],"author":[{"embeddable":true,"href":"https:\/\/akdenizolaygazetesi.com\/index.php?rest_route=\/wp\/v2\/users\/2"}],"replies":[{"embeddable":true,"href":"https:\/\/akdenizolaygazetesi.com\/index.php?rest_route=%2Fwp%2Fv2%2Fcomments&post=25784"}],"version-history":[{"count":1,"href":"https:\/\/akdenizolaygazetesi.com\/index.php?rest_route=\/wp\/v2\/posts\/25784\/revisions"}],"predecessor-version":[{"id":25786,"href":"https:\/\/akdenizolaygazetesi.com\/index.php?rest_route=\/wp\/v2\/posts\/25784\/revisions\/25786"}],"wp:featuredmedia":[{"embeddable":true,"href":"https:\/\/akdenizolaygazetesi.com\/index.php?rest_route=\/wp\/v2\/media\/25785"}],"wp:attachment":[{"href":"https:\/\/akdenizolaygazetesi.com\/index.php?rest_route=%2Fwp%2Fv2%2Fmedia&parent=25784"}],"wp:term":[{"taxonomy":"category","embeddable":true,"href":"https:\/\/akdenizolaygazetesi.com\/index.php?rest_route=%2Fwp%2Fv2%2Fcategories&post=25784"},{"taxonomy":"post_tag","embeddable":true,"href":"https:\/\/akdenizolaygazetesi.com\/index.php?rest_route=%2Fwp%2Fv2%2Ftags&post=25784"}],"curies":[{"name":"wp","href":"https:\/\/api.w.org\/{rel}","templated":true}]}}