{"id":25787,"date":"2023-05-16T13:27:26","date_gmt":"2023-05-16T10:27:26","guid":{"rendered":"http:\/\/akdenizolaygazetesi.com\/?p=25787"},"modified":"2023-05-16T13:27:26","modified_gmt":"2023-05-16T10:27:26","slug":"halkkent-emekli-evi-uyeleri-darisekisi-ornek-koyunde-guzel-havanin-tadini-cikardi","status":"publish","type":"post","link":"https:\/\/akdenizolaygazetesi.com\/?p=25787","title":{"rendered":"HALKKENT EMEKL\u0130 EV\u0130 \u00dcYELER\u0130 DARISEK\u0130S\u0130 \u00d6RNEK K\u00d6Y\u00dc&#8217;NDE G\u00dcZEL HAVANIN TADINI \u00c7IKARDI"},"content":{"rendered":"<p>Mersin B\u00fcy\u00fck\u015fehir Belediyesi Halkkent Sosyal Ya\u015fam Merkezi b\u00fcnyesindeki Emekli Evi \u00fcyeleri, d\u00fczenlenen etkinlikle Dar\u0131sekisi \u00d6rnek K\u00f6y\u00fc&#8217;n\u00fc gezdi.<\/p>\n<p>Sosyal Hizmetler Dairesi&#8217;ne ba\u011fl\u0131 Halkkent Sosyal Ya\u015fam Merkezi Emekli Evi \u00fcyeleri, Dar\u0131sekisi \u00d6rnek K\u00f6y\u00fc&#8217;nde yap\u0131lan etkinlikle g\u00fczel havan\u0131n tad\u0131n\u0131 \u00e7\u0131kard\u0131. \u00d6rnek K\u00f6y&#8217;de sat\u0131lan do\u011fal \u00fcr\u00fcnleri inceleyen \u00fcyeler, bir s\u00fcre dinlenerek sohbet etti. Fiziksel aktivite ile devam eden etkinlikte kat\u0131l\u0131mc\u0131lar, Ortanca Soka\u011f\u0131 gezerek rengarenk evlerin \u00f6n\u00fcnde hat\u0131ra foto\u011fraf\u0131 \u00e7ektirdi. Hem hareket etme, hem de sosyalle\u015fme imkan\u0131 bulan kat\u0131l\u0131mc\u0131lar\u0131n \u00e7o\u011fu Dar\u0131sekisi \u00d6rnek K\u00f6y\u00fc ilk defa g\u00f6r\u00fcrken, Y\u00f6r\u00fck kad\u0131nlar\u0131 taraf\u0131ndan haz\u0131rlanan b\u00f6rek ve s\u0131kmalar\u0131n da tad\u0131na bakt\u0131.<\/p>\n<p>Yeter: &#8220;Hedef sa\u011fl\u0131kl\u0131 ve hareketli ya\u015fam&#8221;<br \/>\nHalkkent Emekli Evi Sorumlusu \u00c7a\u011fda\u015f Yeter gezi hakk\u0131nda bilgi vererek, &#8220;Ama\u00e7 ye\u015filin her tonunu g\u00f6rmek, topra\u011f\u0131n bereketini bilmektir. Bahar ayn\u0131 zamanda hareket demektir. Biz de bu dinamizme katk\u0131 sunmak amac\u0131yla, Dar\u0131sekisi \u00d6rnek K\u00f6y gezisini tertip ettik. Hedef sa\u011fl\u0131kl\u0131 ve hareketli ya\u015fam&#8221; dedi.<\/p>\n<p>&#8220;Kendimizi \u00e7ok mutlu hissediyoruz&#8221;<br \/>\nHalkkent Emekli Evi hizmetlerinden faydalanan Peruze Berki, gezi dolay\u0131s\u0131yla \u00e7ok mutlu oldu\u011funu belirterek, &#8220;A\u00e7\u0131k hava bize \u00e7ok iyi geldi. \u00c7ok memnunuz. Bedensel faaliyetler yap\u0131ld\u0131. Kendimizi \u00e7ok g\u00fczel, \u00e7ok mutlu hissediyoruz. Bu gezilerin devam\u0131n\u0131 diliyoruz. \u00c7ok daha g\u00fczel \u015feyler olaca\u011f\u0131n\u0131 \u00fcmit ediyoruz. Bizler bir yerlere \u00e7\u0131kam\u0131yoruz, o y\u00fczden bu t\u00fcr faaliyetler bize \u00e7ok iyi geliyor. Sosyal belediyecilik anlay\u0131\u015f\u0131yla \u00e7al\u0131\u015fan Belediye Ba\u015fkan\u0131m\u0131z\u0131 y\u00fcrekten takdir ediyoruz&#8221; dedi.<\/p>\n<p>&#8220;G\u00fczel bir fikir, g\u00fczel bir dayan\u0131\u015fma&#8221;<br \/>\nHerkesin, Dar\u0131sekisi \u00d6rnek K\u00f6y\u00fc gezmesi gerekti\u011fini s\u00f6yleyen Mustafa Y\u0131ld\u0131z, &#8220;\u00d6rnek K\u00f6y ziyareti \u00e7ok g\u00fczel oldu. \u0130n\u015fallah bundan sonra devaml\u0131 geliriz. G\u00fczel bir fikir, g\u00fczel bir dayan\u0131\u015fma. \u00c7ok g\u00fczel bir yer. Havas\u0131yla, do\u011fas\u0131yla \u00e7ok g\u00fczel bir g\u00fcn ge\u00e7ti&#8221; diye konu\u015ftu.<\/p>\n<p>Emekli Evi&#8217;nin t\u00fcm etkinliklerini be\u011fendi\u011fini s\u00f6yleyen Selma Din\u00e7er ise, &#8220;Gezdik, e\u011flendik. \u00c7ok g\u00fczel bir yer. Herkesi buraya davet etmek istiyorum. Herkes buyursun gelsin. Belediye Ba\u015fkan\u0131m\u0131zdan Allah raz\u0131 olsun. Bize \u00e7ok g\u00fczel davran\u0131yorlar, \u00e7ok iyi bak\u0131yorlar, her \u015feyimizle ilgileniyorlar&#8221; ifadelerini kulland\u0131.<\/p>\n<p>&#8220;Sanki cennet gibi bir yer&#8221;<br \/>\nEmekli \u00f6\u011fretmen \u00d6kke\u015f Yetim de geziye kat\u0131lan isimlerden. G\u00fczel havan\u0131n tad\u0131n\u0131 \u00e7\u0131kard\u0131klar\u0131n\u0131 s\u00f6yleyen Yetim, &#8220;Bahar\u0131 ya\u015famak, bahar\u0131n g\u00fczelliklerini g\u00f6rebilmek bizim i\u00e7in bir mutluluk kayna\u011f\u0131 oldu. \u015eahane bir gezi. Buraya ilk kez geldik. Sanki cennet gibi bir yer. \u00c7ok memnun olduk. \u0130n\u015fallah bundan sonra da ba\u015fka organizasyonlar d\u00fczenlenerek, bizlere daha de\u011fi\u015fik yerleri g\u00f6sterirler&#8221; diye belirtti.<\/p>\n","protected":false},"excerpt":{"rendered":"<p>Mersin B\u00fcy\u00fck\u015fehir Belediyesi Halkkent Sosyal Ya\u015fam Merkezi b\u00fcnyesindeki Emekli Evi \u00fcyeleri, d\u00fczenlenen etkinlikle Dar\u0131sekisi \u00d6rnek K\u00f6y\u00fc&#8217;n\u00fc gezdi. Sosyal Hizmetler Dairesi&#8217;ne ba\u011fl\u0131 Halkkent Sosyal Ya\u015fam Merkezi Emekli Evi \u00fcyeleri, Dar\u0131sekisi \u00d6rnek &hellip; <a href=\"https:\/\/akdenizolaygazetesi.com\/?p=25787\" class=\"more-link\">Devam\u0131n\u0131 Oku&#8230;<\/a><\/p>\n","protected":false},"author":2,"featured_media":25788,"comment_status":"open","ping_status":"open","sticky":false,"template":"","format":"standard","meta":[],"categories":[1,2,3],"tags":[],"_links":{"self":[{"href":"https:\/\/akdenizolaygazetesi.com\/index.php?rest_route=\/wp\/v2\/posts\/25787"}],"collection":[{"href":"https:\/\/akdenizolaygazetesi.com\/index.php?rest_route=\/wp\/v2\/posts"}],"about":[{"href":"https:\/\/akdenizolaygazetesi.com\/index.php?rest_route=\/wp\/v2\/types\/post"}],"author":[{"embeddable":true,"href":"https:\/\/akdenizolaygazetesi.com\/index.php?rest_route=\/wp\/v2\/users\/2"}],"replies":[{"embeddable":true,"href":"https:\/\/akdenizolaygazetesi.com\/index.php?rest_route=%2Fwp%2Fv2%2Fcomments&post=25787"}],"version-history":[{"count":1,"href":"https:\/\/akdenizolaygazetesi.com\/index.php?rest_route=\/wp\/v2\/posts\/25787\/revisions"}],"predecessor-version":[{"id":25789,"href":"https:\/\/akdenizolaygazetesi.com\/index.php?rest_route=\/wp\/v2\/posts\/25787\/revisions\/25789"}],"wp:featuredmedia":[{"embeddable":true,"href":"https:\/\/akdenizolaygazetesi.com\/index.php?rest_route=\/wp\/v2\/media\/25788"}],"wp:attachment":[{"href":"https:\/\/akdenizolaygazetesi.com\/index.php?rest_route=%2Fwp%2Fv2%2Fmedia&parent=25787"}],"wp:term":[{"taxonomy":"category","embeddable":true,"href":"https:\/\/akdenizolaygazetesi.com\/index.php?rest_route=%2Fwp%2Fv2%2Fcategories&post=25787"},{"taxonomy":"post_tag","embeddable":true,"href":"https:\/\/akdenizolaygazetesi.com\/index.php?rest_route=%2Fwp%2Fv2%2Ftags&post=25787"}],"curies":[{"name":"wp","href":"https:\/\/api.w.org\/{rel}","templated":true}]}}