{"id":25796,"date":"2023-05-16T13:32:14","date_gmt":"2023-05-16T10:32:14","guid":{"rendered":"http:\/\/akdenizolaygazetesi.com\/?p=25796"},"modified":"2023-05-16T13:32:14","modified_gmt":"2023-05-16T10:32:14","slug":"sampiyon-ogrencilerden-egitim-mudurlugune-ziyaret","status":"publish","type":"post","link":"https:\/\/akdenizolaygazetesi.com\/?p=25796","title":{"rendered":"\u015eAMP\u0130YON \u00d6\u011eRENC\u0130LERDEN E\u011e\u0130T\u0130M M\u00dcD\u00dcRL\u00dc\u011e\u00dcNE Z\u0130YARET"},"content":{"rendered":"<p>Mezitli Bah\u00e7e\u015fehir Koleji &#8220;Satran\u00e7 B\u00f6lge \u015eampiyonlar\u0131&#8221; ve &#8220;Robotex Turkey&#8221; de T\u00fcrkiye \u015eampiyonu olan 32 \u00f6\u011frenci; Kurum M\u00fcd\u00fcr\u00fc Say\u0131n Nilg\u00fcn G\u00dcVEN e\u015fli\u011finde \u0130l Milli E\u011fitim M\u00fcd\u00fcr\u00fcm\u00fcz Say\u0131n Adem KOCA&#8217;y\u0131 makam\u0131nda ziyaret ettiler.<\/p>\n<p>\u0130l Milli E\u011fitim M\u00fcd\u00fcr\u00fcm\u00fcz Say\u0131n Adem KOCA, ziyaretten duydu\u011fu memnuniyeti ifade ederek: &#8220;2022-2023 e\u011fitim \u00f6\u011fretim y\u0131l\u0131 okul sporlar\u0131 faaliyet program\u0131nda yer alan ve 26-30 Nisan 2023 tarihleri aras\u0131nda Karaman ilinde d\u00fczenlenen Satran\u00e7 K\u00fc\u00e7\u00fckler Genel Grup m\u00fcsabakalar\u0131nda \u00f6\u011frencilerimiz birincilik elde etmi\u015fler; d\u00fcnyan\u0131n en b\u00fcy\u00fck Robotik Festivali olan Robotex Turkey&#8217; de de 10 tak\u0131m ve 26 \u00f6\u011frenci ile yar\u0131\u015fmaya kat\u0131lan \u00f6\u011frencilerimizden 4 tak\u0131m T\u00fcrkiye \u015fampiyonlu\u011fu, 3 tak\u0131m T\u00fcrkiye ikincili\u011fi, 2 tak\u0131m j\u00fcri \u00f6zel \u00f6d\u00fcl\u00fc  alarak Kas\u0131m ay\u0131nda ESTONYA da d\u00fczenlenecek olan Robotex D\u00fcnya \u015eampiyonas\u0131&#8217; na kat\u0131lmaya hak kazanm\u0131\u015flard\u0131r. Bu ba\u015far\u0131ya imza atan t\u00fcm evlatlar\u0131m\u0131 ve de\u011ferli meslekta\u015flar\u0131m\u0131 y\u00fcrekten tebrik ediyor, ba\u015far\u0131lar\u0131n\u0131n devam\u0131n\u0131 diliyorum.&#8221; dedi.<\/p>\n","protected":false},"excerpt":{"rendered":"<p>Mezitli Bah\u00e7e\u015fehir Koleji &#8220;Satran\u00e7 B\u00f6lge \u015eampiyonlar\u0131&#8221; ve &#8220;Robotex Turkey&#8221; de T\u00fcrkiye \u015eampiyonu olan 32 \u00f6\u011frenci; Kurum M\u00fcd\u00fcr\u00fc Say\u0131n Nilg\u00fcn G\u00dcVEN e\u015fli\u011finde \u0130l Milli E\u011fitim M\u00fcd\u00fcr\u00fcm\u00fcz Say\u0131n Adem KOCA&#8217;y\u0131 makam\u0131nda ziyaret &hellip; <a href=\"https:\/\/akdenizolaygazetesi.com\/?p=25796\" class=\"more-link\">Devam\u0131n\u0131 Oku&#8230;<\/a><\/p>\n","protected":false},"author":2,"featured_media":25797,"comment_status":"open","ping_status":"open","sticky":false,"template":"","format":"standard","meta":[],"categories":[2,3],"tags":[],"_links":{"self":[{"href":"https:\/\/akdenizolaygazetesi.com\/index.php?rest_route=\/wp\/v2\/posts\/25796"}],"collection":[{"href":"https:\/\/akdenizolaygazetesi.com\/index.php?rest_route=\/wp\/v2\/posts"}],"about":[{"href":"https:\/\/akdenizolaygazetesi.com\/index.php?rest_route=\/wp\/v2\/types\/post"}],"author":[{"embeddable":true,"href":"https:\/\/akdenizolaygazetesi.com\/index.php?rest_route=\/wp\/v2\/users\/2"}],"replies":[{"embeddable":true,"href":"https:\/\/akdenizolaygazetesi.com\/index.php?rest_route=%2Fwp%2Fv2%2Fcomments&post=25796"}],"version-history":[{"count":1,"href":"https:\/\/akdenizolaygazetesi.com\/index.php?rest_route=\/wp\/v2\/posts\/25796\/revisions"}],"predecessor-version":[{"id":25798,"href":"https:\/\/akdenizolaygazetesi.com\/index.php?rest_route=\/wp\/v2\/posts\/25796\/revisions\/25798"}],"wp:featuredmedia":[{"embeddable":true,"href":"https:\/\/akdenizolaygazetesi.com\/index.php?rest_route=\/wp\/v2\/media\/25797"}],"wp:attachment":[{"href":"https:\/\/akdenizolaygazetesi.com\/index.php?rest_route=%2Fwp%2Fv2%2Fmedia&parent=25796"}],"wp:term":[{"taxonomy":"category","embeddable":true,"href":"https:\/\/akdenizolaygazetesi.com\/index.php?rest_route=%2Fwp%2Fv2%2Fcategories&post=25796"},{"taxonomy":"post_tag","embeddable":true,"href":"https:\/\/akdenizolaygazetesi.com\/index.php?rest_route=%2Fwp%2Fv2%2Ftags&post=25796"}],"curies":[{"name":"wp","href":"https:\/\/api.w.org\/{rel}","templated":true}]}}