{"id":25799,"date":"2023-05-17T12:57:57","date_gmt":"2023-05-17T09:57:57","guid":{"rendered":"http:\/\/akdenizolaygazetesi.com\/?p=25799"},"modified":"2023-05-17T12:57:57","modified_gmt":"2023-05-17T09:57:57","slug":"akdenizde-park-bahce-ve-yesil-alanlar-elden-geciyor","status":"publish","type":"post","link":"https:\/\/akdenizolaygazetesi.com\/?p=25799","title":{"rendered":"AKDEN\u0130Z\u2019DE PARK, BAH\u00c7E VE YE\u015e\u0130L ALANLAR ELDEN GE\u00c7\u0130YOR"},"content":{"rendered":"<p>Akdeniz Belediyesi; havalar\u0131n \u0131s\u0131nmas\u0131yla birlikte vatanda\u015flar\u0131n en \u00e7ok u\u011frad\u0131\u011f\u0131, temiz nefes al\u0131p yorgunlu\u011funu \u00fczerinden att\u0131\u011f\u0131 park, bah\u00e7e ve ye\u015fil alanlarda bak\u0131m, onar\u0131m, temizlik ve tadilat \u00e7al\u0131\u015fmalar\u0131na h\u0131z verdi.<br \/>\nAkdeniz Belediyesi Park ve Bah\u00e7eler M\u00fcd\u00fcrl\u00fc\u011f\u00fc, haz\u0131rlad\u0131\u011f\u0131 plan kapsam\u0131nda merkez-k\u0131rsal b\u00f6lge demeden, havalar\u0131n \u0131s\u0131nmas\u0131 nedeniyle il\u00e7e sakini vatanda\u015flar\u0131n en \u00e7ok ra\u011fbet etti\u011fi park ve ye\u015fil alanlara y\u00f6nelik bak\u0131m, onar\u0131m, tadilat, mevsimlik \u00e7i\u00e7ek dikimi, a\u011fa\u00e7 ve \u00e7im budama \u00e7al\u0131\u015fmalar\u0131n\u0131 aral\u0131ks\u0131z s\u00fcrd\u00fcr\u00fcyor.<br \/>\nAhmet Taner K\u0131\u015flal\u0131 Park\u0131\u2019n\u0131 mevsimlik \u00e7i\u00e7eklerle donat\u0131p parka g\u00f6z al\u0131c\u0131 bir g\u00f6r\u00fcnt\u00fc kazand\u0131ran ekipler, her g\u00fcn y\u00fczlerce ailenin u\u011fray\u0131p dinlendi\u011fi veya ailecek piknik yapt\u0131\u011f\u0131 \u00dcmit Ya\u015far O\u011fuzcan Park\u0131\u2019nda bulunan havuzda da kapsaml\u0131 bir temizlik \u00e7al\u0131\u015fmas\u0131 yapt\u0131. \u00c7ankaya Mahallesi 4727 sokak \u00fczerinde bulunan bo\u015f arsay\u0131 da y\u00fckselen otlar, \u00e7al\u0131lar ve \u00e7\u00f6plerden ar\u0131nd\u0131ran ekipler; il\u00e7e s\u0131n\u0131rlar\u0131nda bulunan bir\u00e7ok parkta da a\u011fa\u00e7 budama, \u00e7im bi\u00e7me ve temizlik \u00e7al\u0131\u015fmas\u0131 ger\u00e7ekle\u015ftirdi. Park ve Bah\u00e7eler M\u00fcd\u00fcrl\u00fc\u011f\u00fc b\u00fcnyesinde hizmet veren mobil temizlik ekibi de Huzurkent Polis Merkezi ile Ahi Evran \u0130mam Hatip Ortaokulu\u2019nda hal\u0131 y\u0131kama ve dezenfekte \u00e7al\u0131\u015fmas\u0131 yapt\u0131.<br \/>\nUzak yak\u0131n demeden her mahalleye hizmet<br \/>\nYo\u011fun bir tempoda \u00e7al\u0131\u015fan Park ve Bah\u00e7eler M\u00fcd\u00fcrl\u00fc\u011f\u00fc ekipleri; Kazanl\u0131 Cumhuriyet Mahallesi Aile Sa\u011fl\u0131\u011f\u0131 Merkezi ile Muhtarl\u0131k \u00f6n\u00fc; H\u00fcrriyet Mahallesi \u015eeyh Yusuf Reyhani T\u00fcrbesi; Toroslar Mahallesi Yakak\u00f6y \u0130lkokulu bah\u00e7esi; Evci Mahallesi \u00dc\u00e7gen Park; Ya\u015far Kemal Park\u0131; \u0130hsaniye (Melemez), Sar\u0131ibrahimli ile Huzurkent Adnan Menderes Mahallesi, Huzurkent Bah\u015fi\u015f Mahallesi Halk K\u00fct\u00fcphanesi bah\u00e7esi, Ko\u015far Park ve Uzun Park; K\u00f6selerli \u015een Sokak, Parmakkurdu Mahallesi \u0130lkokulu, A\u015fa\u011f\u0131 Burhan Mahallesi taziye evi \u00f6n\u00fc ile Bah\u00e7eli Futbol Sahas\u0131\u2019nda \u00e7im bi\u00e7me, a\u011fa\u00e7 budama ve temizlik \u00e7al\u0131\u015fmalar\u0131 ger\u00e7ekle\u015ftirdi.<\/p>\n","protected":false},"excerpt":{"rendered":"<p>Akdeniz Belediyesi; havalar\u0131n \u0131s\u0131nmas\u0131yla birlikte vatanda\u015flar\u0131n en \u00e7ok u\u011frad\u0131\u011f\u0131, temiz nefes al\u0131p yorgunlu\u011funu \u00fczerinden att\u0131\u011f\u0131 park, bah\u00e7e ve ye\u015fil alanlarda bak\u0131m, onar\u0131m, temizlik ve tadilat \u00e7al\u0131\u015fmalar\u0131na h\u0131z verdi. Akdeniz Belediyesi &hellip; <a href=\"https:\/\/akdenizolaygazetesi.com\/?p=25799\" class=\"more-link\">Devam\u0131n\u0131 Oku&#8230;<\/a><\/p>\n","protected":false},"author":2,"featured_media":25800,"comment_status":"open","ping_status":"open","sticky":false,"template":"","format":"standard","meta":[],"categories":[2,3],"tags":[],"_links":{"self":[{"href":"https:\/\/akdenizolaygazetesi.com\/index.php?rest_route=\/wp\/v2\/posts\/25799"}],"collection":[{"href":"https:\/\/akdenizolaygazetesi.com\/index.php?rest_route=\/wp\/v2\/posts"}],"about":[{"href":"https:\/\/akdenizolaygazetesi.com\/index.php?rest_route=\/wp\/v2\/types\/post"}],"author":[{"embeddable":true,"href":"https:\/\/akdenizolaygazetesi.com\/index.php?rest_route=\/wp\/v2\/users\/2"}],"replies":[{"embeddable":true,"href":"https:\/\/akdenizolaygazetesi.com\/index.php?rest_route=%2Fwp%2Fv2%2Fcomments&post=25799"}],"version-history":[{"count":1,"href":"https:\/\/akdenizolaygazetesi.com\/index.php?rest_route=\/wp\/v2\/posts\/25799\/revisions"}],"predecessor-version":[{"id":25801,"href":"https:\/\/akdenizolaygazetesi.com\/index.php?rest_route=\/wp\/v2\/posts\/25799\/revisions\/25801"}],"wp:featuredmedia":[{"embeddable":true,"href":"https:\/\/akdenizolaygazetesi.com\/index.php?rest_route=\/wp\/v2\/media\/25800"}],"wp:attachment":[{"href":"https:\/\/akdenizolaygazetesi.com\/index.php?rest_route=%2Fwp%2Fv2%2Fmedia&parent=25799"}],"wp:term":[{"taxonomy":"category","embeddable":true,"href":"https:\/\/akdenizolaygazetesi.com\/index.php?rest_route=%2Fwp%2Fv2%2Fcategories&post=25799"},{"taxonomy":"post_tag","embeddable":true,"href":"https:\/\/akdenizolaygazetesi.com\/index.php?rest_route=%2Fwp%2Fv2%2Ftags&post=25799"}],"curies":[{"name":"wp","href":"https:\/\/api.w.org\/{rel}","templated":true}]}}