{"id":25814,"date":"2023-05-17T13:05:20","date_gmt":"2023-05-17T10:05:20","guid":{"rendered":"http:\/\/akdenizolaygazetesi.com\/?p=25814"},"modified":"2023-05-17T13:05:20","modified_gmt":"2023-05-17T10:05:20","slug":"tarsusta-orman-koylumuzu-desteklemeye-devam-ediyoruz","status":"publish","type":"post","link":"https:\/\/akdenizolaygazetesi.com\/?p=25814","title":{"rendered":"&#8216;Tarsus\u2019ta Orman K\u00f6yl\u00fcm\u00fcz\u00fc Desteklemeye Devam Ediyoruz&#8217;"},"content":{"rendered":"\n<p>Mersin Orman B\u00f6lge M\u00fcd\u00fcrl\u00fc\u011f\u00fcne ba\u011fl\u0131 Tarsus Orman \u0130\u015fletme M\u00fcd\u00fcrl\u00fc\u011f\u00fc sorumluluk alan\u0131ndaki Karak\u00fct\u00fck ve K\u0131z\u0131l\u00e7ukur Mahallesinde, Gelir getirici t\u00fcr sertifika da\u011f\u0131t\u0131m\u0131 yap\u0131ld\u0131.<br>Gelir getirici t\u00fcrlere ait faydalanma sertifikalar\u0131n\u0131n da\u011f\u0131t\u0131ld\u0131\u011f\u0131 t\u00f6rene, Mersin Orman B\u00f6lge M\u00fcd\u00fcr Yard\u0131mc\u0131s\u0131 Mehmet Fulin, Ekosistem Hizmetleri \u015eube M\u00fcd\u00fcr\u00fc Muhammet Aslanhan, Tarsus Orman \u0130\u015fletme M\u00fcd\u00fcr\u00fc Muhammet K\u00f6se, Karak\u00fct\u00fck ve K\u0131z\u0131l\u00e7ukur Mahalle Muhtarlar\u0131, orman i\u015fletme \u015fefleri ve vatanda\u015flar kat\u0131ld\u0131.<br>2022 y\u0131l\u0131nda Rehabiltasyon \u00e7al\u0131\u015fmas\u0131 yap\u0131lan Karak\u00fct\u00fck Mahallesine 120 Ha alanda 64 haneye defnenin, K\u0131z\u0131l\u00e7ukur Mahallesinde ise 65 Ha alanda 131 haneye zeytinin, gelir getirici t\u00fcr olarak k\u00f6y halk\u0131na sertifika ile da\u011f\u0131t\u0131m\u0131 ger\u00e7ekle\u015ftirildi. Toplam 195 adet sertifika ile 185 hektar alan\u0131n 6831 say\u0131l\u0131 Orman Kanunu\u2019nun Ek 12. maddesi uyar\u0131nca orman \u00fcr\u00fcn\u00fcnden faydalanmak \u00fczere k\u00f6y halk\u0131m\u0131za da\u011f\u0131t\u0131m\u0131 ile k\u0131rsal b\u00f6lgelerimizin ekonomisine katk\u0131 sa\u011flanmas\u0131 ama\u00e7land\u0131.<br>Bu do\u011frultuda daha \u00f6nce Rehabiltasyon ve A\u011fa\u00e7land\u0131rma \u00e7al\u0131\u015fmas\u0131 yap\u0131lan k\u00f6ylerimizde gelir getirici t\u00fcr da\u011f\u0131t\u0131m\u0131 uygulamam\u0131z devam edecektir.<\/p>\n","protected":false},"excerpt":{"rendered":"<p>Mersin Orman B\u00f6lge M\u00fcd\u00fcrl\u00fc\u011f\u00fcne ba\u011fl\u0131 Tarsus Orman \u0130\u015fletme M\u00fcd\u00fcrl\u00fc\u011f\u00fc sorumluluk alan\u0131ndaki Karak\u00fct\u00fck ve K\u0131z\u0131l\u00e7ukur Mahallesinde, Gelir getirici t\u00fcr sertifika da\u011f\u0131t\u0131m\u0131 yap\u0131ld\u0131.Gelir getirici t\u00fcrlere ait faydalanma sertifikalar\u0131n\u0131n da\u011f\u0131t\u0131ld\u0131\u011f\u0131 t\u00f6rene, Mersin Orman &hellip; <a href=\"https:\/\/akdenizolaygazetesi.com\/?p=25814\" class=\"more-link\">Devam\u0131n\u0131 Oku&#8230;<\/a><\/p>\n","protected":false},"author":2,"featured_media":25815,"comment_status":"open","ping_status":"open","sticky":false,"template":"","format":"standard","meta":[],"categories":[1,3],"tags":[],"_links":{"self":[{"href":"https:\/\/akdenizolaygazetesi.com\/index.php?rest_route=\/wp\/v2\/posts\/25814"}],"collection":[{"href":"https:\/\/akdenizolaygazetesi.com\/index.php?rest_route=\/wp\/v2\/posts"}],"about":[{"href":"https:\/\/akdenizolaygazetesi.com\/index.php?rest_route=\/wp\/v2\/types\/post"}],"author":[{"embeddable":true,"href":"https:\/\/akdenizolaygazetesi.com\/index.php?rest_route=\/wp\/v2\/users\/2"}],"replies":[{"embeddable":true,"href":"https:\/\/akdenizolaygazetesi.com\/index.php?rest_route=%2Fwp%2Fv2%2Fcomments&post=25814"}],"version-history":[{"count":1,"href":"https:\/\/akdenizolaygazetesi.com\/index.php?rest_route=\/wp\/v2\/posts\/25814\/revisions"}],"predecessor-version":[{"id":25816,"href":"https:\/\/akdenizolaygazetesi.com\/index.php?rest_route=\/wp\/v2\/posts\/25814\/revisions\/25816"}],"wp:featuredmedia":[{"embeddable":true,"href":"https:\/\/akdenizolaygazetesi.com\/index.php?rest_route=\/wp\/v2\/media\/25815"}],"wp:attachment":[{"href":"https:\/\/akdenizolaygazetesi.com\/index.php?rest_route=%2Fwp%2Fv2%2Fmedia&parent=25814"}],"wp:term":[{"taxonomy":"category","embeddable":true,"href":"https:\/\/akdenizolaygazetesi.com\/index.php?rest_route=%2Fwp%2Fv2%2Fcategories&post=25814"},{"taxonomy":"post_tag","embeddable":true,"href":"https:\/\/akdenizolaygazetesi.com\/index.php?rest_route=%2Fwp%2Fv2%2Ftags&post=25814"}],"curies":[{"name":"wp","href":"https:\/\/api.w.org\/{rel}","templated":true}]}}