{"id":25817,"date":"2023-05-17T13:07:15","date_gmt":"2023-05-17T10:07:15","guid":{"rendered":"http:\/\/akdenizolaygazetesi.com\/?p=25817"},"modified":"2023-05-17T13:07:15","modified_gmt":"2023-05-17T10:07:15","slug":"vali-ali-hamza-pehlivan-temsili-askerlik-yapan-engelli-vatandaslarimiza-terhis-belgelerini-verdi","status":"publish","type":"post","link":"https:\/\/akdenizolaygazetesi.com\/?p=25817","title":{"rendered":"VAL\u0130 AL\u0130 HAMZA PEHL\u0130VAN, TEMS\u0130L\u0130 ASKERL\u0130K YAPAN ENGELL\u0130 VATANDA\u015eLARIMIZA TERH\u0130S BELGELER\u0130N\u0130 VERD\u0130"},"content":{"rendered":"<p>Valimiz Ali Hamza Pehlivan, Y\u0131ld\u0131z Pehlivan han\u0131mefendi ile birlikte, Engelliler Haftas\u0131 etkinlikleri kapsam\u0131nda Akdeniz B\u00f6lge ve Garnizon Komutanl\u0131\u011f\u0131 taraf\u0131ndan organize edilen \u2018Temsili Askerlik Yemin ve Terhis T\u00f6reni\u2019ne kat\u0131ld\u0131.<\/p>\n<p>Akdeniz B\u00f6lge ve Garnizon Komutanl\u0131\u011f\u0131\u2019nda sayg\u0131 duru\u015funda bulunulmas\u0131 ve \u0130stiklal Mar\u015f\u0131n\u0131n okunmas\u0131yla ba\u015flayan t\u00f6rende; Akdeniz B\u00f6lge ve Garnizon Komutan\u0131 Tu\u011famiral Fuat Gedik t\u00f6rende yapt\u0131\u011f\u0131 konu\u015fmas\u0131n\u0131n ard\u0131ndan konu\u015fan Engelli Denizci Er R\u00fcstem Kurt; vatani g\u00f6revi bir g\u00fcn dahi yapman\u0131n gurur verici oldu\u011funu, bu duyguyu en \u00fcst derecede ya\u015fad\u0131klar\u0131n\u0131 belirtti.<\/p>\n<p>Vali Pehlivan yemin t\u00f6reninde, 30 denizci ve 24 Jandarma Er olarak temsili askerlik yapan 54 engelli vatanda\u015f\u0131m\u0131z\u0131n terhis heyecan\u0131na ortak olup, omuz omuza silah ve bayrak \u00fczerine el basarak yemin eden engelli vatanda\u015flar\u0131m\u0131za terhis belgelerini verdi.<\/p>\n<p>Vali Pehlivan, yap\u0131lan t\u00f6renin akabinde engelli vatanda\u015flar\u0131m\u0131z ve aileleriyle yak\u0131ndan ilgilendi.<\/p>\n<p>Yap\u0131lan t\u00f6rene; Mersin \u00dcniversitesi Rekt\u00f6r\u00fc Prof. Dr. Erol Ya\u015far, Tarsus \u00dcniversitesi Rekt\u00f6r\u00fc Prof. Dr. Orhan Ayd\u0131n, \u00c7a\u011f \u00dcniversitesi Rekt\u00f6r\u00fc Prof. Dr. \u00dcnal Ay, Akdeniz Kaymakam\u0131 Zeyit \u015eener, \u0130l Jandarma Komutan\u0131 Tu\u011fgeneral Necip \u00c7ar\u0131kc\u0131o\u011flu, Sahil G\u00fcvenlik Akdeniz B\u00f6lge Komutan\u0131 Tu\u011famiral O\u011fuz Bavbek, Toroslar Belediye Ba\u015fkan\u0131 Ats\u0131z Af\u015f\u0131n Y\u0131lmaz ve engelli vatanda\u015flar\u0131m\u0131z\u0131n aileleri kat\u0131ld\u0131.<\/p>\n","protected":false},"excerpt":{"rendered":"<p>Valimiz Ali Hamza Pehlivan, Y\u0131ld\u0131z Pehlivan han\u0131mefendi ile birlikte, Engelliler Haftas\u0131 etkinlikleri kapsam\u0131nda Akdeniz B\u00f6lge ve Garnizon Komutanl\u0131\u011f\u0131 taraf\u0131ndan organize edilen \u2018Temsili Askerlik Yemin ve Terhis T\u00f6reni\u2019ne kat\u0131ld\u0131. Akdeniz B\u00f6lge &hellip; <a href=\"https:\/\/akdenizolaygazetesi.com\/?p=25817\" class=\"more-link\">Devam\u0131n\u0131 Oku&#8230;<\/a><\/p>\n","protected":false},"author":2,"featured_media":25818,"comment_status":"open","ping_status":"open","sticky":false,"template":"","format":"standard","meta":[],"categories":[2,3],"tags":[],"_links":{"self":[{"href":"https:\/\/akdenizolaygazetesi.com\/index.php?rest_route=\/wp\/v2\/posts\/25817"}],"collection":[{"href":"https:\/\/akdenizolaygazetesi.com\/index.php?rest_route=\/wp\/v2\/posts"}],"about":[{"href":"https:\/\/akdenizolaygazetesi.com\/index.php?rest_route=\/wp\/v2\/types\/post"}],"author":[{"embeddable":true,"href":"https:\/\/akdenizolaygazetesi.com\/index.php?rest_route=\/wp\/v2\/users\/2"}],"replies":[{"embeddable":true,"href":"https:\/\/akdenizolaygazetesi.com\/index.php?rest_route=%2Fwp%2Fv2%2Fcomments&post=25817"}],"version-history":[{"count":1,"href":"https:\/\/akdenizolaygazetesi.com\/index.php?rest_route=\/wp\/v2\/posts\/25817\/revisions"}],"predecessor-version":[{"id":25819,"href":"https:\/\/akdenizolaygazetesi.com\/index.php?rest_route=\/wp\/v2\/posts\/25817\/revisions\/25819"}],"wp:featuredmedia":[{"embeddable":true,"href":"https:\/\/akdenizolaygazetesi.com\/index.php?rest_route=\/wp\/v2\/media\/25818"}],"wp:attachment":[{"href":"https:\/\/akdenizolaygazetesi.com\/index.php?rest_route=%2Fwp%2Fv2%2Fmedia&parent=25817"}],"wp:term":[{"taxonomy":"category","embeddable":true,"href":"https:\/\/akdenizolaygazetesi.com\/index.php?rest_route=%2Fwp%2Fv2%2Fcategories&post=25817"},{"taxonomy":"post_tag","embeddable":true,"href":"https:\/\/akdenizolaygazetesi.com\/index.php?rest_route=%2Fwp%2Fv2%2Ftags&post=25817"}],"curies":[{"name":"wp","href":"https:\/\/api.w.org\/{rel}","templated":true}]}}