{"id":25826,"date":"2023-05-18T12:58:27","date_gmt":"2023-05-18T09:58:27","guid":{"rendered":"http:\/\/akdenizolaygazetesi.com\/?p=25826"},"modified":"2023-05-18T12:58:27","modified_gmt":"2023-05-18T09:58:27","slug":"akdeniz-belediye-baskan-gultak-14-mayis-sonuclarini-degerlendirdi","status":"publish","type":"post","link":"https:\/\/akdenizolaygazetesi.com\/?p=25826","title":{"rendered":"AKDEN\u0130Z BELED\u0130YE BA\u015eKAN G\u00dcLTAK; 14 MAYIS SONU\u00c7LARINI DE\u011eERLEND\u0130RD\u0130,"},"content":{"rendered":"<p>Akdeniz Belediye Ba\u015fkan\u0131 M. Mustafa G\u00fcltak, bir radyo program\u0131nda kat\u0131ld\u0131\u011f\u0131 canl\u0131 yay\u0131nda, \u201c14 May\u0131s\u2019ta ger\u00e7ekle\u015fen Cumhurba\u015fkan\u0131 ve 28. D\u00f6nem Milletvekili Se\u00e7imlerinin\u201d sonu\u00e7lar\u0131na ili\u015fkin de\u011ferlendirme yapt\u0131; Cumhur \u0130ttifak\u0131\u2019n\u0131n hem T\u00fcrkiye hem de Mersin genelinde b\u00fcy\u00fck ba\u015far\u0131yla se\u00e7imden \u00e7\u0131kt\u0131\u011f\u0131n\u0131 vurgulad\u0131.<br \/>\nDe\u011ferlendirmesinde, Akdeniz Belediyesi\u2019nin 4 y\u0131lda ger\u00e7ekle\u015ftirdi\u011fi hizmetler, proje ve yat\u0131r\u0131mlar\u0131 da anlatan Ba\u015fkan Mustafa G\u00fcltak, Cumhurba\u015fkan\u0131 se\u00e7imi i\u00e7in 28 May\u0131s 2023 tarihinde yap\u0131lacak 2\u2019nci tur se\u00e7iminde Cumhurba\u015fkan\u0131 Erdo\u011fan\u2019a destek istedi, t\u00fcm se\u00e7menleri o g\u00fcn mutlaka sand\u0131\u011fa gidip oy kullanmaya davet etti.<br \/>\n\u201cYo\u011fun \u00e7al\u0131\u015fmam\u0131z\u0131n meyvelerini se\u00e7imde ald\u0131k\u201d<br \/>\nS\u00f6zlerine; \u201cT\u00fcrkiye Cumhuriyeti bu sene 100\u2019\u00fcnc\u00fc y\u0131l\u0131n\u0131 dolduruyor. \u0130n\u015fallah hep beraber 29 Ekim\u2019de 100\u2019\u00fcnc\u00fc y\u0131l\u0131m\u0131z\u0131n kutlamalar\u0131n\u0131 yapaca\u011f\u0131z\u201d \u015feklinde ba\u015flayan Ba\u015fkan G\u00fcltak, \u201cT\u00fcrkiye, belki de tarihinin en kritik, en \u00f6nemli se\u00e7imine gitti. Dolay\u0131s\u0131yla te\u015fkilatlar, partiler herkes yo\u011fun \u00e7al\u0131\u015fma i\u00e7erisine girdi. Hazine ve Maliye Bakan\u0131m\u0131z Say\u0131n Nureddin Nebati Cumhur \u0130ttifak\u0131\u2019na ve Mersin\u2019e ger\u00e7ekten g\u00fc\u00e7 katt\u0131. Ekibi ve ailesiyle yo\u011fun bir \u015fekilde \u00e7al\u0131\u015ft\u0131. Tabi partimiz, milletvekillerimiz, bizler de yo\u011fun bir \u00e7al\u0131\u015fma i\u00e7erisine girdik ve bunun meyvelerini ald\u0131\u011f\u0131m\u0131z\u0131 d\u00fc\u015f\u00fcn\u00fcyorum\u201d dedi.<br \/>\n\u201cBirilerinin hayalleri suya d\u00fc\u015ft\u00fc\u201d<br \/>\nT\u00fcrkiye geneli ve Mersin\u2019e bak\u0131ld\u0131\u011f\u0131nda kazanan\u0131n Cumhur \u0130ttifak\u0131 oldu\u011funu vurgulayan Ba\u015fkan G\u00fcltak; \u201cCumhurba\u015fkan\u0131 se\u00e7imi ikinci tura kald\u0131 ama g\u00fc\u00e7lendirilmi\u015f parlamenter sistem sevdalar\u0131, birilerinin ba\u015fbakanl\u0131k sevdalar\u0131, birilerinin bu veya \u015fu sevdalar\u0131 suya d\u00fc\u015ft\u00fc. \u00c7\u00fcnk\u00fc \u015fu an itibariyle kesinle\u015fmemi\u015f sonu\u00e7lara g\u00f6re ki san\u0131r\u0131m Cuma g\u00fcn\u00fc milletvekilleri mazbatalar\u0131n\u0131 alacak, b\u00fcy\u00fck ihtimalle Pazar-Pazartesi g\u00fcn\u00fc de Meclis\u2019te yemin t\u00f6reni ba\u015flayacak. Salt \u00e7o\u011funlu\u011fun \u00e7ok \u00fczerinde Cumhur \u0130ttifak\u0131\u2019n\u0131n milletvekili s\u00f6z konusu. Dolay\u0131s\u0131yla bu asl\u0131nda T\u00fcrkiye\u2019deki se\u00e7menlerin siyasi partilere verdi\u011fi bir mesaj oldu.<br \/>\n\u2018Evet; ekonomide s\u0131k\u0131nt\u0131lar var\u2026 Evet deprem oldu, pandemi oldu ama bu i\u015fi \u00e7\u00f6zerse Cumhur \u0130ttifak\u0131 \u00e7\u00f6zer. Bu i\u015fi \u00e7\u00f6zerse Recep Tayyip Erdo\u011fan \u00e7\u00f6zer\u2019 mesaj\u0131n\u0131 se\u00e7menler; sand\u0131kta vermi\u015f oldu. \u0130kinci tura da k\u0131l pay\u0131 kald\u0131. Partilerimiz, te\u015fkilatlar\u0131m\u0131z olarak h\u0131zl\u0131 bir \u015fekilde programlar\u0131m\u0131za ba\u015flad\u0131k. 11 g\u00fcn sonraki se\u00e7ime iyi haz\u0131rlan\u0131p disiplinli \u015fekilde \u00e7al\u0131\u015fmaya devam edece\u011fiz. 28 May\u0131s\u2019ta da Allah\u2019\u0131n izniyle ikinci turda Cumhurba\u015fkan\u0131m\u0131z\u0131 se\u00e7tirip kald\u0131\u011f\u0131m\u0131z yerden devam edece\u011fiz. Bu ba\u015far\u0131y\u0131 elde etmemizde eme\u011fi ge\u00e7en te\u015fkilatlar\u0131m\u0131za, partililerimize, oy veren veya vermeyen b\u00fct\u00fcn vatanda\u015flar\u0131m\u0131za da \u00e7ok te\u015fekk\u00fcr ediyorum\u201d diye konu\u015ftu.<br \/>\n\u201cDinime k\u00fcfreden M\u00fcsl\u00fcman olsa!\u201d<br \/>\nMeclis toplant\u0131lar\u0131nda, muhalif \u00fcyelerle kimi zaman ya\u015fanan tart\u0131\u015fmalara da de\u011findi\u011fi konu\u015fmas\u0131nda Ba\u015fkan G\u00fcltak, belediyeyi a\u011f\u0131r bir bor\u00e7 ve faiz y\u00fck\u00fc ile devralmalar\u0131na ra\u011fmen il\u00e7eyi de\u011fi\u015ftiren hizmet, proje ve yat\u0131r\u0131mlar \u00fcrettiklerini ancak muhalif \u00fcyelerin bunu da t\u00fcrl\u00fc yollarla engellemeye kalkt\u0131\u011f\u0131n\u0131 ifade etti. \u201cBen, ge\u00e7mi\u015f y\u00f6netim d\u00f6neminde ba\u015fkalar\u0131na pe\u015fke\u015f \u00e7ekilen arazilerimizi de yeniden belediyeye kazand\u0131r\u0131yorum\u201d diyen Ba\u015fkan G\u00fcltak, s\u00f6zlerini \u015f\u00f6yle s\u00fcrd\u00fcrd\u00fc; \u201cDinime k\u00fcfreden M\u00fcsl\u00fcman olsa. Siz sat\u0131n, pe\u015fke\u015f \u00e7ekin! Biz ise d\u00fczeltelim\u2026 Hay\u0131r, sen yapma!<br \/>\n\u00d6nemli de\u011fil, \u00f6n\u00fcm\u00fcz\u00fc t\u0131kayamayacaklar Allah\u2019\u0131n izniyle. Her hal\u00fckarda asfalt d\u00f6kmeye ba\u015flayaca\u011f\u0131z yak\u0131nda. Elimizden geldi\u011fi kadar asfalt d\u00f6kmeye, kald\u0131r\u0131m yapmaya, hizmet vermeye devam edece\u011fiz. Onlar bizi engellesin. Vatanda\u015f bunu g\u00f6r\u00fcyor; sahada oldu\u011fumuz, anlatt\u0131\u011f\u0131m\u0131z i\u00e7in de idrak ediyor. Tabi bir \u00e7\u00f6k\u00fc\u015f var. Akdeniz\u2019de ciddi bir \u00e7\u00f6k\u00fc\u015f var. B\u00fcy\u00fck\u015fehir\u2019de de Akdeniz\u2019de de bizim \u00fczerimize gelmelerinin nedeni de bu.<br \/>\nMersin\u2019de bu g\u00fcne kadar halk\u0131n i\u00e7inde olan, hizmet \u00fcreten, kibirlenmeyen, \u00e7ocukla \u00e7ocuk, ya\u015fl\u0131 ile ya\u015fl\u0131, kad\u0131nlarla sohbet etmesini bilen, sosyal, k\u00fclt\u00fcrel ve sportif faaliyetleri yapan tabi belediye ba\u015fkanlar\u0131m\u0131z olmu\u015f ama say\u0131lar\u0131 az. Halk\u0131n kalbine girdi\u011fimizden dolay\u0131 k\u0131skan\u0131yor ve \u00e7\u00f6k\u00fc\u015f\u00fc ya\u015f\u0131yorlar. Bu \u00e7\u00f6k\u00fc\u015f\u00fcn sonucunda da bu kavgalar\u0131 \u00e7\u0131kart\u0131yorlar. Fakat biz \u00f6n\u00fcm\u00fcze bak\u0131yoruz. \u00c7\u00fcnk\u00fc Akdeniz\u2019de yap\u0131lacak \u00e7ok i\u015f var. Verdi\u011fimiz birka\u00e7 s\u00f6z\u00fcm\u00fcz kald\u0131 onlar\u0131 da 10 ay i\u00e7inde yerine getirece\u011fiz. Rabbim aday olmay\u0131 nasip ederse, halk\u0131m\u0131z da bizi tercih ederse gelecek 5 y\u0131lda da kald\u0131\u011f\u0131m\u0131z yerden h\u0131zl\u0131 bir \u015fekilde b\u00fcy\u00fcyerek, yeni projeler \u00fcreterek Akdeniz\u2019de devam edece\u011fiz.\u201d<br \/>\n\u201c\u00c7ay Mahallesi\u2019nin \u00e7ehresi de\u011fi\u015fti, vatanda\u015flar\u0131n evi \u00e7ok de\u011fer kazand\u0131\u201d<br \/>\n\u00c7ay ve Bar\u0131\u015f mahalleleri yerinde kentsel d\u00f6n\u00fc\u015f\u00fcm projelerine de de\u011findi\u011fi de\u011ferlendirmesinde Ba\u015fkan G\u00fcltak, \u201c\u00c7ay Mahallesi\u2019ni bitirdik ve \u015fu an 200\u2019e yak\u0131n dairenin anahtarlar\u0131n\u0131 hak sahiplerine da\u011f\u0131tt\u0131k. Bu vatanda\u015flar\u0131m\u0131z yeni evlerinde oturuyorlar. Hatta 2 milyon TL civar\u0131 bir \u00fccrete TOK\u0130\u2019den ald\u0131\u011f\u0131 yeni evini sat\u0131l\u0131\u011fa \u00e7\u0131karan da var. D\u00fc\u015f\u00fcn\u00fcn; \u00c7ay Mahallesi\u2019nde bir eve 2 milyon isteniyorsa ki satarlar, ev de\u011ferli \u00e7\u00fcnk\u00fc.<br \/>\nYar\u0131n bir g\u00fcn Bar\u0131\u015f Mahallesi\u2019nde tahmin ediyorum 3 bu\u00e7uk 4 milyon diyecek vatanda\u015f. 100 metrekarelik bir dairenin kentsel d\u00f6n\u00fc\u015f\u00fcmdeki pazarl\u0131k yapt\u0131\u011f\u0131m\u0131z d\u00f6nemdeki fiyat\u0131 300 bin lira idi. Kendi evi ne ediyorsa onu d\u00fc\u015ft\u00fck, \u00fcst\u00fcne para verdi, para ald\u0131 veya kafa kafaya geldi. \u015eimdi tabi, bir yandan para kazand\u0131lar, evleri; tabuttan eve d\u00f6n\u00fc\u015ft\u00fc. Donat\u0131 alanlar\u0131, ye\u015fil alanlar\u0131, do\u011falgaz\u0131, interneti, altyap\u0131s\u0131, asfalt\u0131 oldu\u2026 \u00c7ay Mahallesi sakinleri projeden \u00e7ok memnun kald\u0131. \u015eimdi Bar\u0131\u015f\u2019ta da tahmin ediyorum y\u0131lsonuna do\u011fru y\u00fcklenici firma evleri teslim edecek. Biz de anahtarlar\u0131 teslim edece\u011fiz\u201d ifadelerini kulland\u0131.<\/p>\n<p>\u201c20 y\u0131ld\u0131r s\u00f6ylenen yalanlar\u0131, 4 y\u0131lda bitirmek kolay de\u011fil\u201d<br \/>\nSoru \u00fczerine; \u00c7ay Mahallesi\u2019nde tamamlanan yerinde kentsel d\u00f6n\u00fc\u015f\u00fcm projesine ili\u015fkin kamuoyunda \u00e7ok fazla bilgi kirlili\u011fi ve yalan haberin yay\u0131lmaya \u00e7al\u0131\u015f\u0131ld\u0131\u011f\u0131n\u0131 hat\u0131rlatan Ba\u015fkan G\u00fcltak, \u201c\u00d6zellikle HDP\u2019nin \u00fcst d\u00fczey y\u00f6neticilerinin yapt\u0131\u011f\u0131 \u015fuydu; \u2018Evinizi, d\u00fckk\u00e2n\u0131n\u0131z\u0131 elinizden alacaklar. Sizi asimile edecekler.<br \/>\nHep yalan, yalan! Ama bug\u00fcn geldi\u011fimiz noktada art\u0131k \u00c7ay Mahallesi\u2019nde oturanlar var, kimsenin evi zorla elinden al\u0131nmad\u0131, kimse s\u00fcr\u00fcklenmedi. Dolay\u0131s\u0131yla hepsinin yalan oldu\u011fu ortaya \u00e7\u0131kt\u0131. \u0130ster HDP, ister AK Parti, ister MHP, ister CHP\u2019ye oy vermi\u015f olsun, vatanda\u015f \u015funu g\u00f6rd\u00fc; bir kere bu sistemde partisi \u00f6nemli de\u011fil. Orada oturan bir ki\u015finin ma\u011fdur olmayaca\u011f\u0131n\u0131 anlad\u0131 vatanda\u015f. Dolay\u0131s\u0131yla vatanda\u015f bizden memnun, h\u00fck\u00fcmetin, iktidar\u0131n yapt\u0131klar\u0131ndan memnun.<br \/>\nTabi 20 y\u0131ll\u0131k bir yalan s\u00fcreci vard\u0131. 20 y\u0131ld\u0131r s\u00f6ylenen yalanlar\u0131 4 y\u0131lda bitiremezsiniz. Do\u011fru ve ba\u015far\u0131l\u0131 i\u015fler yap\u0131yoruz. Elbette biraz zaman istiyor ama vatanda\u015f art\u0131k Mustafa G\u00fcltak\u2019a g\u00fcveniyor ve s\u00f6ylediklerini dikkate al\u0131yor. Bunu da s\u00f6zle de\u011fil, yapt\u0131klar\u0131m\u0131zla, icraatlar\u0131m\u0131z ile bunu sa\u011flad\u0131k. Akdeniz\u2019e art\u0131k huzur, bar\u0131\u015f ve karde\u015flik geldi. Asla hi\u00e7bir ay\u0131r\u0131m yapmadan t\u00fcm vatanda\u015flar\u0131m\u0131z\u0131 kucaklamaya devam edece\u011fiz. Halk\u0131m\u0131z\u0131n bize olan inanc\u0131 ve g\u00fcveniyle Akdeniz\u2019i de\u011fi\u015ftirmeye devam edece\u011fiz\u201d \u015feklinde konu\u015ftu.<\/p>\n","protected":false},"excerpt":{"rendered":"<p>Akdeniz Belediye Ba\u015fkan\u0131 M. Mustafa G\u00fcltak, bir radyo program\u0131nda kat\u0131ld\u0131\u011f\u0131 canl\u0131 yay\u0131nda, \u201c14 May\u0131s\u2019ta ger\u00e7ekle\u015fen Cumhurba\u015fkan\u0131 ve 28. D\u00f6nem Milletvekili Se\u00e7imlerinin\u201d sonu\u00e7lar\u0131na ili\u015fkin de\u011ferlendirme yapt\u0131; Cumhur \u0130ttifak\u0131\u2019n\u0131n hem T\u00fcrkiye hem &hellip; <a href=\"https:\/\/akdenizolaygazetesi.com\/?p=25826\" class=\"more-link\">Devam\u0131n\u0131 Oku&#8230;<\/a><\/p>\n","protected":false},"author":2,"featured_media":25827,"comment_status":"open","ping_status":"open","sticky":false,"template":"","format":"standard","meta":[],"categories":[8,2,3,5],"tags":[],"_links":{"self":[{"href":"https:\/\/akdenizolaygazetesi.com\/index.php?rest_route=\/wp\/v2\/posts\/25826"}],"collection":[{"href":"https:\/\/akdenizolaygazetesi.com\/index.php?rest_route=\/wp\/v2\/posts"}],"about":[{"href":"https:\/\/akdenizolaygazetesi.com\/index.php?rest_route=\/wp\/v2\/types\/post"}],"author":[{"embeddable":true,"href":"https:\/\/akdenizolaygazetesi.com\/index.php?rest_route=\/wp\/v2\/users\/2"}],"replies":[{"embeddable":true,"href":"https:\/\/akdenizolaygazetesi.com\/index.php?rest_route=%2Fwp%2Fv2%2Fcomments&post=25826"}],"version-history":[{"count":1,"href":"https:\/\/akdenizolaygazetesi.com\/index.php?rest_route=\/wp\/v2\/posts\/25826\/revisions"}],"predecessor-version":[{"id":25828,"href":"https:\/\/akdenizolaygazetesi.com\/index.php?rest_route=\/wp\/v2\/posts\/25826\/revisions\/25828"}],"wp:featuredmedia":[{"embeddable":true,"href":"https:\/\/akdenizolaygazetesi.com\/index.php?rest_route=\/wp\/v2\/media\/25827"}],"wp:attachment":[{"href":"https:\/\/akdenizolaygazetesi.com\/index.php?rest_route=%2Fwp%2Fv2%2Fmedia&parent=25826"}],"wp:term":[{"taxonomy":"category","embeddable":true,"href":"https:\/\/akdenizolaygazetesi.com\/index.php?rest_route=%2Fwp%2Fv2%2Fcategories&post=25826"},{"taxonomy":"post_tag","embeddable":true,"href":"https:\/\/akdenizolaygazetesi.com\/index.php?rest_route=%2Fwp%2Fv2%2Ftags&post=25826"}],"curies":[{"name":"wp","href":"https:\/\/api.w.org\/{rel}","templated":true}]}}