{"id":25832,"date":"2023-05-18T13:03:36","date_gmt":"2023-05-18T10:03:36","guid":{"rendered":"http:\/\/akdenizolaygazetesi.com\/?p=25832"},"modified":"2023-05-18T13:03:36","modified_gmt":"2023-05-18T10:03:36","slug":"mersinde-yangin-ekipleri-isbasi-egitimleri-tamamlandi","status":"publish","type":"post","link":"https:\/\/akdenizolaygazetesi.com\/?p=25832","title":{"rendered":"Mersin\u2019de Yang\u0131n Ekipleri \u0130\u015fba\u015f\u0131 E\u011fitimleri Tamamland\u0131"},"content":{"rendered":"<p>Mersin Orman B\u00f6lge M\u00fcd\u00fcrl\u00fc\u011f\u00fc 2023 y\u0131l\u0131 \u2018yang\u0131n ekibi i\u015fba\u015f\u0131 e\u011fitimleri\u2019 tamamland\u0131. <\/p>\n<p>Tatbikata Mersin Orman B\u00f6lge M\u00fcd\u00fcr\u00fc Mustafa Yal\u00e7\u0131n, B\u00f6lge M\u00fcd\u00fcr Yard\u0131mc\u0131s\u0131 Ali Ki\u015fi, Orman Yang\u0131nlar\u0131 ile M\u00fccadele \u015eube M\u00fcd\u00fcr\u00fc Mehmet Alper, i\u015fletme m\u00fcd\u00fcrleri, \u00d6z Orman-\u0130\u015f Sendikas\u0131 Mersin \u015eube Ba\u015fkan\u0131 Halim Ta\u015fk\u0131n, m\u00fcd\u00fcr yard\u0131mc\u0131lar\u0131, orman i\u015fletme \u015fefleri, orman muhafaza memurlar\u0131, i\u015f\u00e7iler ve g\u00f6n\u00fcll\u00fcler kat\u0131ld\u0131.<\/p>\n<p>Yang\u0131n organizasyonu, orman yang\u0131nlar\u0131 ve m\u00fcdahale, i\u015f sa\u011fl\u0131\u011f\u0131 ve g\u00fcvenli\u011fi konular\u0131nda e\u011fitim verilmesinin ard\u0131ndan, aroz\u00f6z ekipmanlar\u0131n\u0131n do\u011fru ve seri kullan\u0131m\u0131 uygulamal\u0131 olarak anlat\u0131ld\u0131.<\/p>\n<p>B\u00f6lge M\u00fcd\u00fcr\u00fc Yal\u00e7\u0131n, yang\u0131n ekiplerinin uymas\u0131 gereken kurallara dikkat \u00e7ekerek, Orman \u0130\u015fletme M\u00fcd\u00fcrl\u00fcklerine, makine, ekipman ve koruyucu donan\u0131m malzemelerinin do\u011fru kullan\u0131m\u0131ndan \u00f6t\u00fcr\u00fc te\u015fekk\u00fcr ederek az hasarl\u0131 bir y\u0131l diledi.<\/p>\n<p>Mersin Orman B\u00f6lge M\u00fcd\u00fcrl\u00fc\u011f\u00fc olarak yang\u0131n sezonunda vatanda\u015flar\u0131m\u0131z\u0131n orman yang\u0131nlar\u0131 konusunda hassas olmalar\u0131n\u0131 bekliyor, herhangi bir yang\u0131n ve duman g\u00f6rd\u00fcklerinde \u201cAlo 112\u201d yang\u0131n ihbar hatt\u0131na bildirmelerini talep ediyoruz. <\/p>\n","protected":false},"excerpt":{"rendered":"<p>Mersin Orman B\u00f6lge M\u00fcd\u00fcrl\u00fc\u011f\u00fc 2023 y\u0131l\u0131 \u2018yang\u0131n ekibi i\u015fba\u015f\u0131 e\u011fitimleri\u2019 tamamland\u0131. Tatbikata Mersin Orman B\u00f6lge M\u00fcd\u00fcr\u00fc Mustafa Yal\u00e7\u0131n, B\u00f6lge M\u00fcd\u00fcr Yard\u0131mc\u0131s\u0131 Ali Ki\u015fi, Orman Yang\u0131nlar\u0131 ile M\u00fccadele \u015eube M\u00fcd\u00fcr\u00fc Mehmet &hellip; <a href=\"https:\/\/akdenizolaygazetesi.com\/?p=25832\" class=\"more-link\">Devam\u0131n\u0131 Oku&#8230;<\/a><\/p>\n","protected":false},"author":2,"featured_media":25833,"comment_status":"open","ping_status":"open","sticky":false,"template":"","format":"standard","meta":[],"categories":[2,3,5],"tags":[],"_links":{"self":[{"href":"https:\/\/akdenizolaygazetesi.com\/index.php?rest_route=\/wp\/v2\/posts\/25832"}],"collection":[{"href":"https:\/\/akdenizolaygazetesi.com\/index.php?rest_route=\/wp\/v2\/posts"}],"about":[{"href":"https:\/\/akdenizolaygazetesi.com\/index.php?rest_route=\/wp\/v2\/types\/post"}],"author":[{"embeddable":true,"href":"https:\/\/akdenizolaygazetesi.com\/index.php?rest_route=\/wp\/v2\/users\/2"}],"replies":[{"embeddable":true,"href":"https:\/\/akdenizolaygazetesi.com\/index.php?rest_route=%2Fwp%2Fv2%2Fcomments&post=25832"}],"version-history":[{"count":1,"href":"https:\/\/akdenizolaygazetesi.com\/index.php?rest_route=\/wp\/v2\/posts\/25832\/revisions"}],"predecessor-version":[{"id":25834,"href":"https:\/\/akdenizolaygazetesi.com\/index.php?rest_route=\/wp\/v2\/posts\/25832\/revisions\/25834"}],"wp:featuredmedia":[{"embeddable":true,"href":"https:\/\/akdenizolaygazetesi.com\/index.php?rest_route=\/wp\/v2\/media\/25833"}],"wp:attachment":[{"href":"https:\/\/akdenizolaygazetesi.com\/index.php?rest_route=%2Fwp%2Fv2%2Fmedia&parent=25832"}],"wp:term":[{"taxonomy":"category","embeddable":true,"href":"https:\/\/akdenizolaygazetesi.com\/index.php?rest_route=%2Fwp%2Fv2%2Fcategories&post=25832"},{"taxonomy":"post_tag","embeddable":true,"href":"https:\/\/akdenizolaygazetesi.com\/index.php?rest_route=%2Fwp%2Fv2%2Ftags&post=25832"}],"curies":[{"name":"wp","href":"https:\/\/api.w.org\/{rel}","templated":true}]}}